{"id":121294,"date":"2025-09-17T17:48:08","date_gmt":"2025-09-17T17:48:08","guid":{"rendered":"https:\/\/www.europesays.com\/es\/121294\/"},"modified":"2025-09-17T17:48:08","modified_gmt":"2025-09-17T17:48:08","slug":"antonio-fofirca-el-hombre-record-de-wow-con-100-de-finalizaciones-en-el-primer-asalto","status":"publish","type":"post","link":"https:\/\/www.europesays.com\/es\/121294\/","title":{"rendered":"Antonio Fofirca, el &#8216;hombre r\u00e9cord&#8217; de WOW con 100% de finalizaciones en el primer asalto"},"content":{"rendered":"<p data-mrf-recirculation=\"Links P\u00e1rrafos\" class=\"ue-c-article__paragraph paragraph ue-c-article--first-letter-highlighted\">Hay cosas en esta vida que se entrenan, y otras que no.<strong> Antonio Fofirca<\/strong> (2-0) tiene magia, el<strong> aura <\/strong>de un peleador destinado hacer<strong> cosas grandes <\/strong>en el mundo de las MMA. Con 22 a\u00f1os, &#8216;El Diamante&#8217; ha decidido <strong>dar el salto<\/strong> a profesional hace unos meses, y acumula <strong>dos finalizaciones<\/strong> en el primer asalto que han elevado por las nubes el <strong>hype<\/strong> sobre su figura. Para m\u00e1s inri, Fofirca ha conseguido el <strong>bono por desempe\u00f1o<\/strong> en ambas ocasiones, y tiene intenci\u00f3n de<strong> volver<\/strong> a la jaula antes de que acabe el a\u00f1o para seguir con su ascenso mete\u00f3rico.<\/p>\n<p data-mrf-recirculation=\"Links P\u00e1rrafos\" class=\"ue-c-article__paragraph paragraph\">Desde su etapa en amateur, se ve\u00eda Antonio un peleador<strong> diferente.<\/strong> El pasado 12 de abril, &#8216;El Diamante&#8217; viaj\u00f3 hasta <strong>Sevilla<\/strong> para enfrentarse en el WOW 18 a <strong>Jes\u00fas Basco. <\/strong>En territorio enemigo, con todo el p\u00fablico en contra, Fofirca <strong>noque\u00f3<\/strong> al sevillano en apenas <strong>10 segundos <\/strong>para silenciar el pabell\u00f3n. Adem\u00e1s, se llev\u00f3 el bono por desempe\u00f1o de<strong> 3.000 \u20ac <\/strong>que termin\u00f3 de impulsarle al foco medi\u00e1tico. \u00abLo m\u00e1s impresionante es que Antonio viene del <strong>jiu-jitsu<\/strong>, y ha noqueado\u00bb, confesaba Nacho Campos -compa\u00f1ero en &#8216;The Black Panther&#8217; y tambi\u00e9n vencedor en esa cartelera-.<\/p>\n<blockquote class=\"ue-c-article__blockquote\">\n<p>Cuando vi la oportunidad le llev\u00e9 al suelo, que para algo lo hab\u00edamos entrenado y era parte de la estrategia<\/p>\n<p>Antonio Fofirca, a MARCA<\/p><\/blockquote>\n<p data-mrf-recirculation=\"Links P\u00e1rrafos\" class=\"ue-c-article__paragraph paragraph\">Las palabras de Campos cobraron sentido el pasado<strong> s\u00e1bado<\/strong>. Fofirca volv\u00eda a subirse al oct\u00e1gono de WOW, pero esta vez en frente de <strong>su p\u00fablico<\/strong>. Su rival, Erasmo Silva (1-1), desde el inicio prob\u00f3 en sus carnes lo que supone enfrentarte a &#8216;El Diamante&#8217;. Primero en el <strong>striking,<\/strong> y luego en el grappling, Antonio demostr\u00f3 que hay <strong>niveles y niveles.<\/strong> El suyo es de \u00e9lite. Con una <strong>llave de tal\u00f3n <\/strong>en poco m\u00e1s de un minuto, sum\u00f3 su segunda victoria profesional y volvi\u00f3 a llevarse<strong> otro bono <\/strong>por\u00a0desempe\u00f1o. Dos de dos, mejor imposible.<\/p>\n<p data-mrf-recirculation=\"Links P\u00e1rrafos\" class=\"ue-c-article__paragraph paragraph\">\u00abNos esper\u00e1bamos un rival <strong>m\u00e1s agresivo<\/strong>, pero es cierto que desde el principio ya le hemos hecho <strong>da\u00f1o.<\/strong> Con el pateo ya le sent\u00ed inc\u00f3modo, y cuando intent\u00f3 acortar distancias le volv\u00ed a <strong>conectar<\/strong> fuerte. Cuando vi la oportunidad le llev\u00e9 al suelo, que para algo lo hab\u00edamos <strong>entrenado<\/strong> y era parte de la estrategia. <strong>Nada es casualidad<\/strong>\u00ab, afirm\u00f3 Fofirca a MARCA minutos despu\u00e9s de su combate.<\/p>\n<p>Un combate m\u00e1s en 2025<\/p>\n<p data-mrf-recirculation=\"Links P\u00e1rrafos\" class=\"ue-c-article__paragraph paragraph\">A pesar de sumar <strong>dos victorias<\/strong> durante este a\u00f1o, Fofirca es<strong> insaciable<\/strong>, y ya tiene en mente su pr\u00f3xima pelea. Su intenci\u00f3n es realizar <strong>otro combate <\/strong>m\u00e1s en 2025, obviamente en WOW, y poner de esta manera la <strong>guinda del pastel <\/strong>a un a\u00f1o que est\u00e1 marcando un antes y un despu\u00e9s en su carrera. \u00abNos volveremos a ver <strong>muy pronto<\/strong>, y nos volveremos a ver este a\u00f1o\u00bb, confes\u00f3 a MARCA &#8216;El Diamante&#8217;.<\/p>\n<blockquote class=\"ue-c-article__blockquote\">\n<p>Nos volveremos a ver muy pronto, y nos volveremos a ver este a\u00f1o<\/p>\n<p>Antonio Fofirca, a MARCA<\/p><\/blockquote>\n<p data-mrf-recirculation=\"Links P\u00e1rrafos\" class=\"ue-c-article__paragraph paragraph\">Esta entrevista se realiz\u00f3 <strong>antes<\/strong> de que acabase el evento, por lo que Fofirca todav\u00eda <strong>no sab\u00eda <\/strong>si hab\u00eda ganado el bono por desempe\u00f1o. \u00abEso est\u00e1 en manos de los<strong> jefes,<\/strong> as\u00ed que espero que les haya gustado mi actuaci\u00f3n tanto como al p\u00fablico. <strong>Ojal\u00e1<\/strong> me lleve el bono, me vendr\u00eda muy bien\u00bb. En Sevilla, tanto \u00e9l como <strong>Nacho Campos <\/strong>se llevaron los dos bonos del evento, y ambos afirmaron que este dinero extra a peleadores como ellos <strong>les daba la vida.<\/strong> Ese plus econ\u00f3mico puede cambiar la carrera de un peleador, m\u00e1s si cabe la de un <strong>talento <\/strong>tan grande como Antonio.<\/p>\n<p data-mrf-recirculation=\"Links P\u00e1rrafos\" class=\"ue-c-article__paragraph paragraph\"><strong>&#8216;The Black Panther&#8217;<\/strong> se caracteriza por exportar una gran cantidad de talento, y en Fofirca tienen una<strong> mina de oro. <\/strong>\u00abSiento gratitud, satisfacci\u00f3n, <strong>orgullo <\/strong>por todo el sacrificio que hemos hecho. No soy un t\u00edo de redes sociales, ni que le guste<strong> llamar la atenci\u00f3n<\/strong>. Prefiero ser el t\u00edo currante que habla en el oct\u00e1gono. Todo el <strong>esfuerzo <\/strong>que hemos puesto en la pelea ha merecido la pena y por fin el sacrificio est\u00e1<strong> dando sus frutos<\/strong>\u00ab, finaliz\u00f3 &#8216;El Diamante&#8217;. Su nombre dar\u00e1 <strong>mucho que hablar <\/strong>en el peso ligero pr\u00f3ximamente.<\/p>\n","protected":false},"excerpt":{"rendered":"Hay cosas en esta vida que se entrenan, y otras que no. Antonio Fofirca (2-0) tiene magia, el&hellip;\n","protected":false},"author":2,"featured_media":121295,"comment_status":"","ping_status":"","sticky":false,"template":"","format":"standard","meta":{"footnotes":""},"categories":[276],"tags":[168,25,24,23,167,343],"class_list":{"0":"post-121294","1":"post","2":"type-post","3":"status-publish","4":"format-standard","5":"has-post-thumbnail","7":"category-ufc","8":"tag-deportes","9":"tag-es","10":"tag-espana","11":"tag-spain","12":"tag-sports","13":"tag-ufc"},"share_on_mastodon":{"url":"","error":""},"_links":{"self":[{"href":"https:\/\/www.europesays.com\/es\/wp-json\/wp\/v2\/posts\/121294","targetHints":{"allow":["GET"]}}],"collection":[{"href":"https:\/\/www.europesays.com\/es\/wp-json\/wp\/v2\/posts"}],"about":[{"href":"https:\/\/www.europesays.com\/es\/wp-json\/wp\/v2\/types\/post"}],"author":[{"embeddable":true,"href":"https:\/\/www.europesays.com\/es\/wp-json\/wp\/v2\/users\/2"}],"replies":[{"embeddable":true,"href":"https:\/\/www.europesays.com\/es\/wp-json\/wp\/v2\/comments?post=121294"}],"version-history":[{"count":0,"href":"https:\/\/www.europesays.com\/es\/wp-json\/wp\/v2\/posts\/121294\/revisions"}],"wp:featuredmedia":[{"embeddable":true,"href":"https:\/\/www.europesays.com\/es\/wp-json\/wp\/v2\/media\/121295"}],"wp:attachment":[{"href":"https:\/\/www.europesays.com\/es\/wp-json\/wp\/v2\/media?parent=121294"}],"wp:term":[{"taxonomy":"category","embeddable":true,"href":"https:\/\/www.europesays.com\/es\/wp-json\/wp\/v2\/categories?post=121294"},{"taxonomy":"post_tag","embeddable":true,"href":"https:\/\/www.europesays.com\/es\/wp-json\/wp\/v2\/tags?post=121294"}],"curies":[{"name":"wp","href":"https:\/\/api.w.org\/{rel}","templated":true}]}}