{"id":121296,"date":"2025-09-17T17:50:12","date_gmt":"2025-09-17T17:50:12","guid":{"rendered":"https:\/\/www.europesays.com\/es\/121296\/"},"modified":"2025-09-17T17:50:12","modified_gmt":"2025-09-17T17:50:12","slug":"murcia-y-sevilla-buscan-al-nuevo-alcaraz-en-la-babolat-cup","status":"publish","type":"post","link":"https:\/\/www.europesays.com\/es\/121296\/","title":{"rendered":"Murcia y Sevilla buscan al nuevo Alcaraz en la Babolat Cup"},"content":{"rendered":"<p class=\"\"><b>La Babolat Cup<\/b> retoma su actividad este mes de septiembre tras el par\u00f3n veraniego en busca de futuras perlas del tenis. Un torneo del que sali\u00f3 <b>una de las grandes figuras del tenis mundial como Carlos Alcaraz<\/b>, que se proclam\u00f3 campe\u00f3n de la competici\u00f3n en 2017 antes de dar el salto a profesionales.<\/p>\n<p class=\"\">Tras la disputa del primer torneo de la competici\u00f3n en Zaragoza el pasado mes de julio, <b>la Babolat Cup ya tiene abierta la inscripci\u00f3n para sus dos pr\u00f3ximos torneos en Murcia y Sevilla,<\/b> de donde, qui\u00e9n sabe, puede salir un nuevo Alcaraz.<\/p>\n<p class=\"\">Murcia acoger\u00e1 el regreso de la<b> <\/b><a href=\"https:\/\/www.babolat.com\/es\/babolat-cup-murcia-ninos\/SP3BBC.html\" target=\"_self\" rel=\"nofollow noopener\" title=\"https:\/\/www.babolat.com\/es\/babolat-cup-murcia-ninos\/SP3BBC.html\"><b>Babolat Cup Murcia<\/b><\/a><b> con el torneo que se celebrar\u00e1 en las instalaciones de la Real Sociedad Club de Campo de El Palmar (Murcia),<\/b> donde Carlos Alcaraz se inici\u00f3 en el tenis, del 22 al 28 de septiembre.<\/p>\n<p>Noticias relacionadas<\/p>\n<p class=\"\">Una semana despu\u00e9s la competici\u00f3n har\u00e1 parada en Sevilla para la disputa de la <a href=\"https:\/\/www.babolat.com\/es\/babolat-cup-sevilla-ninos\/SP5BBC.html\" target=\"_self\" rel=\"nofollow noopener\" title=\"https:\/\/www.babolat.com\/es\/babolat-cup-sevilla-ninos\/SP5BBC.html\"><b>Babolat Cup Sevilla <\/b><\/a><b>en las instalaciones del Club R\u00edo Grande en un torneo que se celebrar\u00e1 del 27 de septiembre al 4 de octubre<\/b>. Dos torneos en los que Babolat, proveedor de raquetas de Carlos Alcaraz, espera encontrar a futuras perlas del tenis que emulen los pasos del ganador de seis Grand Slam.<\/p>\n<p class=\"\"><b>\u00a1Tus opiniones importan!<\/b> Comenta en los art\u00edculos y suscr\u00edbete gratis a nuestra <a href=\"https:\/\/asfan.as.com\/newsletters\/\" target=\"_blank\" rel=\"nofollow noopener\" title=\"https:\/\/asfan.as.com\/newsletters\/\">newsletter<\/a> y a las alertas informativas en la <a href=\"https:\/\/as.com\/aplicacion-de-as-n\/\" target=\"_blank\" rel=\"nofollow noopener\" title=\"https:\/\/as.com\/aplicacion-de-as-n\/\">App<\/a> o el canal de <a href=\"https:\/\/www.whatsapp.com\/channel\/0029VaAasdA7j6g745nz9M10\" target=\"_blank\" rel=\"nofollow noopener\" title=\"https:\/\/www.whatsapp.com\/channel\/0029VaAasdA7j6g745nz9M10\">WhatsApp<\/a>. \u00bfBuscas licenciar contenido? Haz clic <a href=\"https:\/\/profesional.elpais.com\/soluciones-sindicacion?utm_medium=interno&amp;utm_source=crosslinking&amp;utm_campaign=sindicacion_as_pie_articulos\" target=\"_blank\" rel=\"nofollow noopener\" title=\"https:\/\/profesional.elpais.com\/soluciones-sindicacion?utm_medium=interno&amp;utm_source=crosslinking&amp;utm_campaign=sindicacion_as_pie_articulos\">aqu\u00ed<\/a><\/p>\n","protected":false},"excerpt":{"rendered":"La Babolat Cup retoma su actividad este mes de septiembre tras el par\u00f3n veraniego en busca de futuras&hellip;\n","protected":false},"author":2,"featured_media":121297,"comment_status":"","ping_status":"","sticky":false,"template":"","format":"standard","meta":{"footnotes":""},"categories":[274],"tags":[168,25,24,23,167,327,326],"class_list":{"0":"post-121296","1":"post","2":"type-post","3":"status-publish","4":"format-standard","5":"has-post-thumbnail","7":"category-tenis","8":"tag-deportes","9":"tag-es","10":"tag-espana","11":"tag-spain","12":"tag-sports","13":"tag-tenis","14":"tag-tennis"},"share_on_mastodon":{"url":"","error":""},"_links":{"self":[{"href":"https:\/\/www.europesays.com\/es\/wp-json\/wp\/v2\/posts\/121296","targetHints":{"allow":["GET"]}}],"collection":[{"href":"https:\/\/www.europesays.com\/es\/wp-json\/wp\/v2\/posts"}],"about":[{"href":"https:\/\/www.europesays.com\/es\/wp-json\/wp\/v2\/types\/post"}],"author":[{"embeddable":true,"href":"https:\/\/www.europesays.com\/es\/wp-json\/wp\/v2\/users\/2"}],"replies":[{"embeddable":true,"href":"https:\/\/www.europesays.com\/es\/wp-json\/wp\/v2\/comments?post=121296"}],"version-history":[{"count":0,"href":"https:\/\/www.europesays.com\/es\/wp-json\/wp\/v2\/posts\/121296\/revisions"}],"wp:featuredmedia":[{"embeddable":true,"href":"https:\/\/www.europesays.com\/es\/wp-json\/wp\/v2\/media\/121297"}],"wp:attachment":[{"href":"https:\/\/www.europesays.com\/es\/wp-json\/wp\/v2\/media?parent=121296"}],"wp:term":[{"taxonomy":"category","embeddable":true,"href":"https:\/\/www.europesays.com\/es\/wp-json\/wp\/v2\/categories?post=121296"},{"taxonomy":"post_tag","embeddable":true,"href":"https:\/\/www.europesays.com\/es\/wp-json\/wp\/v2\/tags?post=121296"}],"curies":[{"name":"wp","href":"https:\/\/api.w.org\/{rel}","templated":true}]}}