{"id":121298,"date":"2025-09-17T17:51:10","date_gmt":"2025-09-17T17:51:10","guid":{"rendered":"https:\/\/www.europesays.com\/es\/121298\/"},"modified":"2025-09-17T17:51:10","modified_gmt":"2025-09-17T17:51:10","slug":"aridany-romero-no-podemos-blanquear-la-imagen-de-israel-a-traves-del-deporte","status":"publish","type":"post","link":"https:\/\/www.europesays.com\/es\/121298\/","title":{"rendered":"Aridany Romero: \u00abNo podemos blanquear la imagen de Israel a trav\u00e9s del deporte\u00bb"},"content":{"rendered":"<p><a class=\"v-mdl-ath__fig-a\" href=\"https:\/\/www.canarias7.es\/autor\/daniel-herrera-rodriguez-6598.html\" title=\"Daniel Herrera Rodr\u00edguez\" rel=\"nofollow noopener\" target=\"_blank\"><br \/>\n<img decoding=\"async\" class=\"v-mdl-ath__img\" src=\"https:\/\/www.europesays.com\/es\/wp-content\/uploads\/2025\/08\/autor-6598-foto-1.jpeg\" alt=\"Daniel Herrera Rodr\u00edguez\"\/><br \/>\n<\/a><\/p>\n<p class=\"v-mdl-ath__p v-mdl-ath__p--6\">\nMi\u00e9rcoles, 17 de septiembre 2025, 12:01<\/p>\n<p class=\"v-p\">El consejero de Deportes del Cabildo de Gran Canaria, <strong>Aridany Romero, <\/strong>se mostr\u00f3 en total sinton\u00eda con el presidente de la administraci\u00f3n insular, <strong>Antonio Morales<\/strong>, y con el gobierno grancanario en la firme oposici\u00f3n de acoger etapa alguna de la <strong>Vuelta Ciclista a Espa\u00f1a<\/strong> si participa en ella el <strong>equipo Israel Premier-Tech<\/strong>, aseverando que \u00abno podemos blanquear la imagen\u00bb de este pa\u00eds \u00aba trav\u00e9s del deporte\u00bb. <\/p>\n<p class=\"v-p\">En una entrevista en el programa <strong>El Drago<\/strong> de <strong>Ser Las Palmas<\/strong>, Romero se\u00f1al\u00f3 que \u00abentendemos, por el cariz que estaban tomando las cosas, no solo por las manifestaciones que se estaban desarrollando en la Vuelta, que no deb\u00edamos alinear el nombre de Gran Canaria en una competici\u00f3n en la que participa un equipo cuyo propietario se ha mostrado en todas sus manifestaciones a favor de las pol\u00edticas de <strong>Netanyahu <\/strong>-primer ministro israel\u00ed-, adem\u00e1s de jactarse de ser amigo \u00edntimo de \u00e9l\u00bb. <\/p>\n<p class=\"v-p\">\u00abPor tanto, tambi\u00e9n desde el Cabildo insular de Gran Canaria queremos condenar el genocidio. Por ello me sum\u00e9 a los colectivos en la <strong>Plaza de Santa Ana<\/strong>, donde se ley\u00f3 esa nefasta lista de ni\u00f1os y ni\u00f1as que han sido asesinados por el Estado de Israel. Al final del acto se dec\u00eda una frase que creo que es clave: no al blanqueamiento del Estado de Israel a trav\u00e9s del deporte\u00bb, recalc\u00f3. <\/p>\n<p class=\"v-p\">En su opini\u00f3n, \u00abno hay neutralidad deportiva cuando se admite el blanqueo. Si en una prueba deportiva se permite a un equipo deliberadamente utilizar su presencia para blanquear el genocidio, ni siquiera la competici\u00f3n esa ya es neutral. Por tanto, queremos ser claros y n\u00edtidos. No queremos alinear el nombre de Gran Canaria a todas estas pr\u00e1cticas\u00bb, incidi\u00f3. <\/p>\n<p class=\"v-p\">Romero explic\u00f3 tambi\u00e9n que manifest\u00f3 \u00abpersonalmente\u00bb su preocupaci\u00f3n al propio Javier Guill\u00e9n, director de la principal ronda espa\u00f1ola, el cual \u00abentendi\u00f3 perfectamente y no lo criticaba\u00bb. <\/p>\n<p class=\"v-p\">Cabe recordar que, pese a no haberse hecho oficial a\u00fan por parte de la propia organizaci\u00f3n, la Vuelta a Espa\u00f1a tiene previsto incluir a Canarias en la edici\u00f3n del pr\u00f3ximo a\u00f1o, lo que supondr\u00eda la vuelta a las islas<strong> 38 a\u00f1os despu\u00e9s, tras la cita de 1988, <\/strong>que fue la \u00fanica que se pudo disfrutar en el archipi\u00e9lago.<\/p>\n<p><a href=\"http:\/\/www.canarias7.es\/canarias\/gran-canaria\/antonio-morales-gran-canaria-acogera-vuelta-ciclista-20250915163932-nt.html#vtm_modulosEngag=mod-rel:deportes:noticia:1:cmp:2-not\" class=\"v-a-link\" title=\"Antonio Morales: \u00abGran Canaria no acoger\u00e1 la Vuelta Ciclista a Espa\u00f1a si participa Israel\u00bb\" rel=\"nofollow noopener\" target=\"_blank\"><br \/>\n<img decoding=\"async\" loading=\"lazy\" class=\"v-a-img\" src=\"https:\/\/www.europesays.com\/es\/wp-content\/uploads\/2025\/09\/gaza (2).jpeg\" alt=\"Antonio Morales: \u00abGran Canaria no acoger\u00e1 la Vuelta Ciclista a Espa\u00f1a si participa Israel\u00bb\"\/><br \/>\n<\/a><\/p>\n<p><a href=\"http:\/\/www.canarias7.es\/politica\/torres-critica-relevancia-suspension-vuelta-conflicto-gaza-20250915105335-nt.html#vtm_modulosEngag=mod-rel:deportes:noticia:2:cmp:2-not\" class=\"v-a-link\" title=\"Torres critica que se d\u00e9 m\u00e1s relevancia a la suspensi\u00f3n de la Vuelta que al conflicto en Gaza\" rel=\"nofollow noopener\" target=\"_blank\"><br \/>\n<img decoding=\"async\" loading=\"lazy\" class=\"v-a-img\" src=\"https:\/\/www.europesays.com\/es\/wp-content\/uploads\/2025\/09\/torres-k8ZC--366x256@Canarias7.jpg\" alt=\"Torres critica que se d\u00e9 m\u00e1s relevancia a la suspensi\u00f3n de la Vuelta que al conflicto en Gaza\"\/><br \/>\n<\/a><\/p>\n<p>Comenta<\/p>\n<p>Reporta un error<\/p>\n","protected":false},"excerpt":{"rendered":"Mi\u00e9rcoles, 17 de septiembre 2025, 12:01 El consejero de Deportes del Cabildo de Gran Canaria, Aridany Romero, se&hellip;\n","protected":false},"author":2,"featured_media":121299,"comment_status":"","ping_status":"","sticky":false,"template":"","format":"standard","meta":{"footnotes":""},"categories":[273],"tags":[39978,34235,313,312,634,168,25,24,1157,74,6067,13603,23,167,3230],"class_list":{"0":"post-121298","1":"post","2":"type-post","3":"status-publish","4":"format-standard","5":"has-post-thumbnail","7":"category-ciclismo","8":"tag-aridany","9":"tag-blanquear","10":"tag-ciclismo","11":"tag-cycling","12":"tag-deporte","13":"tag-deportes","14":"tag-es","15":"tag-espana","16":"tag-imagen","17":"tag-israel","18":"tag-podemos","19":"tag-romero","20":"tag-spain","21":"tag-sports","22":"tag-traves"},"share_on_mastodon":{"url":"","error":""},"_links":{"self":[{"href":"https:\/\/www.europesays.com\/es\/wp-json\/wp\/v2\/posts\/121298","targetHints":{"allow":["GET"]}}],"collection":[{"href":"https:\/\/www.europesays.com\/es\/wp-json\/wp\/v2\/posts"}],"about":[{"href":"https:\/\/www.europesays.com\/es\/wp-json\/wp\/v2\/types\/post"}],"author":[{"embeddable":true,"href":"https:\/\/www.europesays.com\/es\/wp-json\/wp\/v2\/users\/2"}],"replies":[{"embeddable":true,"href":"https:\/\/www.europesays.com\/es\/wp-json\/wp\/v2\/comments?post=121298"}],"version-history":[{"count":0,"href":"https:\/\/www.europesays.com\/es\/wp-json\/wp\/v2\/posts\/121298\/revisions"}],"wp:featuredmedia":[{"embeddable":true,"href":"https:\/\/www.europesays.com\/es\/wp-json\/wp\/v2\/media\/121299"}],"wp:attachment":[{"href":"https:\/\/www.europesays.com\/es\/wp-json\/wp\/v2\/media?parent=121298"}],"wp:term":[{"taxonomy":"category","embeddable":true,"href":"https:\/\/www.europesays.com\/es\/wp-json\/wp\/v2\/categories?post=121298"},{"taxonomy":"post_tag","embeddable":true,"href":"https:\/\/www.europesays.com\/es\/wp-json\/wp\/v2\/tags?post=121298"}],"curies":[{"name":"wp","href":"https:\/\/api.w.org\/{rel}","templated":true}]}}