{"id":121312,"date":"2025-09-17T17:59:09","date_gmt":"2025-09-17T17:59:09","guid":{"rendered":"https:\/\/www.europesays.com\/es\/121312\/"},"modified":"2025-09-17T17:59:09","modified_gmt":"2025-09-17T17:59:09","slug":"valoramos-la-salud-y-el-bienestar-fisico-como-un-acto-de-responsabilidad","status":"publish","type":"post","link":"https:\/\/www.europesays.com\/es\/121312\/","title":{"rendered":"\u201cValoramos la salud y el bienestar f\u00edsico como un acto de responsabilidad\u201d"},"content":{"rendered":"<p data-gtm-element-container=\"modulo-texto-link\" class=\"paragraph\">Los seguidores de Justin Bieber no solo conocen su m\u00fasica, tambi\u00e9n han ido descubriendo en los \u00faltimos a\u00f1os c\u00f3mo organiza su vida personal y familiar. El cantante canadiense ha compartido en varias ocasiones peque\u00f1os fragmentos de esa rutina privada, y esta vez lo ha hecho a trav\u00e9s de un dec\u00e1logo publicado en Instagram que refleja los valores que gu\u00edan su d\u00eda a d\u00eda.<\/p>\n<p data-gtm-element-container=\"modulo-texto-link\" class=\"paragraph\">Entre las normas publicadas se inclu\u00edan aspectos como la importancia del descanso, resumido en la frase \u201cvaloramos el descanso como adoraci\u00f3n\u201d. La lista continuaba con referencias a la calidad del trabajo y al esfuerzo por mantener un ritmo sostenible a lo largo de los a\u00f1os.<\/p>\n<blockquote class=\"instagram-media\" data-instgrm-captioned=\"\" data-instgrm-permalink=\"https:\/\/www.instagram.com\/p\/DOl67VZAXVj\/?utm_source=ig_embed&amp;utm_campaign=loading\" data-instgrm-version=\"14\" style=\" background:#FFF; border:0; border-radius:3px; box-shadow:0 0 1px 0 rgba(0,0,0,0.5),0 1px 10px 0 rgba(0,0,0,0.15); margin: 1px; max-width:540px; min-width:326px; padding:0; width:99.375%; width:-webkit-calc(100% - 2px); width:calc(100% - 2px);\"\/>\n<p data-gtm-element-container=\"modulo-texto-link\" class=\"paragraph\">Otro de los puntos se centraba en c\u00f3mo entienden la innovaci\u00f3n. Seg\u00fan el propio texto publicado, \u201cvaloramos la innovaci\u00f3n y hacer avanzar la experiencia humana\u201d. En paralelo, hab\u00eda un apartado dedicado a la salud, descrita como un acto de responsabilidad: \u201cvaloramos la salud y el bienestar f\u00edsico como un acto de responsabilidad\u201d.<\/p>\n<p data-gtm-element-container=\"modulo-texto-link\" class=\"paragraph\">Las normas tambi\u00e9n hac\u00edan referencia al compromiso con el planeta. En ese sentido, se pod\u00eda leer: \u201cvaloramos la sostenibilidad y crear productos que sirvan a la humanidad\u201d. Esa dimensi\u00f3n se completaba con un \u00e9nfasis en la generosidad, destacando que \u201cvaloramos la generosidad y dar con amabilidad tiempo, dinero y respeto a las personas que encontramos en nuestro camino\u201d.<\/p>\n<p>        Lee tambi\u00e9n<\/p>\n<p>    H\u00e9ctor Farr\u00e9s<\/p>\n<p>             <img loading=\"lazy\" decoding=\"async\" data-full-src=\"https:\/\/www.lavanguardia.com\/uploads\/2023\/12\/28\/658d1b334038d.jpeg\" alt=\"Emma Heming Willis quiso celebrar su 16\u00ba aniversario de una manera muy especial.\" width=\"104\" height=\"108\" src=\"https:\/\/www.europesays.com\/es\/wp-content\/uploads\/2025\/09\/658d1b334038d.jpeg\" class=\"lazy\"\/><\/p>\n<p data-gtm-element-container=\"modulo-texto-link\" class=\"paragraph\">El listado cerraba con frases de car\u00e1cter espiritual y de convivencia, como \u201cvaloramos la vida como un regalo y practicamos la gratitud diaria por el d\u00eda que se nos ha dado\u201d o \u201cvaloramos a los seres humanos y creemos en su dignidad y valor eterno\u201d. En conjunto, se trata de una especie de dec\u00e1logo personal que Bieber ha querido presentar como base de su vida en com\u00fan con su familia.<\/p>\n<p><script async src=\"\/\/www.instagram.com\/embed.js\"><\/script><\/p>\n","protected":false},"excerpt":{"rendered":"Los seguidores de Justin Bieber no solo conocen su m\u00fasica, tambi\u00e9n han ido descubriendo en los \u00faltimos a\u00f1os&hellip;\n","protected":false},"author":2,"featured_media":121313,"comment_status":"","ping_status":"","sticky":false,"template":"","format":"standard","meta":{"footnotes":""},"categories":[170],"tags":[146,147,25,24,184,185,23],"class_list":{"0":"post-121312","1":"post","2":"type-post","3":"status-publish","4":"format-standard","5":"has-post-thumbnail","7":"category-musica","8":"tag-entertainment","9":"tag-entretenimiento","10":"tag-es","11":"tag-espana","12":"tag-music","13":"tag-musica","14":"tag-spain"},"share_on_mastodon":{"url":"","error":""},"_links":{"self":[{"href":"https:\/\/www.europesays.com\/es\/wp-json\/wp\/v2\/posts\/121312","targetHints":{"allow":["GET"]}}],"collection":[{"href":"https:\/\/www.europesays.com\/es\/wp-json\/wp\/v2\/posts"}],"about":[{"href":"https:\/\/www.europesays.com\/es\/wp-json\/wp\/v2\/types\/post"}],"author":[{"embeddable":true,"href":"https:\/\/www.europesays.com\/es\/wp-json\/wp\/v2\/users\/2"}],"replies":[{"embeddable":true,"href":"https:\/\/www.europesays.com\/es\/wp-json\/wp\/v2\/comments?post=121312"}],"version-history":[{"count":0,"href":"https:\/\/www.europesays.com\/es\/wp-json\/wp\/v2\/posts\/121312\/revisions"}],"wp:featuredmedia":[{"embeddable":true,"href":"https:\/\/www.europesays.com\/es\/wp-json\/wp\/v2\/media\/121313"}],"wp:attachment":[{"href":"https:\/\/www.europesays.com\/es\/wp-json\/wp\/v2\/media?parent=121312"}],"wp:term":[{"taxonomy":"category","embeddable":true,"href":"https:\/\/www.europesays.com\/es\/wp-json\/wp\/v2\/categories?post=121312"},{"taxonomy":"post_tag","embeddable":true,"href":"https:\/\/www.europesays.com\/es\/wp-json\/wp\/v2\/tags?post=121312"}],"curies":[{"name":"wp","href":"https:\/\/api.w.org\/{rel}","templated":true}]}}