{"id":121319,"date":"2025-09-17T18:04:08","date_gmt":"2025-09-17T18:04:08","guid":{"rendered":"https:\/\/www.europesays.com\/es\/121319\/"},"modified":"2025-09-17T18:04:08","modified_gmt":"2025-09-17T18:04:08","slug":"pusimos-a-prueba-el-iphone-17-pro-y-el-iphone-17-pro-max-de-apple","status":"publish","type":"post","link":"https:\/\/www.europesays.com\/es\/121319\/","title":{"rendered":"Pusimos a prueba el iPhone 17 Pro y el iPhone 17 Pro Max de Apple"},"content":{"rendered":"<p><strong>Calificaci\u00f3n WIRED: 9\/10<\/strong><\/p>\n<p>A primera vista, el iPhone 17 Pro y el iPhone 17 Pro Max parecen una mejora dr\u00e1stica con respecto a sus predecesores. Tienen un aspecto nuevo y fant\u00e1stico, que a\u00f1ade m\u00e1s car\u00e1cter con un dise\u00f1o en dos tonos que resalta la mezcla del chasis de aluminio y el cristal. La \u00abmeseta de la c\u00e1mara\u00bb, como la llama Apple, alarga el m\u00f3dulo de la c\u00e1mara y le da un aspecto y una sensaci\u00f3n m\u00e1s equilibrados. (Aunque tengo que decir que Google lo hizo primero).<\/p>\n<p>Las especificaciones pueden no parecer revolucionarias sobre el papel: una bater\u00eda m\u00e1s grande, una pantalla m\u00e1s brillante, mejor rendimiento y una nueva c\u00e1mara con zoom de teleobjetivo. No hay ninguna caracter\u00edstica en particular que te haga decir: \u00ab\u00a1Vaya!\u00bb. Pero cuando experimentas realmente estas mejoras individuales, se combinan para convertirse en algo m\u00e1s que la suma de sus partes. No hay grandes funciones de IA. Es un iPhone mejor en todos los sentidos.<\/p>\n<p>Subiendo de nivel<\/p>\n<p>Foto: Julian Chokkattu<\/p>\n<p>El color Naranja C\u00f3smico me llamaba, pero Apple me proporcion\u00f3 el iPhone 17 Pro Max Plateado y el iPhone 17 Pro Azul Profundo. Cambi\u00e9 a estos tel\u00e9fonos despu\u00e9s de usar el iPhone Air durante varios d\u00edas, y grit\u00e9: \u00ab\u00a1Mierda!\u00bb, despu\u00e9s de recogerlos. Son m\u00e1s pesados que los modelos iPhone 16 Pro, y parecen ladrillos comparados con el delgado y ligero Air.<\/p>\n<p>Me gusta la meseta de la c\u00e1mara. La separaci\u00f3n en dos tonos del cristal y el aluminio lo hace visualmente m\u00e1s interesante. Se podr\u00eda decir: \u00abEs solo un tel\u00e9fono\u00bb, pero cuando un gadget se ve y se siente muy bien, hace que su uso sea a\u00fan m\u00e1s agradable, y creo que Apple ha hecho un buen trabajo aqu\u00ed. Adem\u00e1s, el tel\u00e9fono ya no se balancea tanto sobre una mesa como antes.<\/p>\n<p>Apple ha cambiado el titanio por el aluminio para aligerar estos voluminosos tel\u00e9fonos, pero el cambio de material tambi\u00e9n mejora la conductividad t\u00e9rmica. Hablar de disipaci\u00f3n t\u00e9rmica no es sexy, pero es una mejora clave en los nuevos iPhone. Cuando est\u00e9s con un juego de gr\u00e1ficos intensivos, tu iPhone empezar\u00e1 a calentarse mientras el procesador hace su trabajo. En cierto punto, si las cosas se calientan demasiado, el procesador empieza a ralentizarse para que no se sobrecaliente, pero esto significa que el rendimiento se resiente, lo que se traduce en tartamudeos y saltos en el juego. Con los modelos iPhone 17 Pro, Apple utiliza por fin un sistema de refrigeraci\u00f3n por c\u00e1mara de vapor para ayudar a disipar el calor.<\/p>\n","protected":false},"excerpt":{"rendered":"Calificaci\u00f3n WIRED: 9\/10 A primera vista, el iPhone 17 Pro y el iPhone 17 Pro Max parecen una&hellip;\n","protected":false},"author":2,"featured_media":121320,"comment_status":"","ping_status":"","sticky":false,"template":"","format":"standard","meta":{"footnotes":""},"categories":[81],"tags":[2823,119,123,124,25,24,2822,117,121,122,1701,23,118,120,39983],"class_list":{"0":"post-121319","1":"post","2":"type-post","3":"status-publish","4":"format-standard","5":"has-post-thumbnail","7":"category-ciencia-y-tecnologia","8":"tag-apple","9":"tag-ciencia","10":"tag-ciencia-y-tecnologia","11":"tag-cienciaytecnologia","12":"tag-es","13":"tag-espana","14":"tag-iphone","15":"tag-science","16":"tag-science-and-technology","17":"tag-scienceandtechnology","18":"tag-smartphones","19":"tag-spain","20":"tag-technology","21":"tag-tecnologia","22":"tag-tips"},"share_on_mastodon":{"url":"","error":""},"_links":{"self":[{"href":"https:\/\/www.europesays.com\/es\/wp-json\/wp\/v2\/posts\/121319","targetHints":{"allow":["GET"]}}],"collection":[{"href":"https:\/\/www.europesays.com\/es\/wp-json\/wp\/v2\/posts"}],"about":[{"href":"https:\/\/www.europesays.com\/es\/wp-json\/wp\/v2\/types\/post"}],"author":[{"embeddable":true,"href":"https:\/\/www.europesays.com\/es\/wp-json\/wp\/v2\/users\/2"}],"replies":[{"embeddable":true,"href":"https:\/\/www.europesays.com\/es\/wp-json\/wp\/v2\/comments?post=121319"}],"version-history":[{"count":0,"href":"https:\/\/www.europesays.com\/es\/wp-json\/wp\/v2\/posts\/121319\/revisions"}],"wp:featuredmedia":[{"embeddable":true,"href":"https:\/\/www.europesays.com\/es\/wp-json\/wp\/v2\/media\/121320"}],"wp:attachment":[{"href":"https:\/\/www.europesays.com\/es\/wp-json\/wp\/v2\/media?parent=121319"}],"wp:term":[{"taxonomy":"category","embeddable":true,"href":"https:\/\/www.europesays.com\/es\/wp-json\/wp\/v2\/categories?post=121319"},{"taxonomy":"post_tag","embeddable":true,"href":"https:\/\/www.europesays.com\/es\/wp-json\/wp\/v2\/tags?post=121319"}],"curies":[{"name":"wp","href":"https:\/\/api.w.org\/{rel}","templated":true}]}}