{"id":121321,"date":"2025-09-17T18:05:09","date_gmt":"2025-09-17T18:05:09","guid":{"rendered":"https:\/\/www.europesays.com\/es\/121321\/"},"modified":"2025-09-17T18:05:09","modified_gmt":"2025-09-17T18:05:09","slug":"bolsas-europeas-cierran-planas-antes-de-la-decision-de-la-fed-puma-sube","status":"publish","type":"post","link":"https:\/\/www.europesays.com\/es\/121321\/","title":{"rendered":"Bolsas europeas cierran planas antes de la decisi\u00f3n de la Fed, Puma sube"},"content":{"rendered":"\n<p class=\"yf-1090901\">Por Tristan Veyet y Johann M Cherian<\/p>\n<p class=\"yf-1090901\">17 sep (Reuters) &#8211; Las bolsas europeas terminaron planas el mi\u00e9rcoles, ya que los inversores evitaron hacer grandes apuestas antes de la decisi\u00f3n de pol\u00edtica monetaria de la Reserva Federal, mientras que Puma subi\u00f3 tras conocerse una oferta de adquisici\u00f3n de la empresa de ropa deportiva.<\/p>\n<p class=\"yf-1090901\">* El \u00edndice paneuropeo STOXX 600 cerr\u00f3 con un descenso del 0,05%, en 550,53 puntos, en su nivel m\u00e1s bajo en una semana.<\/p>\n<p class=\"yf-1090901\">* Se espera que la Fed recorte las tasas en 25 puntos b\u00e1sicos al t\u00e9rmino de su reuni\u00f3n de pol\u00edtica monetaria de dos d\u00edas, que termina el mi\u00e9rcoles, en un momento en que el banco central se enfrenta a se\u00f1ales de debilitamiento del mercado laboral.<\/p>\n<p class=\"yf-1090901\">* Aunque el veredicto est\u00e1 en gran parte descontado, ser\u00e1n los posibles comentarios del presidente de la Fed, Jerome Powell, sobre las perspectivas de la pol\u00edtica monetaria los que mantendr\u00e1n el inter\u00e9s de los inversores.<\/p>\n<p class=\"yf-1090901\">* \u00abPero la pregunta es: \u00bfes este el primer paso de una serie de recortes de tasas por venir, o es que la Fed a\u00fan no est\u00e1 dispuesta a comprometerse con ninguna senda para las tasas de inter\u00e9s en el futuro?\u00bb.<\/p>\n<p class=\"yf-1090901\">* \u00abPor eso los mercados europeos no se est\u00e1n moviendo hoy con mucha fuerza, dada esa incertidumbre\u00bb.<\/p>\n<p class=\"yf-1090901\">* En el STOXX 600, el \u00edndice de petr\u00f3leo y gas lider\u00f3 las p\u00e9rdidas al caer un 1,2%, siguiendo la bajada de los precios del crudo. Le acompa\u00f1\u00f3 el \u00edndice de recursos b\u00e1sicos, que tambi\u00e9n cedi\u00f3 un 1,2%, ya que los precios del cobre tocaron m\u00ednimos de una semana.<\/p>\n<p class=\"yf-1090901\">* Mientras, Puma escal\u00f3 un 16,7%, hasta m\u00e1ximos de casi dos meses, despu\u00e9s de que Manager Magazin informara que dos partes estaban preparando una posible adquisici\u00f3n del fabricante alem\u00e1n de ropa deportiva. Adidas sum\u00f3 un 1,7%, mientras que JD Sports avanz\u00f3 un 0,5%.<\/p>\n<p class=\"yf-1090901\">* Jamie Salter, de Authentic Brands, y Alex Dibelius, de CVC, manifestaron su inter\u00e9s por la participaci\u00f3n del 29% de la familia Pinault.<\/p>\n<p class=\"yf-1090901\">(Reporte de Tristan Veyet en Gdansk y Johann M Cherian en Bengaluru, Editado en Espa\u00f1ol por Manuel Far\u00edas)<\/p>\n","protected":false},"excerpt":{"rendered":"Por Tristan Veyet y Johann M Cherian 17 sep (Reuters) &#8211; Las bolsas europeas terminaron planas el mi\u00e9rcoles,&hellip;\n","protected":false},"author":2,"featured_media":121322,"comment_status":"","ping_status":"","sticky":false,"template":"","format":"standard","meta":{"footnotes":""},"categories":[80],"tags":[82,95,94,25,24,1845,37486,102,23,26454,37485],"class_list":{"0":"post-121321","1":"post","2":"type-post","3":"status-publish","4":"format-standard","5":"has-post-thumbnail","7":"category-economia","8":"tag-business","9":"tag-economia","10":"tag-economy","11":"tag-es","12":"tag-espana","13":"tag-jerome-powell","14":"tag-johann-m-cherian","15":"tag-politica-monetaria","16":"tag-spain","17":"tag-tasas-de-interes","18":"tag-tristan-veyet"},"share_on_mastodon":{"url":"","error":""},"_links":{"self":[{"href":"https:\/\/www.europesays.com\/es\/wp-json\/wp\/v2\/posts\/121321","targetHints":{"allow":["GET"]}}],"collection":[{"href":"https:\/\/www.europesays.com\/es\/wp-json\/wp\/v2\/posts"}],"about":[{"href":"https:\/\/www.europesays.com\/es\/wp-json\/wp\/v2\/types\/post"}],"author":[{"embeddable":true,"href":"https:\/\/www.europesays.com\/es\/wp-json\/wp\/v2\/users\/2"}],"replies":[{"embeddable":true,"href":"https:\/\/www.europesays.com\/es\/wp-json\/wp\/v2\/comments?post=121321"}],"version-history":[{"count":0,"href":"https:\/\/www.europesays.com\/es\/wp-json\/wp\/v2\/posts\/121321\/revisions"}],"wp:featuredmedia":[{"embeddable":true,"href":"https:\/\/www.europesays.com\/es\/wp-json\/wp\/v2\/media\/121322"}],"wp:attachment":[{"href":"https:\/\/www.europesays.com\/es\/wp-json\/wp\/v2\/media?parent=121321"}],"wp:term":[{"taxonomy":"category","embeddable":true,"href":"https:\/\/www.europesays.com\/es\/wp-json\/wp\/v2\/categories?post=121321"},{"taxonomy":"post_tag","embeddable":true,"href":"https:\/\/www.europesays.com\/es\/wp-json\/wp\/v2\/tags?post=121321"}],"curies":[{"name":"wp","href":"https:\/\/api.w.org\/{rel}","templated":true}]}}