{"id":12133,"date":"2025-07-29T17:27:10","date_gmt":"2025-07-29T17:27:10","guid":{"rendered":"https:\/\/www.europesays.com\/es\/12133\/"},"modified":"2025-07-29T17:27:10","modified_gmt":"2025-07-29T17:27:10","slug":"la-revolucion-que-vive-el-balonmano-en-anaitasuna","status":"publish","type":"post","link":"https:\/\/www.europesays.com\/es\/12133\/","title":{"rendered":"La &#8216;revoluci\u00f3n&#8217; que vive el balonmano en Anaitasuna"},"content":{"rendered":"<p>                                                                 Este pasado lunes 28 de julio<strong> Nacho Moyano <\/strong>dirig\u00eda en la pista del pabell\u00f3n <strong>Anaitasuna<\/strong> su primera sesi\u00f3n de trabajo con la primera plantilla del club navarro, que esta pr\u00f3xima temporada se ha visto condenado a disputar la <strong>Divisi\u00f3n de Honor Plata masculina<\/strong> tras su descenso en la pasada campa\u00f1a de la Liga Asobal.\u00a0 El madrile\u00f1o, actual seleccionador juvenil, asume no solo la responsabilidad de sustituir al gallego <strong>Quique Dom\u00ednguez <\/strong>como &#8216;timonel&#8217; del equipo navarro sino que, como anunciaba el 10 de julio el club en un comunicado oficial, tambi\u00e9n asum\u00eda las funciones de director deportivo.\u00a0<strong>\u00abLo primero es estabilizar la secci\u00f3n\u00bb<\/strong>, reconoc\u00eda \u00e9ste a los pocos d\u00edas, en su <a href=\"\">presentaci\u00f3n oficial como nuevo entrenador verdiblanco<\/a> y en la que indic\u00f3 que ve\u00eda a la entidad navarra como \u00abuno de los 3 \u00f3 4 mejores clubes de Espa\u00f1a\u201d.<br \/>\nEsa primera sesi\u00f3n de trabajo de la pretemporada del primer equipo dej\u00f3 ver, este lunes por la tarde en la pista, la <strong>profunda renovaci\u00f3n de la plantilla <\/strong>tras la docena de bajas respecto a la pasada campa\u00f1a, los seis fichajes realizados para reforzar al conjunta y los j\u00f3venes que suben al primer equipo. Tambi\u00e9n, y no es cuesti\u00f3n balad\u00ed, la <strong>ausencia de Helvetia Seguros como patrocinador principal<\/strong> del equipo <a href=\"https:\/\/www.diariodenavarra.es\/noticias\/deportes\/balonmano\/2025\/07\/28\/anaitasuna-da-comienzo-nueva-etapa-helvetia-patrocinador-principal-19-temporadas-655641-1051.html\" rel=\"nofollow noopener\" target=\"_blank\">despu\u00e9s de las \u00faltimas 19 temporadas<\/a>.<\/p>\n<p>Sin embargo, estos no son los \u00fanicos cambios. En la reconstrucci\u00f3n en la que se haya inmersa, la hist\u00f3rica secci\u00f3n de la entidad navarra est\u00e1 viviendo <strong>una ajetreada &#8216;revoluci\u00f3n&#8217; <\/strong>desde hace ya alg\u00fan tiempo.\u00a0 Y el despido de <strong>Carlos Garc\u00eda<\/strong> por \u00abcausas disciplinarias\u00bb como director deportivo el pasado 30 de junio , tal como explic\u00f3 escuetamente la entidad pamplonesa en una nota, ha tenido posteriormente una <strong>cascada de salidas<\/strong>. Una destituci\u00f3n que, al contrario de lo que apuntaba la directiva en su comunicaci\u00f3n -\u00abuna decisi\u00f3n que en nada afecta ni a la estrategia ni al rumbo de la secci\u00f3n\u00bb-, ha sido seguida en estas \u00faltimas semanas por las<strong> bajas de algunos &#8216;pesos pesados&#8217; <\/strong>y alteraciones importantes en el organigrama del balonmano anaitasunista.<\/p>\n<p>\u00a0As\u00ed, ha abandonado la secci\u00f3n <strong>Ferm\u00edn Iturri<\/strong>, entrenador el pasado a\u00f1o del equipo de <strong>Primera Nacional masculina<\/strong> y que, en principio, parec\u00eda estar llamado a formar parte del cuerpo t\u00e9cnico de\u00a0 Moyano esta temporada. Adem\u00e1s, Iturri, <a href=\"https:\/\/www.diariodenavarra.es\/noticias\/deportes\/balonmano\/2023\/01\/23\/el-navarro-fermin-iturri-cocineros-receta-jordi-ribera-hispanos-555671-1051.html\" rel=\"nofollow noopener\" target=\"_blank\">analista de v\u00eddeos para Jordi Ribera<\/a> en la selecci\u00f3n nacional absoluta masculina, era tambi\u00e9n <strong>coordinador de la escuela<\/strong> y de las tecnificaciones que ven\u00edan realiz\u00e1ndose con los equipos canteranos de la sociedad, inmersa en un proceso adem\u00e1s para tratar de solventar sus problemas econ\u00f3micos.\u00a0<\/p>\n<p>Otro de los que han decidido desvincularse de Anaitasuna es <strong>Pablo Galech<\/strong>, ayudante de Quique Dom\u00ednguez en toda su etapa verdiblanca y entrenador de la base. Su nombre era el mejor colocado para asumir el banquillo del conjunto de la <strong>Divisi\u00f3n de Honor Oro femenina<\/strong> pero, con su adi\u00f3s, se abre la puerta a la llegada de un nuevo t\u00e9cnico de fuera de la sociedad para ocupar en breve el banquillo de la primera plantilla femenina.<\/p>\n<p>No son las \u00fanicas modificaciones en el &#8216;interior&#8217; del balonmano verdiblanco. <strong>Iosu\u00a0Vergara<\/strong> -&#8216;team manager&#8217; (gerente) de la secci\u00f3n-, <strong>Karlos Arrasate <\/strong>-quien dirigi\u00f3 al Primera Nacional masculina en la parte final de la temporada y que trabajaba tambi\u00e9n con asuntos referentes de la base-, <strong>David Medina<\/strong> -con funciones de locutor en los partidos y encargado de temas inform\u00e1ticos- o <strong>Mar\u00eda P\u00e9rez<\/strong> -oficial del primer equipo la pasada campa\u00f1a y quien tambi\u00e9n trabajaba con la cantera- han sido otros de los que han decidido no continuar con sus labores en Anaitasuna.<\/p>\n<p>Unas funciones que, ahora, se han repartido entre <strong>nuevos responsables<\/strong>. De esta forma, adem\u00e1s de Moyano como director deportivo, tambi\u00e9n ha entrado en la estructura navarra <strong>Jes\u00fas Benedited <\/strong>procedente del Sanse madrile\u00f1o para asumir las funciones de ayudante en la primera plantilla y coordinador de la base.<strong> Luis Oyarzun<\/strong> sigue en el esquema de Anaitasuna pero, esta temporada, lo har\u00e1 como nuevo delegado y oficial del conjunto de Plata masculina.\u00a0 Por su parte, <strong>Adri\u00e1n Caballero <\/strong>sustituir\u00e1 a Vergara como &#8216;team manager&#8217; de la secci\u00f3n y <strong>Javier\u00a0&#8216;Tati&#8217; Azp\u00edroz <\/strong>-procedente del Ardoi de Zizur- ser\u00e1 el entrenador del Primera Nacional masculino.\u00a0<\/p>\n","protected":false},"excerpt":{"rendered":"Este pasado lunes 28 de julio Nacho Moyano dirig\u00eda en la pista del pabell\u00f3n Anaitasuna su primera sesi\u00f3n&hellip;\n","protected":false},"author":2,"featured_media":12134,"comment_status":"","ping_status":"","sticky":false,"template":"","format":"standard","meta":{"footnotes":""},"categories":[278],"tags":[2617,376,168,158,25,24,375,922,23,167,3447],"class_list":{"0":"post-12133","1":"post","2":"type-post","3":"status-publish","4":"format-standard","5":"has-post-thumbnail","7":"category-balonmano","8":"tag-anaitasuna","9":"tag-balonmano","10":"tag-deportes","11":"tag-el","12":"tag-es","13":"tag-espana","14":"tag-handball","15":"tag-revolucion","16":"tag-spain","17":"tag-sports","18":"tag-vivido"},"share_on_mastodon":{"url":"","error":""},"_links":{"self":[{"href":"https:\/\/www.europesays.com\/es\/wp-json\/wp\/v2\/posts\/12133","targetHints":{"allow":["GET"]}}],"collection":[{"href":"https:\/\/www.europesays.com\/es\/wp-json\/wp\/v2\/posts"}],"about":[{"href":"https:\/\/www.europesays.com\/es\/wp-json\/wp\/v2\/types\/post"}],"author":[{"embeddable":true,"href":"https:\/\/www.europesays.com\/es\/wp-json\/wp\/v2\/users\/2"}],"replies":[{"embeddable":true,"href":"https:\/\/www.europesays.com\/es\/wp-json\/wp\/v2\/comments?post=12133"}],"version-history":[{"count":0,"href":"https:\/\/www.europesays.com\/es\/wp-json\/wp\/v2\/posts\/12133\/revisions"}],"wp:featuredmedia":[{"embeddable":true,"href":"https:\/\/www.europesays.com\/es\/wp-json\/wp\/v2\/media\/12134"}],"wp:attachment":[{"href":"https:\/\/www.europesays.com\/es\/wp-json\/wp\/v2\/media?parent=12133"}],"wp:term":[{"taxonomy":"category","embeddable":true,"href":"https:\/\/www.europesays.com\/es\/wp-json\/wp\/v2\/categories?post=12133"},{"taxonomy":"post_tag","embeddable":true,"href":"https:\/\/www.europesays.com\/es\/wp-json\/wp\/v2\/tags?post=12133"}],"curies":[{"name":"wp","href":"https:\/\/api.w.org\/{rel}","templated":true}]}}