{"id":121331,"date":"2025-09-17T18:10:07","date_gmt":"2025-09-17T18:10:07","guid":{"rendered":"https:\/\/www.europesays.com\/es\/121331\/"},"modified":"2025-09-17T18:10:07","modified_gmt":"2025-09-17T18:10:07","slug":"la-sala-de-exposiciones-del-ayuntamiento-acoge-la-muestra-re-poso-un-dialogo-artistico-entre-tauromaquia-y-vino","status":"publish","type":"post","link":"https:\/\/www.europesays.com\/es\/121331\/","title":{"rendered":"La sala de exposiciones del Ayuntamiento acoge la muestra RE-POSO, \u00abun di\u00e1logo art\u00edstico entre tauromaquia y vino\u00bb"},"content":{"rendered":"<p>    LOGRO\u00d1O 17 Sep. (EUROPA PRESS) &#8211; <\/p>\n<p>   El alcalde de Logro\u00f1o, Conrado Escobar, ha inaugurado esta tarde en la Sala de Exposiciones del Ayuntamiento, la exposici\u00f3n &#8216;RE-POSO&#8217; que podr\u00e1 visitarse desde hoy y hasta el pr\u00f3ximo 12 de octubre. En el acto ha estado acompa\u00f1ado por la concejala de Cultura, Rosa Fern\u00e1ndez, la joven artista vallisoletana Raquel de la Iglesia, y el presidente de la Asociaci\u00f3n Cultural Pe\u00f1a Taurina El Quite, Alejandro Lerena, como organizador de la muestra.<\/p>\n<p>    La artista Raquel de la Iglesia presenta en esta exposici\u00f3n un conjunto de obras pl\u00e1sticas que incluyen \u00f3leos, t\u00e9cnicas mixtas en diferentes formatos y l\u00e1minas en papel cart\u00f3n con acr\u00edlico, que combinan la figuraci\u00f3n (toros, toreros, vi\u00f1edos) con composiciones abstractas.<\/p>\n<p>    El uso de materiales y texturas evoca el reposo del vino en las barricas y el tempo pausado de la faena taurina. En &#8216;RE-POSO&#8217; se podr\u00e1 ver tambi\u00e9n una muleta que descansa sobre dos escaleras mientras el vino la impregna lentamente hasta caer en una barrica.<\/p>\n<p>    El proceso simboliza la creaci\u00f3n de la faena taurina y recuerda, al mismo tiempo, el reposo necesario para que el vino alcance su plenitud.<\/p>\n<p>    La exposici\u00f3n se podr\u00e1 visitar hasta el 12 de octubre de martes a viernes, de 17,30 a 20,30 horas; s\u00e1bados, domingos y festivos de 12,00 a 14,00 horas y de 17,30 a 20,30 horas.<\/p>\n<p>RAQUEL DE LA IGLESIA<\/p>\n<p>   M\u00e1s conocida como &#8216;Rdelaiglesia&#8217;, es artista pl\u00e1stica y ha expuesto su obra en diferentes pa\u00edses en los \u00faltimos a\u00f1os. Su trabajo forma parte de colecciones privadas en todo el mundo. La textura es el eje central que caracteriza sus creaciones, fruto de un proceso intuitivo en el que deja fluir la imaginaci\u00f3n.<\/p>\n<p>    Sus obras incitan a tocar, observar y sentir. Es graduada en Bellas Artes por la Universidad de Salamanca, m\u00e1ster en Arte: Idea y Producci\u00f3n por la Universidad de Sevilla y m\u00e1ster en Profesorado de Secundaria por la Universidad de Salamanca, adem\u00e1s de contar con diversos diplomas en participaci\u00f3n art\u00edstica.<\/p>\n","protected":false},"excerpt":{"rendered":"LOGRO\u00d1O 17 Sep. (EUROPA PRESS) &#8211; El alcalde de Logro\u00f1o, Conrado Escobar, ha inaugurado esta tarde en la&hellip;\n","protected":false},"author":2,"featured_media":121332,"comment_status":"","ping_status":"","sticky":false,"template":"","format":"standard","meta":{"footnotes":""},"categories":[277],"tags":[373,168,25,24,23,167,374],"class_list":{"0":"post-121331","1":"post","2":"type-post","3":"status-publish","4":"format-standard","5":"has-post-thumbnail","7":"category-toreo","8":"tag-bullfighting","9":"tag-deportes","10":"tag-es","11":"tag-espana","12":"tag-spain","13":"tag-sports","14":"tag-toreo"},"share_on_mastodon":{"url":"","error":""},"_links":{"self":[{"href":"https:\/\/www.europesays.com\/es\/wp-json\/wp\/v2\/posts\/121331","targetHints":{"allow":["GET"]}}],"collection":[{"href":"https:\/\/www.europesays.com\/es\/wp-json\/wp\/v2\/posts"}],"about":[{"href":"https:\/\/www.europesays.com\/es\/wp-json\/wp\/v2\/types\/post"}],"author":[{"embeddable":true,"href":"https:\/\/www.europesays.com\/es\/wp-json\/wp\/v2\/users\/2"}],"replies":[{"embeddable":true,"href":"https:\/\/www.europesays.com\/es\/wp-json\/wp\/v2\/comments?post=121331"}],"version-history":[{"count":0,"href":"https:\/\/www.europesays.com\/es\/wp-json\/wp\/v2\/posts\/121331\/revisions"}],"wp:featuredmedia":[{"embeddable":true,"href":"https:\/\/www.europesays.com\/es\/wp-json\/wp\/v2\/media\/121332"}],"wp:attachment":[{"href":"https:\/\/www.europesays.com\/es\/wp-json\/wp\/v2\/media?parent=121331"}],"wp:term":[{"taxonomy":"category","embeddable":true,"href":"https:\/\/www.europesays.com\/es\/wp-json\/wp\/v2\/categories?post=121331"},{"taxonomy":"post_tag","embeddable":true,"href":"https:\/\/www.europesays.com\/es\/wp-json\/wp\/v2\/tags?post=121331"}],"curies":[{"name":"wp","href":"https:\/\/api.w.org\/{rel}","templated":true}]}}