{"id":121337,"date":"2025-09-17T18:13:07","date_gmt":"2025-09-17T18:13:07","guid":{"rendered":"https:\/\/www.europesays.com\/es\/121337\/"},"modified":"2025-09-17T18:13:07","modified_gmt":"2025-09-17T18:13:07","slug":"espana-iniciara-la-final-8-de-la-copa-davis-ante-republica-checa-consulta-el-cuadro-completo-tenis","status":"publish","type":"post","link":"https:\/\/www.europesays.com\/es\/121337\/","title":{"rendered":"Espa\u00f1a iniciar\u00e1 la &#8216;Final 8&#8217; de la Copa Davis ante Rep\u00fablica Checa: consulta el cuadro completo | Tenis"},"content":{"rendered":"<p>Espa\u00f1a se medir\u00e1 en los cuartos de final de la Copa Davis ante Rep\u00fablica Checa, tal y como depar\u00f3 el sorteo celebrado este mi\u00e9rcoles en Bolonia. Esta misma ciudad acoger\u00e1 la &#8216;Final a 8&#8217; de esta temporada, en la que Italia defiende el t\u00edtulo conseguido en 2023 y 2024.<\/p>\n<p>M\u00e1s informaci\u00f3n<\/p>\n<p>Espa\u00f1a lleg\u00f3 a esta fase final tras remontar ante Dinamarca de forma in\u00e9dita. Y es que el resultado fue hist\u00f3rico, siendo la primera vez que se consigue dar la vuelta a un 0-2 en contra en su m\u00e1s de 100 a\u00f1os de historia. Adem\u00e1s, seg\u00fan qued\u00f3 encuadrado este mi\u00e9rcoles, &#8216;La Armada&#8217; ha evitado en su lado a una Italia que reaparece en las quinielas como la gran favorita tras los \u00faltimos resultados. Esa hipot\u00e9tica final es la que alimenta de nuevo el mayor atractivo posible, ya que podr\u00eda brindar un nuevo duelo entre Carlos Alcaraz y Jannik Sinner.<\/p>\n<blockquote class=\"twitter-tweet\">\n<p lang=\"es\" dir=\"ltr\">\ud83d\udea8\ud83c\udd95 \u00a1&#8217;La Armada&#8217; ya conoce su camino en la &#8216;Final a 8&#8217; de la <a href=\"https:\/\/twitter.com\/hashtag\/DavisCup?src=hash&amp;ref_src=twsrc%5Etfw\" rel=\"nofollow noopener\" target=\"_blank\">#DavisCup<\/a>!<\/p>\n<p>\ud83c\udd9a Italia -Austria<br \/>\ud83c\udd9a Francia &#8211; B\u00e9lgica<br \/>\ud83c\udd9a ESPA\u00d1A &#8211; Rep\u00fablica Checa<br \/>\ud83c\udd9a Argentina &#8211; Espa\u00f1a<\/p>\n<p>\ud83c\udfbe\ud83d\udcc5 Bolonia acoge la fase final del 18 al 23 de noviembre <a href=\"https:\/\/t.co\/XW3T8Vuega\" rel=\"nofollow\">pic.twitter.com\/XW3T8Vuega<\/a><\/p>\n<p>\u2014 Carrusel Deportivo (@carrusel) <a href=\"https:\/\/twitter.com\/carrusel\/status\/1968267097781498253?ref_src=twsrc%5Etfw\" rel=\"nofollow noopener\" target=\"_blank\">September 17, 2025<\/a><\/p><\/blockquote>\n<p>El equipo capitaneado por David Ferrer, formado en esta \u00faltima ocasi\u00f3n por Jaume Munar, Pedro Mart\u00ednez, Pablo Carre\u00f1o y Roberto Bautista tras las bajas de Carlos Alcaraz, Marcel Granollers y Alejandro Davidovich-Fokina, firm\u00f3 la \u00e9pica en Marbella y permiti\u00f3 a la &#8216;Armada&#8217; so\u00f1ar con la s\u00e9ptima &#8216;Ensaladera&#8217;. Feliciano L\u00f3pez, director del torneo, destac\u00f3 en el evento del sorteo el \u00abmilagro espa\u00f1ol\u00bb y mand\u00f3 un gran \u00abenhorabuena\u00bb al combinado de David Ferrer antes del sorteo. <\/p>\n<p>Italia, cabeza de serie del torneo, se medir\u00e1 a Austria en los cuartos de final. El ganador de este duelo se medir\u00e1 en semifinales al ganador del choque entre Francia, tercer cabeza de serie, y B\u00e9lgica. Y en la parte baja del cuadro, adem\u00e1s del duelo entre Rep\u00fablica Checa -cuarta cabeza de serie por sorteo- y Espa\u00f1a, tendr\u00e1 lugar el enfrentamiento entre Alemania, segundo favorito, y Argentina. La fase final de este torneo se celebrar\u00e1 del 18 al 23 de noviembre en Bolonia.<\/p>\n<p><script async src=\"https:\/\/platform.twitter.com\/widgets.js\" charset=\"utf-8\"><\/script><\/p>\n","protected":false},"excerpt":{"rendered":"Espa\u00f1a se medir\u00e1 en los cuartos de final de la Copa Davis ante Rep\u00fablica Checa, tal y como&hellip;\n","protected":false},"author":2,"featured_media":121338,"comment_status":"","ping_status":"","sticky":false,"template":"","format":"standard","meta":{"footnotes":""},"categories":[274],"tags":[168,25,24,23,167,327,326,16253,39988],"class_list":{"0":"post-121337","1":"post","2":"type-post","3":"status-publish","4":"format-standard","5":"has-post-thumbnail","7":"category-tenis","8":"tag-deportes","9":"tag-es","10":"tag-espana","11":"tag-spain","12":"tag-sports","13":"tag-tenis","14":"tag-tennis","15":"tag-zsport","16":"tag-ztennis"},"share_on_mastodon":{"url":"","error":""},"_links":{"self":[{"href":"https:\/\/www.europesays.com\/es\/wp-json\/wp\/v2\/posts\/121337","targetHints":{"allow":["GET"]}}],"collection":[{"href":"https:\/\/www.europesays.com\/es\/wp-json\/wp\/v2\/posts"}],"about":[{"href":"https:\/\/www.europesays.com\/es\/wp-json\/wp\/v2\/types\/post"}],"author":[{"embeddable":true,"href":"https:\/\/www.europesays.com\/es\/wp-json\/wp\/v2\/users\/2"}],"replies":[{"embeddable":true,"href":"https:\/\/www.europesays.com\/es\/wp-json\/wp\/v2\/comments?post=121337"}],"version-history":[{"count":0,"href":"https:\/\/www.europesays.com\/es\/wp-json\/wp\/v2\/posts\/121337\/revisions"}],"wp:featuredmedia":[{"embeddable":true,"href":"https:\/\/www.europesays.com\/es\/wp-json\/wp\/v2\/media\/121338"}],"wp:attachment":[{"href":"https:\/\/www.europesays.com\/es\/wp-json\/wp\/v2\/media?parent=121337"}],"wp:term":[{"taxonomy":"category","embeddable":true,"href":"https:\/\/www.europesays.com\/es\/wp-json\/wp\/v2\/categories?post=121337"},{"taxonomy":"post_tag","embeddable":true,"href":"https:\/\/www.europesays.com\/es\/wp-json\/wp\/v2\/tags?post=121337"}],"curies":[{"name":"wp","href":"https:\/\/api.w.org\/{rel}","templated":true}]}}