{"id":121339,"date":"2025-09-17T18:14:14","date_gmt":"2025-09-17T18:14:14","guid":{"rendered":"https:\/\/www.europesays.com\/es\/121339\/"},"modified":"2025-09-17T18:14:14","modified_gmt":"2025-09-17T18:14:14","slug":"alfonso-serrano-niega-haber-dicho-tener-pruebas-de-la-participacion-de-la-kale-borroka-y-la-hemeroteca-lo-deja-en-evidencia-no-lo-dije-asi","status":"publish","type":"post","link":"https:\/\/www.europesays.com\/es\/121339\/","title":{"rendered":"Alfonso Serrano niega haber dicho \u00abtener pruebas\u00bb de la participaci\u00f3n de la &#8216;kale borroka&#8217; y la hemeroteca lo deja en evidencia: \u00abNo lo dije as\u00ed\u00bb"},"content":{"rendered":"<p class=\"L6-news-detail__text\"><b>Alfonso Serrano<\/b>, secretario general del Partido Popular de Madrid, ha generado una enorme pol\u00e9mica esta semana tras asegurar que los manifestantes propalestinos que boicotearon la \u00faltima etapa de La Vuelta en Madrid eran <b><a title=\"&quot;gentuza&quot; que estaba &quot;rompiendo la convivencia&quot;\" href=\"https:\/\/www.lasexta.com\/programas\/el-intermedio\/chulo-putas-abascal-sanchez-gentuza-alfonso-serano-espanol-bien-violencia-politica_2025091668c9cdc10b5fe14a1b7d0867.html\" target=\"_blank\" rel=\"nofollow noopener\">\u00abgentuza\u00bb que estaba \u00abrompiendo la convivencia\u00bb<\/a><\/b>.<\/p>\n<p class=\"L6-news-detail__text\">Este mi\u00e9rcoles,<b> Serrano ha querido matizar sus palabras <\/b>y ha afirmado que \u00ab<b>la gentuza es la gente que, deliberadamente, boicote\u00f3 una prueba ciclista de deportistas que nada tienen que ver con ese conflicto b\u00e9lic<\/b>o\u00bb. \u00abHubo gente que puso en riesgo la integridad de esos profesionales\u00bb, ha a\u00f1adido.<\/p>\n<p class=\"L6-news-detail__text\">Tambi\u00e9n asegur\u00f3 el n\u00famero 2 del PP de Madrid que ten\u00eda \u00ab<b>pruebas de que en esas algaradas hab\u00eda personas detenidas vinculadas con la Kale Borroka y el yihadismo<\/b>\u00ab. Sin embargo, las informaciones del Ministerio del Interior desmienten esas acusaciones de Serrano.<\/p>\n<p class=\"L6-news-detail__text\">24 horas m\u00e1s tarde, el dirigente &#8216;popular&#8217; ha aclarado que \u00ablo que hice fue<b> hacerme eco de lo que apareci\u00f3 en medios de comunicaci\u00f3n<\/b>\u00ab. Sin embargo, <b>I\u00f1aki L\u00f3pez le ha dejado en evidencia. \u00abLa frase era suya\u00bb<\/b>, ha puntualizado el presentador de M\u00e1s Vale Tarde.<\/p>\n<p class=\"L6-news-detail__text\">Ante esa aclaraci\u00f3n, Serrano ha querido negar sus propias palabras: \u00abNo lo dije as\u00ed\u00bb. \u00ab<b>Me da igual que fueran vascos, de Cuenca o de Carabanchel<\/b>, vinieron con la intenci\u00f3n de violentar\u00bb, ha a\u00f1adido Alfonso Serrano para concluir.<\/p>\n<p class=\"L6-support-news-video__title\">Exalcaldesa de C\u00f3rdoba<\/p>\n<p>            <a href=\"https:\/\/www.lasexta.com\/programas\/mas-vale-tarde\/rosa-aguilar-reivindica-legado-anguita-lanza-dardo-politicos-deberian-mirar-atras-ver-que-julio-hizo_2025091768cae1bcbc8f701b2f73258d.html\" class=\"L6-news__link\" rel=\"nofollow noopener\" target=\"_blank\"><br \/>\n                Rosa Aguilar reivindica el legado de Anguita y lanza un &#8216;dardo&#8217; a los pol\u00edticos: \u00abDeber\u00edan mirar atr\u00e1s y ver lo que Julio hizo \u00bb<\/p>\n<p class=\"recirculation-video-desc\">\u00abCorren malos tiempos, y algunos deber\u00edan mirar un poco hacia atr\u00e1s, lo que Julio Anguita siempre hizo fue guardar el respeto a la instituci\u00f3n sin menoscabar aquello que \u00e9l quer\u00eda expresar en nombre de Izquierda Unida\u00bb, afirma la exalcaldesa de C\u00f3rdoba en M\u00e1s Vale Tarde.<\/p>\n<p>            <\/a><\/p>\n","protected":false},"excerpt":{"rendered":"Alfonso Serrano, secretario general del Partido Popular de Madrid, ha generado una enorme pol\u00e9mica esta semana tras asegurar&hellip;\n","protected":false},"author":2,"featured_media":121340,"comment_status":"","ping_status":"","sticky":false,"template":"","format":"standard","meta":{"footnotes":""},"categories":[273],"tags":[313,312,168,25,24,23,167],"class_list":{"0":"post-121339","1":"post","2":"type-post","3":"status-publish","4":"format-standard","5":"has-post-thumbnail","7":"category-ciclismo","8":"tag-ciclismo","9":"tag-cycling","10":"tag-deportes","11":"tag-es","12":"tag-espana","13":"tag-spain","14":"tag-sports"},"share_on_mastodon":{"url":"","error":""},"_links":{"self":[{"href":"https:\/\/www.europesays.com\/es\/wp-json\/wp\/v2\/posts\/121339","targetHints":{"allow":["GET"]}}],"collection":[{"href":"https:\/\/www.europesays.com\/es\/wp-json\/wp\/v2\/posts"}],"about":[{"href":"https:\/\/www.europesays.com\/es\/wp-json\/wp\/v2\/types\/post"}],"author":[{"embeddable":true,"href":"https:\/\/www.europesays.com\/es\/wp-json\/wp\/v2\/users\/2"}],"replies":[{"embeddable":true,"href":"https:\/\/www.europesays.com\/es\/wp-json\/wp\/v2\/comments?post=121339"}],"version-history":[{"count":0,"href":"https:\/\/www.europesays.com\/es\/wp-json\/wp\/v2\/posts\/121339\/revisions"}],"wp:featuredmedia":[{"embeddable":true,"href":"https:\/\/www.europesays.com\/es\/wp-json\/wp\/v2\/media\/121340"}],"wp:attachment":[{"href":"https:\/\/www.europesays.com\/es\/wp-json\/wp\/v2\/media?parent=121339"}],"wp:term":[{"taxonomy":"category","embeddable":true,"href":"https:\/\/www.europesays.com\/es\/wp-json\/wp\/v2\/categories?post=121339"},{"taxonomy":"post_tag","embeddable":true,"href":"https:\/\/www.europesays.com\/es\/wp-json\/wp\/v2\/tags?post=121339"}],"curies":[{"name":"wp","href":"https:\/\/api.w.org\/{rel}","templated":true}]}}