{"id":121347,"date":"2025-09-17T18:19:24","date_gmt":"2025-09-17T18:19:24","guid":{"rendered":"https:\/\/www.europesays.com\/es\/121347\/"},"modified":"2025-09-17T18:19:24","modified_gmt":"2025-09-17T18:19:24","slug":"el-emotivo-gesto-en-privado-de-donald-y-melania-trump-con-la-recordada-isabel-ii-en-su-viaje-de-estado","status":"publish","type":"post","link":"https:\/\/www.europesays.com\/es\/121347\/","title":{"rendered":"El emotivo gesto en privado de Donald y Melania Trump con la recordada Isabel II en su viaje de Estado"},"content":{"rendered":"<p id=\"eDraYJh0nq\" data-wc=\"93\">Tras la <a class=\"hm-link ho-link\" href=\"https:\/\/www.hola.com\/realeza\/casa_inglesa\/20250917856106\/carlos-iii-y-camilla-reciben-a-los-trump-en-una-visita-historica-y-con-tradiciones-nunca-vistas\/\" data-mrf-recirculation=\"article-body-link\" rel=\"nofollow noopener\" target=\"_blank\">ceremonia oficial de bienvenida<\/a> y el posterior almuerzo en Windsor, Donald y Melania Trump han sido conducidos por Carlos y Camilla de Inglaterra hasta la <strong>Royal Collection<\/strong> que se encuentra en el interior del emblem\u00e1tico castillo. Se han unido por sorpresa el pr\u00edncipe Guillermo y Kate Middleton, quienes a primera hora de la ma\u00f1ana fueron los encargados de recibir al presidente y la primera dama en su primera toma de contacto. Esta vez, durante su paseo por la Colecci\u00f3n Real, estaba tambi\u00e9n con ellos el secretado de Estado norteamericano, Marcos Rubio.<\/p>\n<p> <img src=\"https:\/\/www.europesays.com\/es\/wp-content\/uploads\/2025\/09\/554816dcc549-gettyimages-2235375188.jpg\"   width=\"682\" height=\"1024\" loading=\"lazy\" decoding=\"async\" alt=\"Media Image\" fetchpriority=\"auto\" class=\"image ho-image\"\/>\u00a9 Getty Images<\/p>\n<p> <img src=\"https:\/\/www.europesays.com\/es\/wp-content\/uploads\/2025\/09\/7eb152ee2455-gettyimages-2235369086.jpg\"   width=\"1024\" height=\"682\" loading=\"lazy\" decoding=\"async\" alt=\"Media Image\" fetchpriority=\"auto\" class=\"image ho-image\"\/>\u00a9 Getty Images<\/p>\n<p> <img src=\"https:\/\/www.europesays.com\/es\/wp-content\/uploads\/2025\/09\/ee0dfc855b12-gettyimages-2235372070.jpg\"   width=\"682\" height=\"1024\" loading=\"lazy\" decoding=\"async\" alt=\"  \" fetchpriority=\"auto\" class=\"image ho-image\"\/>\u00a9 Getty Images  <\/p>\n<p> <img src=\"https:\/\/www.europesays.com\/es\/wp-content\/uploads\/2025\/09\/a8a6d2cd7d54-gettyimages-2235368988.jpg\"   width=\"1024\" height=\"682\" loading=\"lazy\" decoding=\"async\" alt=\"Media Image\" fetchpriority=\"auto\" class=\"image ho-image\"\/>\u00a9 Getty Images<\/p>\n<p> <img src=\"https:\/\/www.europesays.com\/es\/wp-content\/uploads\/2025\/09\/a3eda38b1a43-gettyimages-2235368817.jpg\"   width=\"682\" height=\"1024\" loading=\"lazy\" decoding=\"async\" alt=\"Media Image\" fetchpriority=\"auto\" class=\"image ho-image\"\/>\u00a9 Getty Images<\/p>\n<p> <img src=\"https:\/\/www.europesays.com\/es\/wp-content\/uploads\/2025\/09\/255bd02077d6-gettyimages-2235375500.jpg\"   width=\"682\" height=\"1024\" loading=\"lazy\" decoding=\"async\" alt=\"Media Image\" fetchpriority=\"auto\" class=\"image ho-image\"\/>\u00a9 Getty Images<\/p>\n<p id=\"ebFHLXCM2J6\" data-wc=\"119\">Con unos gu\u00edas de excepci\u00f3n como estos, el mandatario y su mujer han podido conocer las obras de arte y los objetos de incalculable valor que se muestran en este lugar \u00fanico, algunos precisamente relacionados con la historia de EE.UU. De hecho, en su paso por el denominado<strong>\u00a0Sal\u00f3n Verde<\/strong>, el objetivo de los Reyes y de los Pr\u00edncipes de Gales era ense\u00f1ar a sus invitados todos esos enseres que unen de forma inequ\u00edvoca la historia de ambos pa\u00edses desde siglos atr\u00e1s. Cabe recordar que Estados Unidos -tal y como lo conocemos hoy- se fund\u00f3 en el s. XVIII, concretamente el 4 de julio de 1776, cuando las trece colonias brit\u00e1nicas que hab\u00eda anta\u00f1o se separaron de Gran Breta\u00f1a.\u00a0<\/p>\n<p> <img src=\"https:\/\/www.europesays.com\/es\/wp-content\/uploads\/2025\/09\/a94a239538d6-gettyimages-2235369142.jpg\"   width=\"1024\" height=\"682\" loading=\"lazy\" decoding=\"async\" alt=\"Media Image\" fetchpriority=\"auto\" class=\"image ho-image\"\/>\u00a9 Getty Images<\/p>\n<p> <img src=\"https:\/\/www.europesays.com\/es\/wp-content\/uploads\/2025\/09\/6226eba2aaac-gettyimages-2235368853.jpg\"   width=\"1024\" height=\"682\" loading=\"lazy\" decoding=\"async\" alt=\"          \" fetchpriority=\"auto\" class=\"image ho-image\"\/>\u00a9 Getty Images          <\/p>\n<p> <img src=\"https:\/\/www.europesays.com\/es\/wp-content\/uploads\/2025\/09\/77de7474d319-gettyimages-2235371916.jpg\"   width=\"1024\" height=\"683\" loading=\"lazy\" decoding=\"async\" alt=\"Media Image\" fetchpriority=\"auto\" class=\"image ho-image\"\/>\u00a9 Getty Images<\/p>\n<p> <img src=\"https:\/\/www.europesays.com\/es\/wp-content\/uploads\/2025\/09\/0f858372b904-gettyimages-2235368922.jpg\"   width=\"1024\" height=\"682\" loading=\"lazy\" decoding=\"async\" alt=\"Media Image\" fetchpriority=\"auto\" class=\"image ho-image\"\/>\u00a9 Getty Images<\/p>\n<p id=\"eQC7tjLztkU\" data-wc=\"76\">Es m\u00e1s, entre <strong>los regalos que se han intercambiado<\/strong> por este viaje de Estado, el monarca de 76 a\u00f1os obsequiaba al mandatario (79) con un volumen encuadernado a mano y en cuero que conmemora el 250\u00ba aniversario de la Declaraci\u00f3n de Independencia. Por su parte, el anfitri\u00f3n recibi\u00f3 de su ilustre hu\u00e9sped una r\u00e9plica de la espada de Eisenhower, que representa la hist\u00f3rica colaboraci\u00f3n de ambas naciones para la victoria conjunta en la Segunda Guerra Mundial.<\/p>\n<p> <img src=\"https:\/\/www.europesays.com\/es\/wp-content\/uploads\/2025\/09\/6e084fc0d4ae-gettyimages-2235371773.jpg\"   width=\"1024\" height=\"682\" loading=\"lazy\" decoding=\"async\" alt=\"Media Image\" fetchpriority=\"auto\" class=\"image ho-image\"\/>\u00a9 Getty Images<\/p>\n<p> <img src=\"https:\/\/www.europesays.com\/es\/wp-content\/uploads\/2025\/09\/0934ff868a68-gettyimages-2235369169.jpg\"   width=\"1024\" height=\"682\" loading=\"lazy\" decoding=\"async\" alt=\"Media Image\" fetchpriority=\"auto\" class=\"image ho-image\"\/>\u00a9 Getty Images<\/p>\n<p> <img src=\"https:\/\/www.europesays.com\/es\/wp-content\/uploads\/2025\/09\/4234ee6ab9cd-gettyimages-2235375342.jpg\"   width=\"1024\" height=\"682\" loading=\"lazy\" decoding=\"async\" alt=\"Media Image\" fetchpriority=\"auto\" class=\"image ho-image\"\/>\u00a9 Getty Images<\/p>\n<p> <img src=\"https:\/\/www.europesays.com\/es\/wp-content\/uploads\/2025\/09\/64aab334ee0a-gettyimages-2235939662.jpg\"   width=\"1024\" height=\"682\" loading=\"lazy\" decoding=\"async\" alt=\"Media Image\" fetchpriority=\"auto\" class=\"image ho-image\"\/>\u00a9 Getty Images<\/p>\n<p id=\"emaGgpaT5S\" data-wc=\"84\">En la Royal Collection, una profesional experta ha explicado a los Trump los secretos que esconden estas incre\u00edbles joyas, cuya exposici\u00f3n estrella de la temporada es <a class=\"hm-link ho-link\" href=\"https:\/\/www.hola.com\/realeza\/casa_inglesa\/20250916855496\/el-inesperado-plan-de-melania-trump-en-el-castillo-de-windsor\/\" data-mrf-recirculation=\"article-body-link\" rel=\"nofollow noopener\" target=\"_blank\">la casita de mu\u00f1ecas<\/a> de la reina Mar\u00eda de Teck. Se\u00f1alar que, como muchas de las residencias reales brit\u00e1nicas, el Castillo de Windsor normalmente est\u00e1 abierto al p\u00fablico y funciona como reclamo tur\u00edstico. Desde los Apartamentos de Estado hasta las impresionantes vistas en The Long Walk, cualquiera que pase por este enclave quedar\u00e1 seguro maravillado al primer vistazo.<\/p>\n<p> <img src=\"https:\/\/www.europesays.com\/es\/wp-content\/uploads\/2025\/09\/a811fd91032f-gettyimages-2235375282.jpg\"   width=\"1024\" height=\"687\" loading=\"lazy\" decoding=\"async\" alt=\"Media Image\" fetchpriority=\"auto\" class=\"image ho-image\"\/>\u00a9 Getty Images<\/p>\n<p> <img src=\"https:\/\/www.europesays.com\/es\/wp-content\/uploads\/2025\/09\/0944f7402a24-gettyimages-2235371979.jpg\"   width=\"1024\" height=\"682\" loading=\"lazy\" decoding=\"async\" alt=\"Media Image\" fetchpriority=\"auto\" class=\"image ho-image\"\/>\u00a9 Getty Images<\/p>\n<p> <img src=\"https:\/\/www.europesays.com\/es\/wp-content\/uploads\/2025\/09\/8374a1c6e81b-gettyimages-2235368916.jpg\"   width=\"1024\" height=\"682\" loading=\"lazy\" decoding=\"async\" alt=\"          \" fetchpriority=\"auto\" class=\"image ho-image\"\/>\u00a9 Getty Images          <\/p>\n<p> <img src=\"https:\/\/www.europesays.com\/es\/wp-content\/uploads\/2025\/09\/183d51bda507-gettyimages-2235371820.jpg\"   width=\"1024\" height=\"682\" loading=\"lazy\" decoding=\"async\" alt=\"Media Image\" fetchpriority=\"auto\" class=\"image ho-image\"\/>\u00a9 Getty Images<\/p>\n<p> <img src=\"https:\/\/www.europesays.com\/es\/wp-content\/uploads\/2025\/09\/6ff53137396a-gettyimages-2235373531.jpg\"   width=\"1024\" height=\"646\" loading=\"lazy\" decoding=\"async\" alt=\"      \" fetchpriority=\"auto\" class=\"image ho-image\"\/>\u00a9 Getty Images<br \/>\nHomenaje a Isabel II\u00a0<\/p>\n<p id=\"e6XW4rbQWbT\" data-wc=\"75\">A continuaci\u00f3n, el l\u00edder republicano y su esposa se han desplazado en coche oficial a la<strong>\u00a0Capilla de San Jorge\u00a0<\/strong>para depositar, en privado y de manera solemne, una <strong>corona de flores sobre la tumba\u00a0<\/strong>de Isabel II, a la que conocieron personalmente durante su primer viaje oficial a Reino Unido en 2019. A su llegada, Donald y Melania Trump eran recibidos por el reverendo Christopher Cocksworth, de\u00e1n de Windsor, y la secretaria, Charlotte Manley.\u00a0<\/p>\n<p> <img src=\"https:\/\/www.europesays.com\/es\/wp-content\/uploads\/2025\/09\/03ccac4bc1c7-gettyimages-2235375310.jpg\"   width=\"682\" height=\"1024\" loading=\"lazy\" decoding=\"async\" alt=\"Media Image\" fetchpriority=\"auto\" class=\"image ho-image\"\/>\u00a9 Getty Images<\/p>\n<p> <img src=\"https:\/\/www.europesays.com\/es\/wp-content\/uploads\/2025\/09\/418407a8aca2-gettyimages-2235373654.jpg\"   width=\"1024\" height=\"682\" loading=\"lazy\" decoding=\"async\" alt=\"Media Image\" fetchpriority=\"auto\" class=\"image ho-image\"\/>\u00a9 Getty Images<\/p>\n<p> <img src=\"https:\/\/www.europesays.com\/es\/wp-content\/uploads\/2025\/09\/aadaf3ce1baa-gettyimages-2235373600.jpg\"   width=\"1024\" height=\"682\" loading=\"lazy\" decoding=\"async\" alt=\"Media Image\" fetchpriority=\"auto\" class=\"image ho-image\"\/>\u00a9 Getty Images<\/p>\n<p> <img src=\"https:\/\/www.europesays.com\/es\/wp-content\/uploads\/2025\/09\/f4349721d359-gettyimages-2235375253.jpg\"   width=\"1024\" height=\"682\" loading=\"lazy\" decoding=\"async\" alt=\"Media Image\" fetchpriority=\"auto\" class=\"image ho-image\"\/>\u00a9 Getty Images<\/p>\n<p> <img src=\"https:\/\/www.europesays.com\/es\/wp-content\/uploads\/2025\/09\/ca538faef344-gettyimages-2235375093.jpg\"   width=\"1024\" height=\"682\" loading=\"lazy\" decoding=\"async\" alt=\"Media Image\" fetchpriority=\"auto\" class=\"image ho-image\"\/>\u00a9 Getty Images<\/p>\n<p> <img src=\"https:\/\/www.europesays.com\/es\/wp-content\/uploads\/2025\/09\/1094fe9f4d27-gettyimages-2235375176.jpg\"   width=\"1024\" height=\"682\" loading=\"lazy\" decoding=\"async\" alt=\"Media Image\" fetchpriority=\"auto\" class=\"image ho-image\"\/>\u00a9 Getty Images<\/p>\n<p id=\"ecyIk2JERB\" data-wc=\"78\">El aprecio que ten\u00eda el presidente de EE.UU. por la madre de Carlos III qued\u00f3 reflejado al <a class=\"hm-link ho-link\" href=\"https:\/\/www.hola.com\/realeza\/casa_inglesa\/20220908162035\/muere-reina-isabel-ii-reino-unido\/\" data-mrf-recirculation=\"article-body-link\" rel=\"nofollow noopener\" target=\"_blank\">morir esta<\/a> en septiembre de 2022, cuando el pol\u00edtico y magnate asegur\u00f3 en un comunicado sentirse \u00abprofundamente entristecido\u00bb tras su fallecimiento. Alab\u00f3, a su vez, el \u00ablegado de paz y prosperidad\u00bb que la soberana hab\u00eda dejado en Gran Breta\u00f1a, gracias a su \u00abliderazgo y diplomacia perdurable\u00bb, dijo. Incluso, en lo personal, destac\u00f3 <strong>\u00absu generosa amistad, sabidur\u00eda y maravilloso sentido del humor\u00bb<\/strong>.<\/p>\n<p> <img src=\"https:\/\/www.europesays.com\/es\/wp-content\/uploads\/2025\/09\/2d44474a0252-gettyimages-2235375396.jpg\"   width=\"1024\" height=\"682\" loading=\"lazy\" decoding=\"async\" alt=\"       \" fetchpriority=\"auto\" class=\"image ho-image\"\/>\u00a9 Getty Images       <\/p>\n<p> <img src=\"https:\/\/www.europesays.com\/es\/wp-content\/uploads\/2025\/09\/4e2d1ff766b7-gettyimages-2235375159.jpg\"   width=\"712\" height=\"1024\" loading=\"lazy\" decoding=\"async\" alt=\"Media Image\" fetchpriority=\"auto\" class=\"image ho-image\"\/>\u00a9 Getty Images<\/p>\n<p> <img src=\"https:\/\/www.europesays.com\/es\/wp-content\/uploads\/2025\/09\/73abc66c4030-gettyimages-2235375508.jpg\"   width=\"1024\" height=\"682\" loading=\"lazy\" decoding=\"async\" alt=\"Media Image\" fetchpriority=\"auto\" class=\"image ho-image\"\/>\u00a9 Getty Images<\/p>\n<p> <img src=\"https:\/\/www.europesays.com\/es\/wp-content\/uploads\/2025\/09\/6826f201536f-gettyimages-2235375061.jpg\"   width=\"1024\" height=\"682\" loading=\"lazy\" decoding=\"async\" alt=\"Media Image\" fetchpriority=\"auto\" class=\"image ho-image\"\/>\u00a9 Getty Images<\/p>\n<p> <img src=\"https:\/\/www.europesays.com\/es\/wp-content\/uploads\/2025\/09\/c734c397ba3d-gettyimages-2235375322.jpg\"   width=\"1024\" height=\"682\" loading=\"lazy\" decoding=\"async\" alt=\"Media Image\" fetchpriority=\"auto\" class=\"image ho-image\"\/>\u00a9 Getty Images<\/p>\n<p id=\"efT-nvDMcg\" data-wc=\"85\">Antes de terminar su visita por la capilla, los Trump han presenciado la actuaci\u00f3n de un coro juvenil, inmortaliz\u00e1ndose en una foto de grupo con los ni\u00f1os y ni\u00f1as que lo componen y bromeando con ellos. Despu\u00e9s, hac\u00edan un breve recorrido por este lugar con tanta historia y donde descansan los restos de once reyes. Ah\u00ed, se les mostraba la <strong>b\u00f3veda de Enrique VIII y la placa de Winston Churchill\u00a0<\/strong>cuando este fue nombrado Caballero de la Orden de la Jarretera en abril de 1953.<\/p>\n<p> <img src=\"https:\/\/www.europesays.com\/es\/wp-content\/uploads\/2025\/09\/394915157f6c-gettyimages-2235375324.jpg\"   width=\"683\" height=\"1024\" loading=\"lazy\" decoding=\"async\" alt=\"Media Image\" fetchpriority=\"auto\" class=\"image ho-image\"\/>\u00a9 Getty Images<\/p>\n<p> <img src=\"https:\/\/www.europesays.com\/es\/wp-content\/uploads\/2025\/09\/1824dc6f01f3-gettyimages-2235375220.jpg\"   width=\"1024\" height=\"682\" loading=\"lazy\" decoding=\"async\" alt=\"Media Image\" fetchpriority=\"auto\" class=\"image ho-image\"\/>\u00a9 Getty Images<\/p>\n<p> <img src=\"https:\/\/www.europesays.com\/es\/wp-content\/uploads\/2025\/09\/b51ccdc54256-gettyimages-2235375426.jpg\"   width=\"1024\" height=\"682\" loading=\"lazy\" decoding=\"async\" alt=\"Media Image\" fetchpriority=\"auto\" class=\"image ho-image\"\/>\u00a9 Getty Images<\/p>\n<p> <img src=\"https:\/\/www.europesays.com\/es\/wp-content\/uploads\/2025\/09\/268e29fe4b50-gettyimages-2235375313.jpg\"   width=\"1024\" height=\"682\" loading=\"lazy\" decoding=\"async\" alt=\"Media Image\" fetchpriority=\"auto\" class=\"image ho-image\"\/>\u00a9 Getty Images<\/p>\n<p> <img src=\"https:\/\/www.europesays.com\/es\/wp-content\/uploads\/2025\/09\/6fc6978db331-gettyimages-2235375299.jpg\"   width=\"1024\" height=\"682\" loading=\"lazy\" decoding=\"async\" alt=\"Media Image\" fetchpriority=\"auto\" class=\"image ho-image\"\/>\u00a9 Getty Images<\/p>\n<p> <img src=\"https:\/\/www.europesays.com\/es\/wp-content\/uploads\/2025\/09\/2d0899afcaee-gettyimages-2235377403.jpg\"   width=\"1024\" height=\"682\" loading=\"lazy\" decoding=\"async\" alt=\"Media Image\" fetchpriority=\"auto\" class=\"image ho-image\"\/>\u00a9 Getty Images<br \/>\nPeque\u00f1o &#8216;incidente&#8217; durante el desfile<\/p>\n<p id=\"ezxc7AnSkt\" data-wc=\"87\">Despu\u00e9s de ese momento tan \u00edntimo y emotivo que se ha vivido frente al sepulcro de Isabel II, los Reyes y sus invitados han asistido a un <strong>encuentro con familias de militares<\/strong> brit\u00e1nicos y estadounidenses. Acompa\u00f1ados tambi\u00e9n por el primer ministro, Keir Starmer, y la esposa de este, Victoria, presenciaban sobre la verde explanada una espectacular ceremonia conocida como Beating Retreat. Se trata de una tradici\u00f3n que se reserva para ocasiones muy especiales, como la fiesta nacional, aniversarios de los regimientos o eventos con fuerte carga simb\u00f3lica.<\/p>\n<p> <img src=\"https:\/\/www.europesays.com\/es\/wp-content\/uploads\/2025\/09\/28c4d3eae460-gettyimages-2235377804.jpg\"   width=\"1024\" height=\"683\" loading=\"lazy\" decoding=\"async\" alt=\"Media Image\" fetchpriority=\"auto\" class=\"image ho-image\"\/>\u00a9 Getty Images<\/p>\n<p> <img src=\"https:\/\/www.europesays.com\/es\/wp-content\/uploads\/2025\/09\/ef086b91f96b-gettyimages-2235377590.jpg\"   width=\"1024\" height=\"682\" loading=\"lazy\" decoding=\"async\" alt=\"Media Image\" fetchpriority=\"auto\" class=\"image ho-image\"\/>\u00a9 Getty Images<\/p>\n<p> <img src=\"https:\/\/www.europesays.com\/es\/wp-content\/uploads\/2025\/09\/66ceb809d32e-gettyimages-2235377783.jpg\"   width=\"1024\" height=\"682\" loading=\"lazy\" decoding=\"async\" alt=\"      \" fetchpriority=\"auto\" class=\"image ho-image\"\/>\u00a9 Getty Images      <\/p>\n<p> <img src=\"https:\/\/www.europesays.com\/es\/wp-content\/uploads\/2025\/09\/ad57ffc632f6-gettyimages-2235379146.jpg\"   width=\"1024\" height=\"682\" loading=\"lazy\" decoding=\"async\" alt=\"  \" fetchpriority=\"auto\" class=\"image ho-image\"\/>\u00a9 Getty Images  <\/p>\n<p> <img src=\"https:\/\/www.europesays.com\/es\/wp-content\/uploads\/2025\/09\/8dc3909b9d22-gettyimages-2235377658.jpg\"   width=\"1024\" height=\"682\" loading=\"lazy\" decoding=\"async\" alt=\"Media Image\" fetchpriority=\"auto\" class=\"image ho-image\"\/>\u00a9 Getty Images<\/p>\n<p> <img src=\"https:\/\/www.europesays.com\/es\/wp-content\/uploads\/2025\/09\/5b6f19f89548-gettyimages-2235377551.jpg\"   width=\"1024\" height=\"682\" loading=\"lazy\" decoding=\"async\" alt=\"   \" fetchpriority=\"auto\" class=\"image ho-image\"\/>\u00a9 Getty Images   <\/p>\n<p> <img src=\"https:\/\/www.europesays.com\/es\/wp-content\/uploads\/2025\/09\/7fb05ca44304-gettyimages-2235377635.jpg\"   width=\"1024\" height=\"682\" loading=\"lazy\" decoding=\"async\" alt=\"         \" fetchpriority=\"auto\" class=\"image ho-image\"\/>\u00a9 Getty Images         <\/p>\n<p> <img src=\"https:\/\/www.europesays.com\/es\/wp-content\/uploads\/2025\/09\/e2f80ceb9d57-gettyimages-2235377597.jpg\"   width=\"1024\" height=\"682\" loading=\"lazy\" decoding=\"async\" alt=\"   \" fetchpriority=\"auto\" class=\"image ho-image\"\/>\u00a9 Getty Images   <\/p>\n<p data-wc=\"93\" id=\"eQ2rlxGnJe_\">El desfile ha contado con unos 1.300 efectivos militares, incluyendo 120 caballos y 200 m\u00fasicos de las Fuerzas Armadas de Reino Unido. Tambi\u00e9n hemos visto una <strong>potente exhibici\u00f3n a\u00e9rea<\/strong> de los caza F-35 y de los &#8216;Red Arrows&#8217;, el equipo acrob\u00e1tico de la Royal Air Force (RAF) que ha surcado los cielos y los te\u00f1\u00eda de los colores rojo, blanco y azul con sus estelas. Ah\u00ed, el tiempo meteorol\u00f3gico no acompa\u00f1aba a los asistentes, con todo completamente nublado, y<strong>\u00a0el viento ha jugado una mala pasada<\/strong> <strong>a Carlos III<\/strong> que terminaba en carcajadas.<strong>\u00a0<\/strong><\/p>\n<p> <img src=\"https:\/\/www.europesays.com\/es\/wp-content\/uploads\/2025\/09\/9d3f876162ef-gettyimages-2235379131.jpg\"   width=\"1024\" height=\"682\" loading=\"lazy\" decoding=\"async\" alt=\"Media Image\" fetchpriority=\"auto\" class=\"image ho-image\"\/>\u00a9 Getty Images<\/p>\n<p> <img src=\"https:\/\/www.europesays.com\/es\/wp-content\/uploads\/2025\/09\/fef346af8928-gettyimages-2235379320.jpg\"   width=\"1024\" height=\"682\" loading=\"lazy\" decoding=\"async\" alt=\"      \" fetchpriority=\"auto\" class=\"image ho-image\"\/>\u00a9 Getty Images      <\/p>\n<p> <img src=\"https:\/\/www.europesays.com\/es\/wp-content\/uploads\/2025\/09\/2e1a265a9c4c-gettyimages-2235379236.jpg\"   width=\"1024\" height=\"655\" loading=\"lazy\" decoding=\"async\" alt=\"Media Image\" fetchpriority=\"auto\" class=\"image ho-image\"\/>\u00a9 Getty Images<\/p>\n<p> <img src=\"https:\/\/www.europesays.com\/es\/wp-content\/uploads\/2025\/09\/0008ca284f36-gettyimages-2235378951.jpg\"   width=\"1024\" height=\"682\" loading=\"lazy\" decoding=\"async\" alt=\"Media Image\" fetchpriority=\"auto\" class=\"image ho-image\"\/>\u00a9 Getty Images<\/p>\n<p> <img src=\"https:\/\/www.europesays.com\/es\/wp-content\/uploads\/2025\/09\/223d6071c406-gettyimages-2235381758.jpg\"   width=\"1024\" height=\"682\" loading=\"lazy\" decoding=\"async\" alt=\"       \" fetchpriority=\"auto\" class=\"image ho-image\"\/>\u00a9 Getty Images       <\/p>\n<p data-wc=\"84\" id=\"egiUEQI6Xd\">El fuerte aire hac\u00eda que el monarca <strong>quedara completamente despeinado<\/strong>, con su pelo rebelde casi incontrolable, lo que ha provocado un <strong>ataque de risa\u00a0<\/strong>de su esposa mientras \u00e9l tambi\u00e9n se contagiaba. Aunque el Rey intentaba recomponer su cabello y la Reina miraba para otro lado tap\u00e1ndose la cara con la mano, esta no ha podido disimular ese momento tan c\u00f3mico. Pese a sus esfuerzos para que no se notara y pasara desapercibido, el instante era captado desde la distancia por los reporteros gr\u00e1ficos.<\/p>\n<p> <img src=\"https:\/\/www.europesays.com\/es\/wp-content\/uploads\/2025\/09\/2a3d32b6aca2-gettyimages-2235377473.jpg\"   width=\"1024\" height=\"683\" loading=\"lazy\" decoding=\"async\" alt=\"Media Image\" fetchpriority=\"auto\" class=\"image ho-image\"\/>\u00a9 Getty Images<\/p>\n<p> <img src=\"https:\/\/www.europesays.com\/es\/wp-content\/uploads\/2025\/09\/1bfec748f887-gettyimages-2235378966.jpg\"   width=\"1024\" height=\"633\" loading=\"lazy\" decoding=\"async\" alt=\"Media Image\" fetchpriority=\"auto\" class=\"image ho-image\"\/>\u00a9 Getty Images<\/p>\n<p> <img src=\"https:\/\/www.europesays.com\/es\/wp-content\/uploads\/2025\/09\/b7c5f6cce922-gettyimages-2235381602.jpg\"   width=\"1024\" height=\"682\" loading=\"lazy\" decoding=\"async\" alt=\"Media Image\" fetchpriority=\"auto\" class=\"image ho-image\"\/>\u00a9 Getty Images<\/p>\n<p> <img src=\"https:\/\/www.europesays.com\/es\/wp-content\/uploads\/2025\/09\/97a4bf49c8f1-gettyimages-2235386262.jpg\"   width=\"1024\" height=\"681\" loading=\"lazy\" decoding=\"async\" alt=\"      \" fetchpriority=\"auto\" class=\"image ho-image\"\/>\u00a9 Getty Images      <\/p>\n<p id=\"eIqBmXkLTZ\" data-wc=\"87\">Ya por la noche, llegar\u00e1 posiblemente el que es uno de los momentos m\u00e1s esperados de este primer d\u00eda del viaje de Estado de los Trump, cuando se ofrezca un cena-banquete de gala donde el monarca y el presidente pronunciar\u00e1n sendos discursos al comienzo del mismo. El jueves, el presidente viajar\u00e1 a Chequers para mantener una reuni\u00f3n con el ministro de Hacienda brit\u00e1nico, mientras que Melania Trump se ver\u00e1 con Kate Middleton en Frogmore Gardens para conocer al jefe y a los miembros del programa Ardillas Scouts.\u00a0<\/p>\n<p> <img src=\"https:\/\/www.europesays.com\/es\/wp-content\/uploads\/2025\/09\/5217417a540c-gettyimages-2235381927.jpg\"   width=\"1024\" height=\"682\" loading=\"lazy\" decoding=\"async\" alt=\"Media Image\" fetchpriority=\"auto\" class=\"image ho-image\"\/>\u00a9 Getty Images<\/p>\n<p> <img src=\"https:\/\/www.europesays.com\/es\/wp-content\/uploads\/2025\/09\/e4688fba887b-gettyimages-2235378998.jpg\"   width=\"1024\" height=\"677\" loading=\"lazy\" decoding=\"async\" alt=\"Media Image\" fetchpriority=\"auto\" class=\"image ho-image\"\/>\u00a9 Getty Images<\/p>\n<p> <img src=\"https:\/\/www.europesays.com\/es\/wp-content\/uploads\/2025\/09\/7a41cb095e4e-gettyimages-2235381705.jpg\"   width=\"1024\" height=\"682\" loading=\"lazy\" decoding=\"async\" alt=\"Media Image\" fetchpriority=\"auto\" class=\"image ho-image\"\/>\u00a9 Getty Images<\/p>\n<p> <img src=\"https:\/\/www.europesays.com\/es\/wp-content\/uploads\/2025\/09\/7b639ebea065-gettyimages-2235379208.jpg\"   width=\"1024\" height=\"683\" loading=\"lazy\" decoding=\"async\" alt=\"     \" fetchpriority=\"auto\" class=\"image ho-image\"\/>\u00a9 Getty Images     <\/p>\n<p> <img src=\"https:\/\/www.europesays.com\/es\/wp-content\/uploads\/2025\/09\/47f2f1f36705-gettyimages-2235386262.jpg\"   width=\"1024\" height=\"681\" loading=\"lazy\" decoding=\"async\" alt=\"          \" fetchpriority=\"auto\" class=\"image ho-image\"\/>\u00a9 Getty Images          <\/p>\n<p> <img src=\"https:\/\/www.europesays.com\/es\/wp-content\/uploads\/2025\/09\/a592f0a254ac-gettyimages-2235377665.jpg\"   width=\"1024\" height=\"682\" loading=\"lazy\" decoding=\"async\" alt=\"Media Image\" fetchpriority=\"auto\" class=\"image ho-image\"\/>\u00a9 Getty Images<\/p>\n","protected":false},"excerpt":{"rendered":"Tras la ceremonia oficial de bienvenida y el posterior almuerzo en Windsor, Donald y Melania Trump han sido&hellip;\n","protected":false},"author":2,"featured_media":121348,"comment_status":"","ping_status":"","sticky":false,"template":"","format":"standard","meta":{"footnotes":""},"categories":[174],"tags":[255,352,146,147,25,24,256,6585,18700,19628,1027,6856,23],"class_list":{"0":"post-121347","1":"post","2":"type-post","3":"status-publish","4":"format-standard","5":"has-post-thumbnail","7":"category-famosos","8":"tag-celebrities","9":"tag-donald-trump","10":"tag-entertainment","11":"tag-entretenimiento","12":"tag-es","13":"tag-espana","14":"tag-famosos","15":"tag-guillermo-de-inglaterra","16":"tag-kate-middleton","17":"tag-melania-trump","18":"tag-realeza","19":"tag-realeza-inglesa","20":"tag-spain"},"share_on_mastodon":{"url":"","error":""},"_links":{"self":[{"href":"https:\/\/www.europesays.com\/es\/wp-json\/wp\/v2\/posts\/121347","targetHints":{"allow":["GET"]}}],"collection":[{"href":"https:\/\/www.europesays.com\/es\/wp-json\/wp\/v2\/posts"}],"about":[{"href":"https:\/\/www.europesays.com\/es\/wp-json\/wp\/v2\/types\/post"}],"author":[{"embeddable":true,"href":"https:\/\/www.europesays.com\/es\/wp-json\/wp\/v2\/users\/2"}],"replies":[{"embeddable":true,"href":"https:\/\/www.europesays.com\/es\/wp-json\/wp\/v2\/comments?post=121347"}],"version-history":[{"count":0,"href":"https:\/\/www.europesays.com\/es\/wp-json\/wp\/v2\/posts\/121347\/revisions"}],"wp:featuredmedia":[{"embeddable":true,"href":"https:\/\/www.europesays.com\/es\/wp-json\/wp\/v2\/media\/121348"}],"wp:attachment":[{"href":"https:\/\/www.europesays.com\/es\/wp-json\/wp\/v2\/media?parent=121347"}],"wp:term":[{"taxonomy":"category","embeddable":true,"href":"https:\/\/www.europesays.com\/es\/wp-json\/wp\/v2\/categories?post=121347"},{"taxonomy":"post_tag","embeddable":true,"href":"https:\/\/www.europesays.com\/es\/wp-json\/wp\/v2\/tags?post=121347"}],"curies":[{"name":"wp","href":"https:\/\/api.w.org\/{rel}","templated":true}]}}