{"id":12135,"date":"2025-07-29T17:28:11","date_gmt":"2025-07-29T17:28:11","guid":{"rendered":"https:\/\/www.europesays.com\/es\/12135\/"},"modified":"2025-07-29T17:28:11","modified_gmt":"2025-07-29T17:28:11","slug":"toros-dos-desafios-una-corrida-concurso-y-una-novillada-carteles-para-septiembre-en-las-ventas-cultura","status":"publish","type":"post","link":"https:\/\/www.europesays.com\/es\/12135\/","title":{"rendered":"Toros: Dos desaf\u00edos, una corrida concurso y una novillada, carteles para septiembre en Las Ventas | Cultura"},"content":{"rendered":"<p class=\"\">Tres corridas de toros y una novillada con picadores componen los cuatro festejos que ha anunciado <a href=\"https:\/\/elpais.com\/cultura\/2022-09-02\/la-empresa-plaza-1-gana-el-concurso-de-las-ventas-y-la-gestionara-durante-cuatro-anos-prorrogables-hasta-un-maximo-de-seis.html\" target=\"_self\" rel=\"nofollow noopener\" title=\"https:\/\/elpais.com\/cultura\/2022-09-02\/la-empresa-plaza-1-gana-el-concurso-de-las-ventas-y-la-gestionara-durante-cuatro-anos-prorrogables-hasta-un-maximo-de-seis.html\">la empresa Plaza 1<\/a> para el mes de septiembre en la plaza de <a href=\"https:\/\/elpais.com\/noticias\/las-ventas\/\" target=\"_self\" rel=\"nofollow noopener\" title=\"https:\/\/elpais.com\/noticias\/las-ventas\/\">Las Ventas<\/a>, y todos ellos est\u00e1n cargados de novedades toristas. Hasta un total de 13 ganader\u00edas presentar\u00e1n sus reses en dos desaf\u00edos ganaderos, una corrida concurso y una novillada en la que se lidiar\u00e1n utreros de seis procedencias distintas. Toros de <a href=\"https:\/\/elpais.com\/cultura\/2025-07-12\/fuertes-emociones-ante-los-muy-serios-toros-de-escolar.html\" target=\"_self\" rel=\"nofollow noopener\" title=\"https:\/\/elpais.com\/cultura\/2025-07-12\/fuertes-emociones-ante-los-muy-serios-toros-de-escolar.html\">Jos\u00e9 Escolar<\/a> y <a href=\"https:\/\/elpais.com\/cultura\/2017\/06\/07\/actualidad\/1496869255_496694.html\" target=\"_self\" rel=\"nofollow noopener\" title=\"https:\/\/elpais.com\/cultura\/2017\/06\/07\/actualidad\/1496869255_496694.html\">Rehuelga<\/a> se enfrentar\u00e1n en el primer desaf\u00edo ganadero, y de Partido de Resina y Monteviejo en el segundo; y hasta seis hierros toristas -repiten Jos\u00e9 Escolar, Rehuelga y Partido de Resina- concursar\u00e1n en el \u00faltimo festejo del mes de septiembre.<\/p>\n<p class=\"\">Las combinaciones de los carteles son los siguientes:<\/p>\n<p class=\"\"><b>Domingo, 7 septiembre<\/b>. Novillada. Jes\u00fas \u00c1ngel Olivas, Aitor Fern\u00e1ndez (presentaci\u00f3n) y Villita (novillos de Toros de Brazuelas, Hermanos S\u00e1nchez de Le\u00f3n, Los Eulogios, Quintas, Jim\u00e9nez Pasquau y La Machamona).<\/p>\n<p class=\"\"><b>Domingo, 14.<\/b> Desaf\u00edo ganadero. Dami\u00e1n Casta\u00f1o, Juan de Castilla y Miguel Andrades (confirmaci\u00f3n) (toros de Jos\u00e9 Escolar y Rehuelga).<\/p>\n<p class=\"\"><b>Domingo, 21.<\/b> Desaf\u00edo ganadero. Seraf\u00edn Mar\u00edn, Juan Pablo S\u00e1nchez y Luis Gerpe (toros de Partido de Resina y Monteviejo).<\/p>\n<p class=\"\"><b>Domingo, 28. <\/b>Corrida concurso de ganader\u00edas. Rub\u00e9n Sanz (confirmaci\u00f3n), Javier Herrero y G\u00f3mez del Pilar (toros de Concha y Sierra, Palha, Partido de Resina, Murteira Grave, Jos\u00e9 Escolar y Rehuelga).<\/p>\n","protected":false},"excerpt":{"rendered":"Tres corridas de toros y una novillada con picadores componen los cuatro festejos que ha anunciado la empresa&hellip;\n","protected":false},"author":2,"featured_media":12136,"comment_status":"","ping_status":"","sticky":false,"template":"","format":"standard","meta":{"footnotes":""},"categories":[277],"tags":[373,2598,209,168,25,24,8456,3728,205,23,167,374,2487,444],"class_list":{"0":"post-12135","1":"post","2":"type-post","3":"status-publish","4":"format-standard","5":"has-post-thumbnail","7":"category-toreo","8":"tag-bullfighting","9":"tag-corridas-toros","10":"tag-cultura","11":"tag-deportes","12":"tag-es","13":"tag-espana","14":"tag-ganaderias-toros","15":"tag-las-ventas","16":"tag-madrid","17":"tag-spain","18":"tag-sports","19":"tag-toreo","20":"tag-toreros","21":"tag-toros"},"share_on_mastodon":{"url":"","error":""},"_links":{"self":[{"href":"https:\/\/www.europesays.com\/es\/wp-json\/wp\/v2\/posts\/12135","targetHints":{"allow":["GET"]}}],"collection":[{"href":"https:\/\/www.europesays.com\/es\/wp-json\/wp\/v2\/posts"}],"about":[{"href":"https:\/\/www.europesays.com\/es\/wp-json\/wp\/v2\/types\/post"}],"author":[{"embeddable":true,"href":"https:\/\/www.europesays.com\/es\/wp-json\/wp\/v2\/users\/2"}],"replies":[{"embeddable":true,"href":"https:\/\/www.europesays.com\/es\/wp-json\/wp\/v2\/comments?post=12135"}],"version-history":[{"count":0,"href":"https:\/\/www.europesays.com\/es\/wp-json\/wp\/v2\/posts\/12135\/revisions"}],"wp:featuredmedia":[{"embeddable":true,"href":"https:\/\/www.europesays.com\/es\/wp-json\/wp\/v2\/media\/12136"}],"wp:attachment":[{"href":"https:\/\/www.europesays.com\/es\/wp-json\/wp\/v2\/media?parent=12135"}],"wp:term":[{"taxonomy":"category","embeddable":true,"href":"https:\/\/www.europesays.com\/es\/wp-json\/wp\/v2\/categories?post=12135"},{"taxonomy":"post_tag","embeddable":true,"href":"https:\/\/www.europesays.com\/es\/wp-json\/wp\/v2\/tags?post=12135"}],"curies":[{"name":"wp","href":"https:\/\/api.w.org\/{rel}","templated":true}]}}