{"id":121351,"date":"2025-09-17T18:21:10","date_gmt":"2025-09-17T18:21:10","guid":{"rendered":"https:\/\/www.europesays.com\/es\/121351\/"},"modified":"2025-09-17T18:21:10","modified_gmt":"2025-09-17T18:21:10","slug":"criticas-en-calvia-por-el-proceso-de-concesion-de-ayudas-para-comprar-libros-de-texto","status":"publish","type":"post","link":"https:\/\/www.europesays.com\/es\/121351\/","title":{"rendered":"Cr\u00edticas en Calvi\u00e0 por el proceso de concesi\u00f3n de ayudas para comprar libros de texto"},"content":{"rendered":"<p class=\"ft-text\">Izquierda Unida de <a class=\"ft-link ft-link--decoration\" href=\"https:\/\/www.diariodemallorca.es\/part-forana\/2025\/09\/16\/calvia-lanza-programa-emprendedores-locales-121625887.html\" rel=\"nofollow noopener\" target=\"_blank\">Calvi\u00e0<\/a> ha denunciado que numerosas familias del municipio no han recibido a\u00fan las ayudas para la compra de libros y material escolar correspondientes al inicio del curso, lo que, seg\u00fan la formaci\u00f3n, ha generado malestar entre los residentes con menos recursos.<\/p>\n<p class=\"ft-text\">El <strong>coordinador local de IU, Alfonso Rodr\u00edguez<\/strong>, se\u00f1al\u00f3 que el coste de los libros puede superar los 800 euros por alumno y subray\u00f3 que el retraso en los pagos ha impedido a muchas familias afrontar todos los gastos escolares.<\/p>\n<p class=\"ft-text\">Adem\u00e1s, acus\u00f3 al equipo de gobierno de \u201cinactividad\u201d en materia social y critic\u00f3 la demora en la entrega de <a class=\"ft-link ft-link--decoration\" href=\"https:\/\/www.diariodemallorca.es\/fotos\/part-forana\/2025\/08\/19\/fotos-entrega-llaves-vpo-santa-120752947.html\" rel=\"nofollow noopener\" target=\"_blank\">99 viviendas de protecci\u00f3n oficial en Santa Pon\u00e7a<\/a>.<\/p>\n<p>Respuesta del Ayuntamiento<\/p>\n<p class=\"ft-text\">Consultado al respecto por este diario, el <strong>Ayuntamiento de Calvi\u00e0<\/strong> asegur\u00f3 que las ayudas se aprobaron en la junta de gobierno de septiembre y recalc\u00f3 que la convocatoria no fija una fecha concreta de abono. Seg\u00fan detall\u00f3 el Consistorio, los pagos pueden realizarse a lo largo de este a\u00f1o y el 31 de diciembre es la fecha l\u00edmite establecida.<\/p>\n<p class=\"ft-text\">El equipo de gobierno a\u00f1adi\u00f3 que estas ayudas tienen car\u00e1cter extraordinario y no forman parte de las competencias obligatorias del municipio, sino que dependen de la decisi\u00f3n anual del ejecutivo local.<\/p>\n","protected":false},"excerpt":{"rendered":"Izquierda Unida de Calvi\u00e0 ha denunciado que numerosas familias del municipio no han recibido a\u00fan las ayudas para&hellip;\n","protected":false},"author":2,"featured_media":121352,"comment_status":"","ping_status":"","sticky":false,"template":"","format":"standard","meta":{"footnotes":""},"categories":[172],"tags":[249,1250,224,39990,14086,6621,146,147,25,24,582,39991,225,8626,23],"class_list":{"0":"post-121351","1":"post","2":"type-post","3":"status-publish","4":"format-standard","5":"has-post-thumbnail","7":"category-libros","8":"tag-ayudas","9":"tag-ayuntamiento","10":"tag-books","11":"tag-calvia","12":"tag-concesion","13":"tag-criticas","14":"tag-entertainment","15":"tag-entretenimiento","16":"tag-es","17":"tag-espana","18":"tag-gobierno","19":"tag-izquierda-unida","20":"tag-libros","21":"tag-proceso","22":"tag-spain"},"share_on_mastodon":{"url":"","error":""},"_links":{"self":[{"href":"https:\/\/www.europesays.com\/es\/wp-json\/wp\/v2\/posts\/121351","targetHints":{"allow":["GET"]}}],"collection":[{"href":"https:\/\/www.europesays.com\/es\/wp-json\/wp\/v2\/posts"}],"about":[{"href":"https:\/\/www.europesays.com\/es\/wp-json\/wp\/v2\/types\/post"}],"author":[{"embeddable":true,"href":"https:\/\/www.europesays.com\/es\/wp-json\/wp\/v2\/users\/2"}],"replies":[{"embeddable":true,"href":"https:\/\/www.europesays.com\/es\/wp-json\/wp\/v2\/comments?post=121351"}],"version-history":[{"count":0,"href":"https:\/\/www.europesays.com\/es\/wp-json\/wp\/v2\/posts\/121351\/revisions"}],"wp:featuredmedia":[{"embeddable":true,"href":"https:\/\/www.europesays.com\/es\/wp-json\/wp\/v2\/media\/121352"}],"wp:attachment":[{"href":"https:\/\/www.europesays.com\/es\/wp-json\/wp\/v2\/media?parent=121351"}],"wp:term":[{"taxonomy":"category","embeddable":true,"href":"https:\/\/www.europesays.com\/es\/wp-json\/wp\/v2\/categories?post=121351"},{"taxonomy":"post_tag","embeddable":true,"href":"https:\/\/www.europesays.com\/es\/wp-json\/wp\/v2\/tags?post=121351"}],"curies":[{"name":"wp","href":"https:\/\/api.w.org\/{rel}","templated":true}]}}