{"id":121355,"date":"2025-09-17T18:23:05","date_gmt":"2025-09-17T18:23:05","guid":{"rendered":"https:\/\/www.europesays.com\/es\/121355\/"},"modified":"2025-09-17T18:23:05","modified_gmt":"2025-09-17T18:23:05","slug":"cardi-b-revela-que-espera-un-hijo-con-el-jugador-de-la-nfl-stefon-diggs","status":"publish","type":"post","link":"https:\/\/www.europesays.com\/es\/121355\/","title":{"rendered":"Cardi B revela que espera un hijo con el jugador de la NFL Stefon Diggs"},"content":{"rendered":"<p>      CNN<br \/>\n        \u00a0\u2014\u00a0<\/p>\n<p class=\"paragraph inline-placeholder vossi-paragraph\" data-uri=\"es.cms.cnn.com\/_components\/paragraph\/instances\/cmfo3zd5e003t2cqr0cmc0c7d@published\" data-editable=\"text\" data-component-name=\"paragraph\" data-article-gutter=\"true\">\n            Despu\u00e9s de su reciente <a href=\"https:\/\/cnnespanol.cnn.com\/2025\/09\/03\/entretenimiento\/jurado-cardi-b-no-responsable-agresion-demanda-trax\" rel=\"nofollow noopener\" target=\"_blank\">victoria en un caso de litigio civil<\/a>, Cardi B est\u00e1 celebrando una noticia personal.\n    <\/p>\n<p class=\"paragraph inline-placeholder vossi-paragraph\" data-uri=\"es.cms.cnn.com\/_components\/paragraph\/instances\/cmfo3zhne0000356ngm90vhf9@published\" data-editable=\"text\" data-component-name=\"paragraph\" data-article-gutter=\"true\">\n            La rapera y artista ganadora del Grammy revel\u00f3 este mi\u00e9rcoles que est\u00e1 esperando su primer hijo con su novio Stefon Diggs, receptor abierto de la NFL.\n    <\/p>\n<p class=\"paragraph inline-placeholder vossi-paragraph\" data-uri=\"es.cms.cnn.com\/_components\/paragraph\/instances\/cmfo43q7f0009356nmmase5wo@published\" data-editable=\"text\" data-component-name=\"paragraph\" data-article-gutter=\"true\">\n            \u201cSiento que estoy en un buen momento\u201d, le dijo la cantante a Gayle King en una entrevista con CBS este mi\u00e9rcoles.\n    <\/p>\n<p>       <img decoding=\"async\" src=\"https:\/\/www.europesays.com\/es\/wp-content\/uploads\/2025\/09\/cardi-b-expecting-child.jpg\" alt=\"Cardi B y Stefon Diggs en mayo de 2025.\" class=\"image__dam-img image__dam-img--loading\" onload=\"this.classList.remove('image__dam-img--loading')\" onerror=\"imageLoadError(this)\" height=\"900\" width=\"1300\" loading=\"lazy\"\/><\/p>\n<p class=\"paragraph inline-placeholder vossi-paragraph\" data-uri=\"es.cms.cnn.com\/_components\/paragraph\/instances\/cmfo43uxg000b356nbom1kae8@published\" data-editable=\"text\" data-component-name=\"paragraph\" data-article-gutter=\"true\">\n            \u201cMe siento muy poderosa por estar haciendo todo este trabajo. Pero estoy haciendo todo este trabajo mientras estoy creando un beb\u00e9, y mi pareja y yo nos apoyamos mucho mutuamente\u201d, agreg\u00f3.\n    <\/p>\n<p class=\"paragraph inline-placeholder vossi-paragraph\" data-uri=\"es.cms.cnn.com\/_components\/paragraph\/instances\/cmfo42o9n0007356nxscid3xw@published\" data-editable=\"text\" data-component-name=\"paragraph\" data-article-gutter=\"true\">\n            La noticia llega mientras ella ha estado involucrada en un divorcio contencioso con el tambi\u00e9n rapero Offset, con quien se cas\u00f3 en septiembre de 2017.\n    <\/p>\n<p class=\"paragraph inline-placeholder vossi-paragraph\" data-uri=\"es.cms.cnn.com\/_components\/paragraph\/instances\/cmfo4esjb001j356n1vgthpbt@published\" data-editable=\"text\" data-component-name=\"paragraph\" data-article-gutter=\"true\">\n            Tienen tres hijos peque\u00f1os y se han separado varias veces a lo largo de su relaci\u00f3n.\n    <\/p>\n<p class=\"paragraph inline-placeholder vossi-paragraph\" data-uri=\"es.cms.cnn.com\/_components\/paragraph\/instances\/cmfo44vu5000i356nyj84ftvd@published\" data-editable=\"text\" data-component-name=\"paragraph\" data-article-gutter=\"true\">\n            Cardi B habl\u00f3 positivamente de su relaci\u00f3n con Diggs, quien juega para los New England Patriots, y le dijo a CBS que \u00e9l la hace sentir \u201csegura, muy confiada y muy fuerte\u201d.\n    <\/p>\n<p class=\"paragraph inline-placeholder vossi-paragraph\" data-uri=\"es.cms.cnn.com\/_components\/paragraph\/instances\/cmfo44vu5000j356ngzdknyvn@published\" data-editable=\"text\" data-component-name=\"paragraph\" data-article-gutter=\"true\">\n            \u201cQuiero decir, hace como dos semanas literalmente tuve un ataque de p\u00e1nico. Estaba llorando y llorando y llorando, simplemente porque me estaba poniendo muy nerviosa con, ya sabes, todo el lanzamiento del \u00e1lbum\u201d, dijo Cardi B.\n    <\/p>\n<p class=\"paragraph inline-placeholder vossi-paragraph\" data-uri=\"es.cms.cnn.com\/_components\/paragraph\/instances\/cmfo4d2j0001f356neg30s3ao@published\" data-editable=\"text\" data-component-name=\"paragraph\" data-article-gutter=\"true\">\n            \u201cLa gente me estaba atacando muy fuerte. A veces la gente te ama, a veces te odia. Y la gente estaba diciendo cosas muy feas sobre m\u00ed\u201d.\n    <\/p>\n<p class=\"paragraph inline-placeholder vossi-paragraph\" data-uri=\"es.cms.cnn.com\/_components\/paragraph\/instances\/cmfo44vu5000k356njfusb5yo@published\" data-editable=\"text\" data-component-name=\"paragraph\" data-article-gutter=\"true\">\n            \u201cAm I the Drama?\u201d \u2014su \u00faltimo \u00e1lbum\u2014 est\u00e1 programado para salir este viernes.\n    <\/p>\n","protected":false},"excerpt":{"rendered":"CNN \u00a0\u2014\u00a0 Despu\u00e9s de su reciente victoria en un caso de litigio civil, Cardi B est\u00e1 celebrando una&hellip;\n","protected":false},"author":2,"featured_media":121356,"comment_status":"","ping_status":"","sticky":false,"template":"","format":"standard","meta":{"footnotes":""},"categories":[170],"tags":[31360,929,146,147,25,24,184,185,23,39992],"class_list":{"0":"post-121355","1":"post","2":"type-post","3":"status-publish","4":"format-standard","5":"has-post-thumbnail","7":"category-musica","8":"tag-cardi-b","9":"tag-embarazo","10":"tag-entertainment","11":"tag-entretenimiento","12":"tag-es","13":"tag-espana","14":"tag-music","15":"tag-musica","16":"tag-spain","17":"tag-stefon-diggs"},"share_on_mastodon":{"url":"","error":""},"_links":{"self":[{"href":"https:\/\/www.europesays.com\/es\/wp-json\/wp\/v2\/posts\/121355","targetHints":{"allow":["GET"]}}],"collection":[{"href":"https:\/\/www.europesays.com\/es\/wp-json\/wp\/v2\/posts"}],"about":[{"href":"https:\/\/www.europesays.com\/es\/wp-json\/wp\/v2\/types\/post"}],"author":[{"embeddable":true,"href":"https:\/\/www.europesays.com\/es\/wp-json\/wp\/v2\/users\/2"}],"replies":[{"embeddable":true,"href":"https:\/\/www.europesays.com\/es\/wp-json\/wp\/v2\/comments?post=121355"}],"version-history":[{"count":0,"href":"https:\/\/www.europesays.com\/es\/wp-json\/wp\/v2\/posts\/121355\/revisions"}],"wp:featuredmedia":[{"embeddable":true,"href":"https:\/\/www.europesays.com\/es\/wp-json\/wp\/v2\/media\/121356"}],"wp:attachment":[{"href":"https:\/\/www.europesays.com\/es\/wp-json\/wp\/v2\/media?parent=121355"}],"wp:term":[{"taxonomy":"category","embeddable":true,"href":"https:\/\/www.europesays.com\/es\/wp-json\/wp\/v2\/categories?post=121355"},{"taxonomy":"post_tag","embeddable":true,"href":"https:\/\/www.europesays.com\/es\/wp-json\/wp\/v2\/tags?post=121355"}],"curies":[{"name":"wp","href":"https:\/\/api.w.org\/{rel}","templated":true}]}}