{"id":121357,"date":"2025-09-17T18:24:12","date_gmt":"2025-09-17T18:24:12","guid":{"rendered":"https:\/\/www.europesays.com\/es\/121357\/"},"modified":"2025-09-17T18:24:12","modified_gmt":"2025-09-17T18:24:12","slug":"la-pelicula-nazi-del-titanic-existe-y-en-el-barco-en-el-que-rodaron-murio-mas-gente-que-en-la-catastrofe-original","status":"publish","type":"post","link":"https:\/\/www.europesays.com\/es\/121357\/","title":{"rendered":"La pel\u00edcula nazi del Titanic existe. Y en el barco en el que rodaron muri\u00f3 m\u00e1s gente que en la cat\u00e1strofe original"},"content":{"rendered":"<p>Hemos asociado la tragedia del Titanic tanto con <a class=\"text-outboundlink\" href=\"https:\/\/www.espinof.com\/criticas\/titanic-james-cameron-arraso-historico-romance-pasado-agua-protagonizado-leonardo-dicaprio-kate-winslet\" data-vars-post-title=\"&#039;Titanic&#039;: James Cameron arras\u00f3 con el hist\u00f3rico romance pasado por agua protagonizado por Leonardo DiCaprio y Kate Winslet\" data-vars-post-url=\"https:\/\/www.espinof.com\/criticas\/titanic-james-cameron-arraso-historico-romance-pasado-agua-protagonizado-leonardo-dicaprio-kate-winslet\" rel=\"nofollow noopener\" target=\"_blank\">la pel\u00edcula<\/a> de James Cameron que podr\u00eda parecer que es la \u00fanica que hay, pero desde que ocurriera en 1912, el mundo del cine ha intentado numerosas veces dar su versi\u00f3n de los hechos. En el caso de Alemania, el pa\u00eds lo hizo hasta tres veces, con la \u00faltima ocurriendo literalmente durante el Tercer Reich.<\/p>\n<p>Como todo el cine que se realiz\u00f3 en aquella \u00e9poca, <strong>la propaganda iba primero y el inter\u00e9s art\u00edstico despu\u00e9s<\/strong>. Al contrario que las adaptaciones previas alemanas, ocurridas en 1912 (apenas meses despu\u00e9s del hundimiento real) y 1929, que eran dramatizaciones cl\u00e1sicas del accidente, la versi\u00f3n de 1943 ten\u00eda un fuerte enfoque nacionalsocialista. Uno que serv\u00eda como met\u00e1fora de la audacia alemana frente a la avaricia brit\u00e1nico-americana.<\/p>\n<p>                   <img class=\"centro_sinmarco\" height=\"675\" width=\"1200\" loading=\"lazy\" decoding=\"async\"  fetchpriority=\"high\"  src=\"https:\/\/www.europesays.com\/es\/wp-content\/uploads\/2025\/09\/1758133450_240_450_1000.jpeg\" alt=\"Titanic 1200 1200 675 675 Crop 000000\"\/><\/p>\n<p><strong>El argumento tergiversaba al extremo la tragedia original<\/strong>, apoy\u00e1ndose en el mito de que el hundimiento original hab\u00eda sido causado por la avaricia de una naviera brit\u00e1nica que, en bancarrota y ansiosa de recuperar relevancia, quer\u00eda conseguir un r\u00e9cord de velocidad en el viaje. Como protagonista tr\u00e1gico, la pel\u00edcula introduc\u00eda al primer oficial Petersen, un personaje alem\u00e1n completamente nuevo que era el comp\u00e1s moral de la historia, y que advert\u00eda de lo arriesgado del viaje pese a que el resto de oficiales hac\u00edan o\u00eddos sordos.<\/p>\n<p>Con una producci\u00f3n ambiciosa y un presupuesto inflado (se <a rel=\"noopener, noreferrer nofollow\" href=\"https:\/\/www.bbc.com\/mundo\/noticias-64230404\" target=\"_blank\">reportan<\/a> cuatro millones de reichsmark) que lleg\u00f3 a hacerla la pel\u00edcula m\u00e1s cara en Alemania de la \u00e9poca, habr\u00eda sido dif\u00edcil que esta bizarra adaptaci\u00f3n pasase sin pena ni gloria entre otras pel\u00edculas nazis de la \u00e9poca. Pero en \u00faltima instancia fue la tragedia lo que la defini\u00f3.<\/p>\n<p>                   <img class=\"centro_sinmarco\" height=\"720\" width=\"1280\" loading=\"lazy\" decoding=\"async\"  fetchpriority=\"high\"  src=\"https:\/\/www.europesays.com\/es\/wp-content\/uploads\/2025\/09\/1758133451_935_450_1000.jpeg\" alt=\"Titanic\"\/><\/p>\n<p><strong>Su rodaje fue un caos<\/strong>. Marcado en parte por la inseguridad de estar filmando en la Polonia ocupada y con constantes ataques de los aliados a su alrededor, y en parte por contar entre los extras a soldados alemanes que constantemente se propasaban con las actrices. Los enfrentamientos entre el director Herbert Selpin y Joseph Goebbels, jefe de propaganda del partido, fueron sonoros, y se zanjaron de la forma m\u00e1s tajante posible. Tras sus cr\u00edticas al ej\u00e9rcito alem\u00e1n, Selpin fue interrogado y enviado a la c\u00e1rcel, solo para m\u00e1s tarde ser encontrado muerto en su celda.<\/p>\n<p>Entre los muchos excesos de la pel\u00edcula hab\u00eda estado el contar con el <strong>Cap Arcona<\/strong>, un lujoso transatl\u00e1ntico alem\u00e1n que era el escenario perfecto para dar vida al Titanic. El rodaje casi que sirvi\u00f3 de oscura premonici\u00f3n. En 1945, d\u00edas antes de acabar la Segunda Guerra Mundial, el Arcona tambi\u00e9n se hundi\u00f3. En este caso debido a un ataque de la armada brit\u00e1nica que caus\u00f3 la muerte de 4.500 prisioneros pol\u00edticos en su interior. Una cifra que triplica la del hundimiento original.<\/p>\n<p>    <a href=\"https:\/\/www.xataka.com\/magnet\/mandos-guerra-ucrania-han-dejado-ser-cosa-humanos-hay-drones-dando-ordenes-a-drones-antes-atacar\" class=\"pivot-outboundlink\" target=\"_blank\" data-vars-post-title=\"Rusia y el arma m\u00e1s temible para Ucrania: se llama Orbita y no dispara, pero convierte a sus soldados en \u201cinvisibles\u201d\" rel=\"nofollow noopener\"><br \/>\n     <img loading=\"lazy\" decoding=\"async\" alt=\"Rusia y el arma m\u00e1s temible para Ucrania: se llama Orbita y no dispara, pero convierte a sus soldados en \u201cinvisibles\u201d\" width=\"375\" height=\"142\" src=\"https:\/\/www.europesays.com\/es\/wp-content\/uploads\/2025\/09\/1758059647_406_375_142.jpeg\"\/><br \/>\n    <\/a><\/p>\n<p>Desde entonces la hip\u00f3tesis frecuente es la de que fue planeado por los propios alemanes, que pusieron a prisioneros pol\u00edticos espec\u00edficamente para deshacerse de ellos. Al contrario del Titanic, el hundimiento del Arcona es un episodio olvidado en la historia mundial, con <a rel=\"noopener, noreferrer nofollow\" href=\"https:\/\/www.youtube.com\/watch?v=lNHzL6VLMNg&amp;ab_channel=60Minutes\" target=\"_blank\">escasos documentales<\/a> que hayan cubierto los hechos, y desde luego ninguna pel\u00edcula taquillera.<\/p>\n<p>En Espinof | <a class=\"text-outboundlink\" href=\"https:\/\/www.espinof.com\/actores-y-actrices\/hace-casi-30-anos-matthew-mcconaughey-pudo-protagonizar-uno-grandes-exitos-james-cameron-otra-joven-estrella-le-robo-puesto\" data-vars-post-title=\"&quot;Estuvo bastante bien. Gracias&quot;: Matthew McConaughey pudo protagonizar &#039;Titanic&#039; pero James Cameron le descart\u00f3 por un detalle que no se pudo negociar\" data-vars-post-url=\"https:\/\/www.espinof.com\/actores-y-actrices\/hace-casi-30-anos-matthew-mcconaughey-pudo-protagonizar-uno-grandes-exitos-james-cameron-otra-joven-estrella-le-robo-puesto\" rel=\"nofollow noopener\" target=\"_blank\">\u00abEstuvo bastante bien. Gracias\u00bb: Matthew McConaughey pudo protagonizar &#8216;Titanic&#8217; pero James Cameron le descart\u00f3 por un detalle que no se pudo negociar<\/a><\/p>\n<p>En Espinof | <a class=\"text-outboundlink\" href=\"https:\/\/www.espinof.com\/divulgacion\/hombre-corazon-hierro-se-inspira-increible-historia-real-que-acabo-uno-mayores-lideres-nazis-ii-guerra-mundial\" data-vars-post-title=\"&#039;El hombre del coraz\u00f3n de hierro&#039; se inspira en una incre\u00edble historia real que acab\u00f3 con uno de los mayores l\u00edderes nazis en la II Guerra Mundial \" data-vars-post-url=\"https:\/\/www.espinof.com\/divulgacion\/hombre-corazon-hierro-se-inspira-increible-historia-real-que-acabo-uno-mayores-lideres-nazis-ii-guerra-mundial\" rel=\"nofollow noopener\" target=\"_blank\">&#8216;El hombre del coraz\u00f3n de hierro&#8217; se inspira en una incre\u00edble historia real que acab\u00f3 con uno de los mayores l\u00edderes nazis en la II Guerra Mundial<\/a><\/p>\n","protected":false},"excerpt":{"rendered":"Hemos asociado la tragedia del Titanic tanto con la pel\u00edcula de James Cameron que podr\u00eda parecer que es&hellip;\n","protected":false},"author":2,"featured_media":121358,"comment_status":"","ping_status":"","sticky":false,"template":"","format":"standard","meta":{"footnotes":""},"categories":[169],"tags":[177,146,147,25,24,176,175,23],"class_list":{"0":"post-121357","1":"post","2":"type-post","3":"status-publish","4":"format-standard","5":"has-post-thumbnail","7":"category-cine","8":"tag-cine","9":"tag-entertainment","10":"tag-entretenimiento","11":"tag-es","12":"tag-espana","13":"tag-film","14":"tag-movies","15":"tag-spain"},"share_on_mastodon":{"url":"","error":""},"_links":{"self":[{"href":"https:\/\/www.europesays.com\/es\/wp-json\/wp\/v2\/posts\/121357","targetHints":{"allow":["GET"]}}],"collection":[{"href":"https:\/\/www.europesays.com\/es\/wp-json\/wp\/v2\/posts"}],"about":[{"href":"https:\/\/www.europesays.com\/es\/wp-json\/wp\/v2\/types\/post"}],"author":[{"embeddable":true,"href":"https:\/\/www.europesays.com\/es\/wp-json\/wp\/v2\/users\/2"}],"replies":[{"embeddable":true,"href":"https:\/\/www.europesays.com\/es\/wp-json\/wp\/v2\/comments?post=121357"}],"version-history":[{"count":0,"href":"https:\/\/www.europesays.com\/es\/wp-json\/wp\/v2\/posts\/121357\/revisions"}],"wp:featuredmedia":[{"embeddable":true,"href":"https:\/\/www.europesays.com\/es\/wp-json\/wp\/v2\/media\/121358"}],"wp:attachment":[{"href":"https:\/\/www.europesays.com\/es\/wp-json\/wp\/v2\/media?parent=121357"}],"wp:term":[{"taxonomy":"category","embeddable":true,"href":"https:\/\/www.europesays.com\/es\/wp-json\/wp\/v2\/categories?post=121357"},{"taxonomy":"post_tag","embeddable":true,"href":"https:\/\/www.europesays.com\/es\/wp-json\/wp\/v2\/tags?post=121357"}],"curies":[{"name":"wp","href":"https:\/\/api.w.org\/{rel}","templated":true}]}}