{"id":121359,"date":"2025-09-17T18:25:14","date_gmt":"2025-09-17T18:25:14","guid":{"rendered":"https:\/\/www.europesays.com\/es\/121359\/"},"modified":"2025-09-17T18:25:14","modified_gmt":"2025-09-17T18:25:14","slug":"real-madrid-la-lesion-de-trent-contra-el-olympique-le-dejara-al-menos-un-mes-de-baja-futbol-deportes","status":"publish","type":"post","link":"https:\/\/www.europesays.com\/es\/121359\/","title":{"rendered":"Real Madrid : La lesi\u00f3n de Trent contra el Olympique le dejar\u00e1 al menos un mes de baja | F\u00fatbol | Deportes"},"content":{"rendered":"<p class=\"\">Trent Alexander-Arnold se sent\u00f3 este martes por la noche en la hierba del Bernab\u00e9u cuando solo hab\u00edan transcurrido tres minutos del <a href=\"https:\/\/elpais.com\/deportes\/futbol\/2025-09-16\/mbappe-al-rescate-para-la-remontada-del-madrid-al-olympique.html\" target=\"_self\" rel=\"nofollow noopener\" title=\"https:\/\/elpais.com\/deportes\/futbol\/2025-09-16\/mbappe-al-rescate-para-la-remontada-del-madrid-al-olympique.html\">Real Madrid-Olympique de Marsella<\/a>. Hab\u00eda notado un chasquido en la parte posterior del muslo izquierdo. Este mi\u00e9rcoles por la ma\u00f1ana le revisaron la pierna los servicios m\u00e9dicos del club y encontraron \u201cuna lesi\u00f3n muscular en el b\u00edceps femoral de su pierna izquierda\u201c, que seg\u00fan fuentes internas supone entre seis y ocho semanas de baja, lo que probablemente signifique que se pierda lo que iba a ser su regreso a Anfield para enfrentarse el 4 de noviembre al Liverpool, su exequipo.<\/p>\n<p class=\"\">Adem\u00e1s de los tres minutos contra el Olympique, Trent hab\u00eda jugado solo nueve contra la Real Sociedad el s\u00e1bado, despu\u00e9s de dos semanas completas trabajando en Valdebebas sin competir, ya que Thomas Tuchel lo dej\u00f3 fuera de la \u00faltima lista de Inglaterra. <\/p>\n<p class=\"\">La baja del ingl\u00e9s ampl\u00eda la escasez de Xabi Alonso en la defensa cuando acaba de comenzar el tramo de la temporada en el que el Madrid debe jugar dos partidos por semana. <a href=\"https:\/\/elpais.com\/deportes\/futbol\/2025-09-12\/rudiger-se-lesiona-en-el-entrenamiento-y-estara-al-menos-dos-meses-de-baja.html\" target=\"_self\" rel=\"nofollow noopener\" title=\"https:\/\/elpais.com\/deportes\/futbol\/2025-09-12\/rudiger-se-lesiona-en-el-entrenamiento-y-estara-al-menos-dos-meses-de-baja.html\">El viernes pasado perdi\u00f3 a Antonio R\u00fcdiger<\/a> en el \u00faltimo ejercicio del entrenamiento previo al partido de Liga en Anoeta. El alem\u00e1n sufri\u00f3 una lesi\u00f3n en el recto anterior de la pierna izquierda que el club calcula que le tendr\u00e1 fuera de combate entre diez y doce semanas. De cumplirse los pron\u00f3sticos, regresar\u00eda m\u00e1s o menos al mismo tiempo que Trent.<\/p>\n<p class=\"\">A estas ausencias por percances f\u00edsicos se suman las de los \u00faltimos expulsados, Huijsen y Carvajal. La roja del central el s\u00e1bado contra la Real Sociedad <a href=\"https:\/\/elpais.com\/deportes\/futbol\/2025-09-16\/el-cta-considera-que-la-sancion-mas-adecuada-a-huijsen-era-tarjeta-amarilla-y-no-roja.html\" target=\"_self\" rel=\"nofollow noopener\" title=\"https:\/\/elpais.com\/deportes\/futbol\/2025-09-16\/el-cta-considera-que-la-sancion-mas-adecuada-a-huijsen-era-tarjeta-amarilla-y-no-roja.html\">conlleva un partido de castigo<\/a> en la Liga, seg\u00fan la resoluci\u00f3n del Comit\u00e9 de Disciplina de la RFEF adoptada este mi\u00e9rcoles, que desestim\u00f3 las alegaciones del Madrid que, para dejar sin efecto la expulsi\u00f3n, sosten\u00eda que la jugada no era una ocasi\u00f3n manifiesta. Sin embargo, el comit\u00e9 no ha entrado a valorar esta circunstancia. Recuerda que \u201cel Tribunal Administrativo del Deporte ha precisado que la funci\u00f3n de los \u00f3rganos disciplinarios \u2018nunca podr\u00e1 suponer rearbitrar la competici\u00f3n o prueba deportiva de referencia\u201d. El club cree que esto no es el final del proceso, ya que mientras se desarrollaba esta primera fase el Comit\u00e9 T\u00e9cnico de \u00c1rbitros public\u00f3 este martes un v\u00eddeo en el que aseguraba que la jugada deber\u00eda haberse zanjado con una amarilla, y no con una roja. El Madrid planea incluir esta valoraci\u00f3n del \u00f3rgano de gobierno de los \u00e1rbitros en su escrito al Comit\u00e9 de Apelaci\u00f3n.<\/p>\n<p class=\"\">Adem\u00e1s, el Madrid est\u00e1 pendiente de las consecuencias de la expulsi\u00f3n de Carvajal este martes por propinar un cabezazo a Rulli, <a href=\"https:\/\/elpais.com\/deportes\/futbol\/2025-09-16\/mbappe-al-rescate-para-la-remontada-del-madrid-al-olympique.html\" target=\"_self\" rel=\"nofollow noopener\" title=\"https:\/\/elpais.com\/deportes\/futbol\/2025-09-16\/mbappe-al-rescate-para-la-remontada-del-madrid-al-olympique.html\">el portero del Olympique de Marsella<\/a>. Es seguro que Xabi no podr\u00e1 contar con ninguno de sus dos laterales derechos al menos para el pr\u00f3ximo partido de Champions, el 30 de septiembre contra el Kairat en Kazajist\u00e1n. Y podr\u00eda ser alguno m\u00e1s, en funci\u00f3n de la gravedad que otorguen a la acci\u00f3n los \u00f3rganos disciplinarios de la UEFA.<\/p>\n","protected":false},"excerpt":{"rendered":"Trent Alexander-Arnold se sent\u00f3 este martes por la noche en la hierba del Bernab\u00e9u cuando solo hab\u00edan transcurrido&hellip;\n","protected":false},"author":2,"featured_media":121360,"comment_status":"","ping_status":"","sticky":false,"template":"","format":"standard","meta":{"footnotes":""},"categories":[93],"tags":[20594,20591,1540,27741,33709,168,927,1539,25,24,282,1538,10976,3048,23,167,10344],"class_list":{"0":"post-121359","1":"post","2":"type-post","3":"status-publish","4":"format-standard","5":"has-post-thumbnail","7":"category-deportes","8":"tag-alexander-arnold","9":"tag-antonio-rudiger","10":"tag-competiciones","11":"tag-dani-carvajal","12":"tag-dean-huijsen","13":"tag-deportes","14":"tag-deportistas","15":"tag-entrenadores","16":"tag-es","17":"tag-espana","18":"tag-futbol","19":"tag-futbolistas","20":"tag-lesiones-deportivas","21":"tag-real-madrid","22":"tag-spain","23":"tag-sports","24":"tag-xabi-alonso"},"share_on_mastodon":{"url":"","error":""},"_links":{"self":[{"href":"https:\/\/www.europesays.com\/es\/wp-json\/wp\/v2\/posts\/121359","targetHints":{"allow":["GET"]}}],"collection":[{"href":"https:\/\/www.europesays.com\/es\/wp-json\/wp\/v2\/posts"}],"about":[{"href":"https:\/\/www.europesays.com\/es\/wp-json\/wp\/v2\/types\/post"}],"author":[{"embeddable":true,"href":"https:\/\/www.europesays.com\/es\/wp-json\/wp\/v2\/users\/2"}],"replies":[{"embeddable":true,"href":"https:\/\/www.europesays.com\/es\/wp-json\/wp\/v2\/comments?post=121359"}],"version-history":[{"count":0,"href":"https:\/\/www.europesays.com\/es\/wp-json\/wp\/v2\/posts\/121359\/revisions"}],"wp:featuredmedia":[{"embeddable":true,"href":"https:\/\/www.europesays.com\/es\/wp-json\/wp\/v2\/media\/121360"}],"wp:attachment":[{"href":"https:\/\/www.europesays.com\/es\/wp-json\/wp\/v2\/media?parent=121359"}],"wp:term":[{"taxonomy":"category","embeddable":true,"href":"https:\/\/www.europesays.com\/es\/wp-json\/wp\/v2\/categories?post=121359"},{"taxonomy":"post_tag","embeddable":true,"href":"https:\/\/www.europesays.com\/es\/wp-json\/wp\/v2\/tags?post=121359"}],"curies":[{"name":"wp","href":"https:\/\/api.w.org\/{rel}","templated":true}]}}