{"id":121361,"date":"2025-09-17T18:26:10","date_gmt":"2025-09-17T18:26:10","guid":{"rendered":"https:\/\/www.europesays.com\/es\/121361\/"},"modified":"2025-09-17T18:26:10","modified_gmt":"2025-09-17T18:26:10","slug":"alerta-sanitaria-en-estado-de-india-por-la-ameba-comecerebros","status":"publish","type":"post","link":"https:\/\/www.europesays.com\/es\/121361\/","title":{"rendered":"Alerta sanitaria en estado de India por la ameba \u00abcomecerebros\u00bb"},"content":{"rendered":"<p>Nueva Delhi (EFE).- El estado de Kerala, en el sur de la India, declar\u00f3 este mi\u00e9rcoles la alerta sanitaria tras confirmarse 19 muertes este a\u00f1o por la infecci\u00f3n causada por la llamada ameba \u00abcomecerebros\u00bb, un par\u00e1sito letal que vive en aguas dulces y c\u00e1lidas contaminadas, seg\u00fan datos oficiales.<\/p>\n<p>En total se han detectado al menos 69 casos de meningoencefalitis amebiana primaria en 2025, una enfermedad rara pero con una tasa de mortalidad cercana al 95 %, seg\u00fan el Departamento de Salud del Estado. Solo este mes se han confirmado 23 nuevos casos y nueve muertes.<\/p>\n<p>Las v\u00edctimas incluyen desde beb\u00e9s de pocos meses hasta adultos mayores y ha pasado de encontrarse de manera focalizada a presentar casos generalizados en la regi\u00f3n, lo que ha incrementado la alarma entre la poblaci\u00f3n.<\/p>\n<p>Casos \u00abaislados\u00bb y no relacionados<\/p>\n<p>La ministra de Salud de Kerala, Veena George, asegur\u00f3 que los casos registrados son \u00abaislados y no vinculados a un \u00fanico foco de contagio\u00bb, a diferencia del a\u00f1o pasado, cuando se identificaron brotes relacionados con fuentes de agua compartidas.<\/p>\n<p>Las autoridades regionales han ordenado reforzar la vigilancia epidemiol\u00f3gica, clorar diariamente las piscinas p\u00fablicas, inspeccionar pozos y dep\u00f3sitos de agua, y lanzar campa\u00f1as de concienciaci\u00f3n para que la poblaci\u00f3n evite nadar en aguas sin tratamiento.<\/p>\n<p>Tambi\u00e9n recomendaron usar pinzas nasales al sumergirse en agua dulce para prevenir el ingreso del par\u00e1sito por las fosas nasales.<\/p>\n<p>El gobierno destac\u00f3 que la tasa de supervivencia en Kerala, en torno al 24 %, es notablemente superior a la media mundial, gracias a la detecci\u00f3n temprana y al uso del f\u00e1rmaco antiparasitario miltefosina, lo que ha permitido salvar a varios pacientes.<\/p>\n<p>El departamento de salud, en colaboraci\u00f3n con el Centro Nacional para el Control de Enfermedades (NCDC), est\u00e1 realizando un extenso muestreo ambiental para identificar posibles fuentes de contaminaci\u00f3n, mientras investigan la posibilidad de nuevas rutas de transmisi\u00f3n.<\/p>\n<p>La Naegleria fowleri, conocida como ameba \u00abcomecerebros\u00bb, entra en el cuerpo a trav\u00e9s de la nariz y destruye r\u00e1pidamente el tejido cerebral, causando s\u00edntomas como fiebre, dolor de cabeza, convulsiones y p\u00e9rdida de conciencia, que suelen derivar en la muerte en cuesti\u00f3n de d\u00edas. <\/p>\n","protected":false},"excerpt":{"rendered":"Nueva Delhi (EFE).- El estado de Kerala, en el sur de la India, declar\u00f3 este mi\u00e9rcoles la alerta&hellip;\n","protected":false},"author":2,"featured_media":121362,"comment_status":"","ping_status":"","sticky":false,"template":"","format":"standard","meta":{"footnotes":""},"categories":[92],"tags":[1293,25,24,165,166,1811,23],"class_list":{"0":"post-121361","1":"post","2":"type-post","3":"status-publish","4":"format-standard","5":"has-post-thumbnail","7":"category-salud","8":"tag-enfermedades","9":"tag-es","10":"tag-espana","11":"tag-health","12":"tag-salud","13":"tag-sanidad","14":"tag-spain"},"share_on_mastodon":{"url":"","error":""},"_links":{"self":[{"href":"https:\/\/www.europesays.com\/es\/wp-json\/wp\/v2\/posts\/121361","targetHints":{"allow":["GET"]}}],"collection":[{"href":"https:\/\/www.europesays.com\/es\/wp-json\/wp\/v2\/posts"}],"about":[{"href":"https:\/\/www.europesays.com\/es\/wp-json\/wp\/v2\/types\/post"}],"author":[{"embeddable":true,"href":"https:\/\/www.europesays.com\/es\/wp-json\/wp\/v2\/users\/2"}],"replies":[{"embeddable":true,"href":"https:\/\/www.europesays.com\/es\/wp-json\/wp\/v2\/comments?post=121361"}],"version-history":[{"count":0,"href":"https:\/\/www.europesays.com\/es\/wp-json\/wp\/v2\/posts\/121361\/revisions"}],"wp:featuredmedia":[{"embeddable":true,"href":"https:\/\/www.europesays.com\/es\/wp-json\/wp\/v2\/media\/121362"}],"wp:attachment":[{"href":"https:\/\/www.europesays.com\/es\/wp-json\/wp\/v2\/media?parent=121361"}],"wp:term":[{"taxonomy":"category","embeddable":true,"href":"https:\/\/www.europesays.com\/es\/wp-json\/wp\/v2\/categories?post=121361"},{"taxonomy":"post_tag","embeddable":true,"href":"https:\/\/www.europesays.com\/es\/wp-json\/wp\/v2\/tags?post=121361"}],"curies":[{"name":"wp","href":"https:\/\/api.w.org\/{rel}","templated":true}]}}