{"id":12139,"date":"2025-07-29T17:32:08","date_gmt":"2025-07-29T17:32:08","guid":{"rendered":"https:\/\/www.europesays.com\/es\/12139\/"},"modified":"2025-07-29T17:32:08","modified_gmt":"2025-07-29T17:32:08","slug":"tadej-pogacar-no-disputara-en-la-vuelta-a-espana-esciclismo","status":"publish","type":"post","link":"https:\/\/www.europesays.com\/es\/12139\/","title":{"rendered":"Tadej Pogacar no disputar\u00e1 en La Vuelta a Espa\u00f1a &#8211; Esciclismo"},"content":{"rendered":"<ol>\n<li><a href=\"https:\/\/news.google.com\/rss\/articles\/CBMiakFVX3lxTE1ZTmt1dFFiZ1FheXJRS0hxUHNwRXdObDdCcWlJTVh0WVlZWDFXMzdVVzJaVGNsejBBWVpJQzNxeVlhSTlTdGhsYU9mNzJzc2dXS0hLaGZCN0NSRWR5YnR1ZXVfbjVVS1R2aUE?oc=5\" target=\"_blank\" rel=\"nofollow noopener\">Tadej Pogacar no disputar\u00e1 en La Vuelta a Espa\u00f1a<\/a>&nbsp;&nbsp;Esciclismo<\/li>\n<li><a href=\"https:\/\/news.google.com\/rss\/articles\/CBMingFBVV95cUxPVXV0eVVnY0dXdjZoUlgxekNZZWFEUFh3QVhSamRPQkJnb3dFZk5iRzBvQWpKNW1GcFk3ZDQxUmYxQ0kyOFR5bFFvNTJrYVlRdkNGb1BNSERLVFdYTWM4dUVCeUVBVnNIOHBxc2hVY2RGaTNmVjFHVWpIbm40T21GZkpFVkxEQ05sNm1COGJsSGRRSzlVZVpnVVdaQzktUdIBngFBVV95cUxNVGM2RGJuSUNGQzdzR0Z2MEJUbEJhdThKNzU1UGg0Y2lRblhaRXhNVHpHbURqVDloMmY5d3JPX3U2eTRUcG9nNHhqdU54c3NjckF2cXM3MDF4Tk5PaFEtNHRwa1VIdllhbDljeC1LQlllaHU4MTBUbXI4T2VwbjB4N2EtMVBsRk1qZGh6aGI3M0VzT3JoVG52YkhhRFJyUQ?oc=5\" target=\"_blank\" rel=\"nofollow noopener\">Ayuso y Almeida col\u00edderes del UAE Team en una Vuelta sin Pogacar<\/a>&nbsp;&nbsp;El Mundo<\/li>\n<li><a href=\"https:\/\/news.google.com\/rss\/articles\/CBMiuAFBVV95cUxPV2t5TWVMTDA4SjlldS1qYUFPSDRVOUJMVzFDMWlUZFZES25TUXE5d3AzdGlDRE0xdGwzX3l5QllKUjZ1d2xiRzZuQXJLUUhhaUlCRkdyNG4ta3U3QzRONEJPUjJMZHVISUl2bTZCVmg5SnJlZWdHTXltZzZXNXFXTEM2R19SVEpoU2UtNTNMY3EwOHU0bVJvY3psTlJDY1B5aHN4MUpNMjZPOWFsNWZJcEd6aTMtQnE5?oc=5\" target=\"_blank\" rel=\"nofollow noopener\">Juan Ayuso y Mikel Landa, contra Vingegaard en la Vuelta a Espa\u00f1a | Ciclismo | Deportes<\/a>&nbsp;&nbsp;EL PA\u00cdS<\/li>\n<li><a href=\"https:\/\/news.google.com\/rss\/articles\/CBMiugFBVV95cUxQQkRVa1dBZms2a3dTekpBclEzYjdGMlkzempSanUybkZxQzNqT0RxeWQ4LWZWTndTc00wZ2d6V01RMXZiQlg3dGFqVjFRSDlRampFc2dCR0dCZHRrZTAyNzFjV3RNbTBMUDlOOEpuMVlHSllVZUJEeHkzYnFXYlUxTVVSM0I4cXJuV0NXLUgxZ2ZxWk9UT0tEZXROcnprcXA3cVJxbEZmZm9qLV9JdGhaXzRWUmwxcEpvVXc?oc=5\" target=\"_blank\" rel=\"nofollow noopener\">Tadej Pogacar anunciar\u00e1 el mi\u00e9rcoles el calendario de 2025 con la Vuelta cada vez m\u00e1s lejos<\/a>&nbsp;&nbsp;Zikloland<\/li>\n<li><a href=\"https:\/\/news.google.com\/rss\/articles\/CBMixgFBVV95cUxPUDVJR3hRdXpvQVFNNThlTTZXVDUwVWJoN3llb3JJaWt2NHR2U0NFZ3BROHlGdVZteHNzcUJoOGw3Nm5iS05mTmE4Zl9aY3ZNZ0R4aGFockNUVmpCYmxkV0J2VHFEYWZyS2xPaVdmRHZnQ3ZaYlNiaDR3MVFXU1lNRGlEVmNPWlQ3ZFZLRGtZZ0hQWUZ3YUZLX09mME9FMUhkTThlZTE1NFhtZVlzdmxIT1ZQQ1I0Vk1pU083MmVXOTVSWG9VNGfSAcYBQVVfeXFMTklBZF9TOU0xZjNPV1l4YWVuZ3g5WmZjbTg5QUk1aDUxcVBMczEyNUR4SS1ZN1JVeGJVMTd5NzNMbWNveEZ2WGRrcVg3VXZxYW0yWEFIUU5RM3JCdTBUbU1DdjBMZVFmNHJXQjl2TGt1UVVDSHRUeHB3SFY0TlZrZC1uMWRtOTdhZU55bUFGQmRZUVhKODFNLTd1UUF3M2lNUHZHOUpiMVlrdWZYMTZ3SEpYMmRFSWlLZVhScHhkb0pJR3hjVzBn?oc=5\" target=\"_blank\" rel=\"nofollow noopener\">UAE anuncia su ocho para LaVuelta 2025: Almeida l\u00edder y Juan Ayuso confirmado<\/a>&nbsp;&nbsp;MARCA<\/li>\n<\/ol>\n","protected":false},"excerpt":{"rendered":"Tadej Pogacar no disputar\u00e1 en La Vuelta a Espa\u00f1a&nbsp;&nbsp;Esciclismo Ayuso y Almeida col\u00edderes del UAE Team en una&hellip;\n","protected":false},"author":2,"featured_media":12140,"comment_status":"","ping_status":"","sticky":false,"template":"","format":"standard","meta":{"footnotes":""},"categories":[273],"tags":[296,313,1757,312,168,158,25,3871,24,317,5138,1919,549,8457,1971,23,167,548,8458,316,1357],"class_list":{"0":"post-12139","1":"post","2":"type-post","3":"status-publish","4":"format-standard","5":"has-post-thumbnail","7":"category-ciclismo","8":"tag-agosto","9":"tag-ciclismo","10":"tag-ciclista","11":"tag-cycling","12":"tag-deportes","13":"tag-el","14":"tag-es","15":"tag-esloveno","16":"tag-espana","17":"tag-francia","18":"tag-ganador","19":"tag-participara","20":"tag-pogacar","21":"tag-reciente","22":"tag-septiembre","23":"tag-spain","24":"tag-sports","25":"tag-tadej","26":"tag-tal","27":"tag-tour","28":"tag-vuelta"},"share_on_mastodon":{"url":"","error":""},"_links":{"self":[{"href":"https:\/\/www.europesays.com\/es\/wp-json\/wp\/v2\/posts\/12139","targetHints":{"allow":["GET"]}}],"collection":[{"href":"https:\/\/www.europesays.com\/es\/wp-json\/wp\/v2\/posts"}],"about":[{"href":"https:\/\/www.europesays.com\/es\/wp-json\/wp\/v2\/types\/post"}],"author":[{"embeddable":true,"href":"https:\/\/www.europesays.com\/es\/wp-json\/wp\/v2\/users\/2"}],"replies":[{"embeddable":true,"href":"https:\/\/www.europesays.com\/es\/wp-json\/wp\/v2\/comments?post=12139"}],"version-history":[{"count":0,"href":"https:\/\/www.europesays.com\/es\/wp-json\/wp\/v2\/posts\/12139\/revisions"}],"wp:featuredmedia":[{"embeddable":true,"href":"https:\/\/www.europesays.com\/es\/wp-json\/wp\/v2\/media\/12140"}],"wp:attachment":[{"href":"https:\/\/www.europesays.com\/es\/wp-json\/wp\/v2\/media?parent=12139"}],"wp:term":[{"taxonomy":"category","embeddable":true,"href":"https:\/\/www.europesays.com\/es\/wp-json\/wp\/v2\/categories?post=12139"},{"taxonomy":"post_tag","embeddable":true,"href":"https:\/\/www.europesays.com\/es\/wp-json\/wp\/v2\/tags?post=12139"}],"curies":[{"name":"wp","href":"https:\/\/api.w.org\/{rel}","templated":true}]}}