{"id":121393,"date":"2025-09-17T18:44:08","date_gmt":"2025-09-17T18:44:08","guid":{"rendered":"https:\/\/www.europesays.com\/es\/121393\/"},"modified":"2025-09-17T18:44:08","modified_gmt":"2025-09-17T18:44:08","slug":"asi-es-todo-pasa-para-algo-nuevo-libro-de-maria-andrea-lara","status":"publish","type":"post","link":"https:\/\/www.europesays.com\/es\/121393\/","title":{"rendered":"As\u00ed es \u2018Todo pasa para algo\u2019 nuevo libro de Mar\u00eda Andrea Lara"},"content":{"rendered":"<p><b>Mar\u00eda Andrea Lara<\/b>, empresaria quien ayud\u00f3 a inspirar la novela Klass 95 y tiene un papel importante en el mundo del modelaje, estuvo en los micr\u00f3fonos de<a href=\"https:\/\/www.wradio.com.co\/programas\/la-w-radio\/\" target=\"_blank\" rel=\"noreferrer nofollow noopener\" title=\"https:\/\/www.wradio.com.co\/programas\/la-w-radio\/\"> <b>La W<\/b><\/a> para hablar sobre <b>su <\/b><a href=\"https:\/\/www.wradio.com.co\/2025\/09\/17\/quiero-que-el-lector-encuentre-algo-con-lo-que-se-reconozca-director-y-escritor-guillermo-arriaga\/?outputType=amp\" target=\"_blank\" rel=\"noreferrer nofollow noopener\" title=\"https:\/\/www.wradio.com.co\/2025\/09\/17\/quiero-que-el-lector-encuentre-algo-con-lo-que-se-reconozca-director-y-escritor-guillermo-arriaga\/?outputType=amp\"><b>nuevo libro<\/b><\/a><b> \u2018Todo pasa para algo\u2019. <\/b><\/p>\n<p>El objetivo de este libro nace de su deseo de <b>querer ayudar a las personas que est\u00e9n viviendo<\/b><a href=\"https:\/\/www.wradio.com.co\/2025\/09\/13\/jugar-con-claros-y-oscuros-gustavo-funes-sobre-su-libro-el-imperceptible-sonido-del-silencio\/?outputType=amp\" target=\"_blank\" rel=\"noreferrer nofollow noopener\" title=\"https:\/\/www.wradio.com.co\/2025\/09\/13\/jugar-con-claros-y-oscuros-gustavo-funes-sobre-su-libro-el-imperceptible-sonido-del-silencio\/?outputType=amp\"><b> situaciones similares <\/b><\/a><b>a las que ella pas\u00f3<\/b>, pues tuvo problemas con el alcohol que le ocasionaron cirrosis severa y c\u00e1ncer, por el lado sentimental tuvo un divorcio en su relaci\u00f3n de 30 a\u00f1os, por esto comenta<b> \u201cSent\u00ed ese llamado de contar mi historia, de pronto a una persona la puedo ayudar y con eso yo siento que cumpl\u00ed una de las misiones de mi vida\u201d<\/b>. <\/p>\n<p>Desde el colegio quiso escribir un libro, pero dice que no ten\u00eda que contar,<b> por eso este es el momento de<\/b><a href=\"https:\/\/www.wradio.com.co\/2025\/09\/15\/hay-un-monton-de-espantos-que-no-son-espantos-gilmer-mesa-sobre-su-ultimo-libro\/?outputType=amp\" target=\"_blank\" rel=\"noreferrer nofollow noopener\" title=\"https:\/\/www.wradio.com.co\/2025\/09\/15\/hay-un-monton-de-espantos-que-no-son-espantos-gilmer-mesa-sobre-su-ultimo-libro\/?outputType=amp\"><b> compartir lo que ha vivido.<\/b> <\/a>Como abrebocas del libro, cuenta que<b> la actitud es lo que la ha ayudado en todas las \u00e9pocas dif\u00edciles que ha tenido<\/b>, \u201csiempre he sacado lo mejor que he podido sacar\u201d <\/p>\n<p><a href=\"https:\/\/www.wradio.com.co\/2025\/09\/01\/el-duelo-inicia-con-el-amor-que-deja-quien-se-va-marcela-sarmiento-dio-detalles-de-su-nuevo-libro\/\" target=\"_blank\" rel=\"noreferrer nofollow noopener\" title=\"https:\/\/www.wradio.com.co\/2025\/09\/01\/el-duelo-inicia-con-el-amor-que-deja-quien-se-va-marcela-sarmiento-dio-detalles-de-su-nuevo-libro\/\"><b>El libro<\/b><\/a><b> estar\u00e1 disponible desde el 1 de octubre<\/b>, el 2 de octubre ser\u00e1 presentado en la librer\u00eda Otros 360 grados por Paola Turbay quien <b>acompa\u00f1ar\u00e1 a la autora para hablar un poco del lanzamiento. <\/b><\/p>\n<p><b>Escuche la entrevista completa: <\/b><img decoding=\"async\" src=\"https:\/\/www.europesays.com\/es\/wp-content\/uploads\/2025\/09\/MFOFGBIJTFBZXBXET2DEMYVB3A.jpeg\" alt=\"As\u00ed es \u2018Todo pasa para algo\u2019 nuevo libro de Mar\u00eda Andrea Lara\" loading=\"lazy\" importance=\"auto\" width=\"650\" height=\"488\" \/>Play\/PauseMostrar Opciones<\/p>\n<p class=\"tit\">As\u00ed es \u2018Todo pasa para algo\u2019 nuevo libro de Mar\u00eda Andrea Lara<\/p>\n<p class=\"tim\">09:49<\/p>\n<p>Cerrar<\/p>\n<p>Compartir<\/p>\n<ul>\n<li>Facebook<\/li>\n<li>Twitter<\/li>\n<li>Linkedin<\/li>\n<li>Whatsapp<\/li>\n<li>Embeber<\/li>\n<\/ul>\n<p>El c\u00f3digo iframe se ha copiado en el portapapeles<\/p>\n<p>Nicole Santamar\u00eda, actriz novela Klass 95 y Mar\u00eda Andrea Lara, autora. Foto: Instragram @mariaandrealarab<\/p>\n<p><b>Escuche W Radio en vivo: <\/b>Play\/Pause<\/p>\n<p class=\"tit\">WRadio FM<\/p>\n<p>Compartir<\/p>\n<p class=\"dir\">Directo<\/p>\n<p>Cerrar<\/p>\n<p>Compartir<\/p>\n<ul>\n<li>Facebook<\/li>\n<li>Twitter<\/li>\n<li>Linkedin<\/li>\n<li>Whatsapp<\/li>\n<li>Embeber<\/li>\n<\/ul>\n<p>El c\u00f3digo iframe se ha copiado en el portapapeles<\/p>\n","protected":false},"excerpt":{"rendered":"Mar\u00eda Andrea Lara, empresaria quien ayud\u00f3 a inspirar la novela Klass 95 y tiene un papel importante en&hellip;\n","protected":false},"author":2,"featured_media":121394,"comment_status":"","ping_status":"","sticky":false,"template":"","format":"standard","meta":{"footnotes":""},"categories":[172],"tags":[7587,224,146,147,25,24,225,23],"class_list":{"0":"post-121393","1":"post","2":"type-post","3":"status-publish","4":"format-standard","5":"has-post-thumbnail","7":"category-libros","8":"tag-alcoholismo","9":"tag-books","10":"tag-entertainment","11":"tag-entretenimiento","12":"tag-es","13":"tag-espana","14":"tag-libros","15":"tag-spain"},"share_on_mastodon":{"url":"","error":""},"_links":{"self":[{"href":"https:\/\/www.europesays.com\/es\/wp-json\/wp\/v2\/posts\/121393","targetHints":{"allow":["GET"]}}],"collection":[{"href":"https:\/\/www.europesays.com\/es\/wp-json\/wp\/v2\/posts"}],"about":[{"href":"https:\/\/www.europesays.com\/es\/wp-json\/wp\/v2\/types\/post"}],"author":[{"embeddable":true,"href":"https:\/\/www.europesays.com\/es\/wp-json\/wp\/v2\/users\/2"}],"replies":[{"embeddable":true,"href":"https:\/\/www.europesays.com\/es\/wp-json\/wp\/v2\/comments?post=121393"}],"version-history":[{"count":0,"href":"https:\/\/www.europesays.com\/es\/wp-json\/wp\/v2\/posts\/121393\/revisions"}],"wp:featuredmedia":[{"embeddable":true,"href":"https:\/\/www.europesays.com\/es\/wp-json\/wp\/v2\/media\/121394"}],"wp:attachment":[{"href":"https:\/\/www.europesays.com\/es\/wp-json\/wp\/v2\/media?parent=121393"}],"wp:term":[{"taxonomy":"category","embeddable":true,"href":"https:\/\/www.europesays.com\/es\/wp-json\/wp\/v2\/categories?post=121393"},{"taxonomy":"post_tag","embeddable":true,"href":"https:\/\/www.europesays.com\/es\/wp-json\/wp\/v2\/tags?post=121393"}],"curies":[{"name":"wp","href":"https:\/\/api.w.org\/{rel}","templated":true}]}}