{"id":121396,"date":"2025-09-17T18:46:08","date_gmt":"2025-09-17T18:46:08","guid":{"rendered":"https:\/\/www.europesays.com\/es\/121396\/"},"modified":"2025-09-17T18:46:08","modified_gmt":"2025-09-17T18:46:08","slug":"asi-es-san-julian-el-barrio-de-sevilla-en-el-que-se-crio-la-mala-rodriguez","status":"publish","type":"post","link":"https:\/\/www.europesays.com\/es\/121396\/","title":{"rendered":"As\u00ed es San Juli\u00e1n, el barrio de Sevilla en el que se crio la Mala Rodr\u00edguez"},"content":{"rendered":"<p class=\"voc-p\" style=\"\">La rapera <strong>Mala Rodr\u00edguez<\/strong> est\u00e1 inmersa en su participaci\u00f3n en el concurso culinario <strong>&#8216;Masterchef Celebrity 10&#8217;<\/strong>. La cantante aunque naci\u00f3 en Jerez de la Frontera pas\u00f3 gran parte de su <strong>infancia y juventud en la ciudad hispalense<\/strong>.<\/p>\n<p class=\"voc-p\" style=\"\">En una de las \u00faltimas emisiones del programa, la artista ha aprovechado para hacer un <strong>bonito gui\u00f1o a su barrio sevillano, San Juli\u00e1n<\/strong>. A su vez, Mala Rodr\u00edguez ha contado que \u00abantes de sacar su primer trabajo discogr\u00e1fico <strong>trabaj\u00f3 en una pasteler\u00eda<\/strong> en su barriada sevillana\u00bb.<\/p>\n<p class=\"voc-p\" style=\"\">San Juli\u00e1n est\u00e1 ubicado <strong>entre<\/strong> los hist\u00f3ricos barrios de <strong>San Gil<\/strong> al noroeste, <strong>Feria<\/strong> al oeste, <strong>Santa Catalina<\/strong> al sur y el <strong>Fontanal<\/strong> al este. <\/p>\n<p class=\"voc-p\" style=\"\">El <strong>centro de este n\u00facleo urbano<\/strong> es la <strong>Parroquia de San Juli\u00e1n<\/strong>, de donde sale la Hermandad de la Hiniesta para realizar estaci\u00f3n de penitencia cada Domingo de Ramos. <\/p>\n<p>\nMala trabaj\u00f3 en una pasteler\u00eda\n<\/p>\n<p class=\"voc-p\" style=\"\">Los <strong>or\u00edgenes de la zona se remontan a la \u00e9poca medieval<\/strong>. Las huellas de <strong>visigodos, musulmanes y romanos<\/strong> conviv\u00edan en armon\u00eda hasta que, en la d\u00e9cada de los sesenta, una profunda <strong>remodelaci\u00f3n urban\u00edstica<\/strong> alter\u00f3 su fisonom\u00eda. Sus antiguos caser\u00edos fueron reemplazados por bloques de viviendas. <\/p>\n<p class=\"voc-p\" style=\"\">Ya <strong>en 1932 durante la II Rep\u00fablica<\/strong>, la <strong>parroquia de San Juli\u00e1n fue reducida a cenizas debido a un gran incendio<\/strong>, que a d\u00eda de hoy se desconocen sus causas. La <strong>arquitectura<\/strong> del barrio es una <strong>mezcla de estilos<\/strong>, desde el g\u00f3tico y el mud\u00e9jar hasta el barroco y el neocl\u00e1sico.<\/p>\n<p>\nLa barriada conecta la Macarena con el centro de la ciudad\n<\/p>\n<p class=\"voc-p\" style=\"\">La <strong>Vel\u00e1 de San Juli\u00e1n<\/strong> es la fiesta principal de la barriada y se celebra durante el mes de septiembre en la plaza principal. <strong>Virgen del Rosario<\/strong>, patrona del barrio recorre sus calles cada mes de octubre.<\/p>\n<p class=\"voc-p\" style=\"\">El barrio cuenta con un ampl\u00edo <strong>n\u00famero de comercios, servicios, bares, parques, colegios y un centro de salud<\/strong>. A su vez, destaca su <strong>buena conexi\u00f3n en autob\u00fas<\/strong> con los distintos puntos de la ciudad y su <strong>proximidad<\/strong> al casco hist\u00f3rico sevillano.<\/p>\n<p>Reportar un error<\/p>\n","protected":false},"excerpt":{"rendered":"La rapera Mala Rodr\u00edguez est\u00e1 inmersa en su participaci\u00f3n en el concurso culinario &#8216;Masterchef Celebrity 10&#8217;. La cantante&hellip;\n","protected":false},"author":2,"featured_media":121397,"comment_status":"","ping_status":"","sticky":false,"template":"","format":"standard","meta":{"footnotes":""},"categories":[170],"tags":[1626,40005,146,147,25,24,16401,4879,184,185,416,2228,1171,23],"class_list":{"0":"post-121396","1":"post","2":"type-post","3":"status-publish","4":"format-standard","5":"has-post-thumbnail","7":"category-musica","8":"tag-barrio","9":"tag-crio","10":"tag-entertainment","11":"tag-entretenimiento","12":"tag-es","13":"tag-espana","14":"tag-julian","15":"tag-mala","16":"tag-music","17":"tag-musica","18":"tag-rodriguez","19":"tag-san","20":"tag-sevilla","21":"tag-spain"},"share_on_mastodon":{"url":"","error":""},"_links":{"self":[{"href":"https:\/\/www.europesays.com\/es\/wp-json\/wp\/v2\/posts\/121396","targetHints":{"allow":["GET"]}}],"collection":[{"href":"https:\/\/www.europesays.com\/es\/wp-json\/wp\/v2\/posts"}],"about":[{"href":"https:\/\/www.europesays.com\/es\/wp-json\/wp\/v2\/types\/post"}],"author":[{"embeddable":true,"href":"https:\/\/www.europesays.com\/es\/wp-json\/wp\/v2\/users\/2"}],"replies":[{"embeddable":true,"href":"https:\/\/www.europesays.com\/es\/wp-json\/wp\/v2\/comments?post=121396"}],"version-history":[{"count":0,"href":"https:\/\/www.europesays.com\/es\/wp-json\/wp\/v2\/posts\/121396\/revisions"}],"wp:featuredmedia":[{"embeddable":true,"href":"https:\/\/www.europesays.com\/es\/wp-json\/wp\/v2\/media\/121397"}],"wp:attachment":[{"href":"https:\/\/www.europesays.com\/es\/wp-json\/wp\/v2\/media?parent=121396"}],"wp:term":[{"taxonomy":"category","embeddable":true,"href":"https:\/\/www.europesays.com\/es\/wp-json\/wp\/v2\/categories?post=121396"},{"taxonomy":"post_tag","embeddable":true,"href":"https:\/\/www.europesays.com\/es\/wp-json\/wp\/v2\/tags?post=121396"}],"curies":[{"name":"wp","href":"https:\/\/api.w.org\/{rel}","templated":true}]}}