{"id":121398,"date":"2025-09-17T18:47:09","date_gmt":"2025-09-17T18:47:09","guid":{"rendered":"https:\/\/www.europesays.com\/es\/121398\/"},"modified":"2025-09-17T18:47:09","modified_gmt":"2025-09-17T18:47:09","slug":"prime-video-y-la-pelicula-de-ciencia-ficcion-tan-buena-que-desde-hace-mas-de-15-anos-los-fans-esperan-su-secuela","status":"publish","type":"post","link":"https:\/\/www.europesays.com\/es\/121398\/","title":{"rendered":"Prime Video y la pel\u00edcula de ciencia ficci\u00f3n tan buena que desde hace m\u00e1s de 15 a\u00f1os los fans esperan su secuela"},"content":{"rendered":"<p>Si te gustan las pel\u00edculas de ciencia ficci\u00f3n seguramente te suena el nombre de Neil Blomkamp, responsable de pel\u00edculas como <a class=\"text-outboundlink\" href=\"https:\/\/www.xataka.com.mx\/cine-y-tv\/esta-pelicula-ciencia-ficcion-se-grabo-mexico-se-puede-ver-gratis-streaming-su-director-prepara-nuevo-remake\" data-vars-post-title=\"Esta pel\u00edcula de ciencia ficci\u00f3n se grab\u00f3 en M\u00e9xico, se puede ver gratis en streaming y su director ya prepara un nuevo remake\" data-vars-post-url=\"https:\/\/www.xataka.com.mx\/cine-y-tv\/esta-pelicula-ciencia-ficcion-se-grabo-mexico-se-puede-ver-gratis-streaming-su-director-prepara-nuevo-remake\" rel=\"nofollow noopener\" target=\"_blank\">Elysium<\/a> que fue grabada en M\u00e9xico, y de series como <a class=\"text-outboundlink\" href=\"https:\/\/www.xataka.com.mx\/cine-y-tv\/hoy-netflix-pocos-conocen-esta-mini-serie-joya-escondida-que-mezcla-horror-ciencia-ficcion\" data-vars-post-title=\"Netflix y su mini serie escondida de ciencia ficci\u00f3n: dura menos de dos horas\" data-vars-post-url=\"https:\/\/www.xataka.com.mx\/cine-y-tv\/hoy-netflix-pocos-conocen-esta-mini-serie-joya-escondida-que-mezcla-horror-ciencia-ficcion\" rel=\"nofollow noopener\" target=\"_blank\">Oats Studios<\/a> de Netflix; pero quiz\u00e1 no sab\u00edas que su primera pel\u00edcula fue tan buena que hasta recibi\u00f3<strong> cuatro nominaciones a los premios Oscar.<\/strong> Hablamos de <a rel=\"nofollow, sponsored, noopener, noreferrer\" target=\"_blank\" class=\"js-ecommerce\" id=\"link-ecommerce-1\" href=\"https:\/\/www.xataka.com.mx\/redirect?url=https%3A%2F%2Fwww.primevideo.com%2Fdp%2Famzn1.dv.gti.d06e57cb-412e-4269-9d94-2ed3771fae35%2F%3Ftag%3Dxtk-cinetvrecom-20&amp;category=cine-y-tv&amp;ecomPostExpiration=everlasting&amp;postId=220944\" data-vars-affiliate-url=\"https:\/\/www.primevideo.com\/dp\/amzn1.dv.gti.d06e57cb-412e-4269-9d94-2ed3771fae35\/?tag=xtk-cinetvrecom-20\">Distrito 9 (District 9)<\/a>, una producci\u00f3n con bajo presupuesto que f<strong>ue todo un \u00e9xito con su historia de aliens en 2009.<\/strong> Hasta el d\u00eda de hoy los fans siguen esperando la secuela. Aqu\u00ed en <a href=\"https:\/\/www.xataka.com.mx\/categoria\/cine-y-tv\" rel=\"nofollow noopener\" target=\"_blank\">Xataka Cine y TV<\/a> te contamos todo.<\/p>\n<p> <a rel=\"nofollow, sponsored, noopener, noreferrer\" target=\"_blank\" href=\"https:\/\/amzn.to\/464GWJs\"><br \/>\n     <img loading=\"lazy\" decoding=\"async\" src=\"https:\/\/www.europesays.com\/es\/wp-content\/uploads\/2025\/09\/1758134829_767_original.png\" alt=\"Suscripci\u00f3n a Amazon Prime Video (30 d\u00edas gratis)\" width=\"512\" height=\"512\"\/><br \/>\n   <\/a><\/p>\n<p class=\"pivot-ecommerce-desc\">Suscripci\u00f3n a Amazon Prime Video (30 d\u00edas gratis)<\/p>\n<p>El precio podr\u00eda variar. Obtenemos comisi\u00f3n por estos enlaces<\/p>\n<p>                  <img class=\"\" height=\"608\" width=\"1080\" loading=\"lazy\" decoding=\"async\"  fetchpriority=\"high\"  src=\"https:\/\/www.europesays.com\/es\/wp-content\/uploads\/2025\/09\/1758134829_483_450_1000.jpeg\" alt=\"Distrito 9 streaming pelicula\"\/><\/p>\n<p>De qu\u00e9 trata la pel\u00edcula Distrito 9<\/p>\n<p>Dirigida por Neil Blomkamp con la ayuda de Peter Jakson, esta cinta de ciencia ficci\u00f3n comienza cuando una civilizaci\u00f3n de extraterrestres llega a la Tierra <strong>tratando de refugiarse<\/strong>, pues su planeta termin\u00f3 muriendo. El meollo del asunto, es que los aliens fueron reubicados en una zona llamada Distrito 9, <strong>pr\u00e1cticamente prohibi\u00e9ndoles mezclarse con los humanos.<\/strong> Adem\u00e1s, la zona en manejada por una multinacional que no se preocupa por los habitantes de otro planeta, solo quiere dominar su tecnolog\u00eda.\u00a0<\/p>\n<p>Dentro de este contexto seguimos a un agente que termina contagi\u00e1ndose con un virus extraterrestre, el cual le causa alguna mutaciones en su cuerpo. Discriminado por su propia raza, <strong>su \u00fanica opci\u00f3n es refugiarse con los habitantes del Distrito 9<\/strong>. Lo mejor de la cinta es sin duda su narrativa, pues debajo del g\u00e9nero de ciencia ficci\u00f3n existe una cr\u00edtica social contra el racismo y la segregaci\u00f3n, pero adem\u00e1s, la pel\u00edcula fue tan buena que termin\u00f3 con cuatro nominaciones a los premios \u00d3scar. Lo m\u00e1s impresionante, es que <strong>con solo 30 millones de d\u00f3lares logr\u00f3 recaudar m\u00e1s de 200 millones<\/strong> y encima, fue la primer pel\u00edcula del director.<\/p>\n<p>                  <img class=\"\" height=\"608\" width=\"1080\" loading=\"lazy\" decoding=\"async\"  fetchpriority=\"high\"  src=\"https:\/\/www.europesays.com\/es\/wp-content\/uploads\/2025\/09\/1758134829_549_450_1000.jpeg\" alt=\"Distirito 9 streaming\"\/><\/p>\n<p>    <a href=\"https:\/\/www.xataka.com.mx\/cine-y-tv\/netflix-serie-ciencia-ficcion-que-toda-odisea-relatos-cortos-avalada-legendario-director-david-fincher\" class=\"pivot-outboundlink\" data-vars-post-title=\"Netflix y la serie de ciencia ficci\u00f3n que es toda una odisea de relatos cortos, avalada por el legendario director David Fincher\" rel=\"nofollow noopener\" target=\"_blank\"><br \/>\n     <img loading=\"lazy\" decoding=\"async\" alt=\"Netflix y la serie de ciencia ficci\u00f3n que es toda una odisea de relatos cortos, avalada por el legendario director David Fincher\" width=\"375\" height=\"142\" src=\"https:\/\/www.europesays.com\/es\/wp-content\/uploads\/2025\/09\/1758134829_164_375_142.jpeg\"\/><br \/>\n    <\/a><\/p>\n<p>Basada en hechos reales de racismo, y 15 a\u00f1os sin secuela<\/p>\n<p>El concepto de los extraterrestres llegando a la tierra no es nuevo y hay multitud de cintas con este tema, pero lo que hace destacable a District 9 es que su director, Neil Blomkamp, <strong>bas\u00f3 la narrativa de la cinta en sucesos que \u00e9l mismo viv\u00f3 durante su infancia.<\/strong> Seg\u00fan se sabe, en la \u00e9poca del Apartheid, los habitantes de color sufrieron de racismo debido a que la minor\u00eda blanca instaur\u00f3 un sistema de segregaci\u00f3n, <strong>obligando a personas de color a vivir en zonas separadas<\/strong>. Esto es b\u00e1sicamente lo que la cinta muestra, pues aunque aqu\u00ed son aliens, sufren los mismos males de segregaci\u00f3n y racismo.<\/p>\n<p>Lo ir\u00f3nico, es que parte de la pel\u00edcula <strong>fue grabada con entrevistas reales hechas a sudafricano<\/strong><strong>s<\/strong> a los que se les pregunt\u00f3 por la situaci\u00f3n de los migrantes nigerianos, a los cuales acusan de elevar el pico de cr\u00edmenes. Aunque las tomas son editadas para parecer que hablan sobre aliens, es claro que tiene una connotaci\u00f3n de racismo hacia los habitantes vecinos de Sud\u00e1frica; <strong>incluso la pel\u00edcula fue prohibida en Nigeria<\/strong> por la forma despectiva en que son retratados. A\u00fan as\u00ed, es curioso como la pel\u00edcula fue todo un \u00e9xito a nivel comercial.\u00a0\u00a0<\/p>\n<p><a rel=\"nofollow, sponsored, noopener, noreferrer\" target=\"_blank\" class=\"js-ecommerce\" id=\"link-ecommerce-2\" href=\"https:\/\/www.xataka.com.mx\/redirect?url=https%3A%2F%2Fplay.hbomax.com%2Fmovie%2F82dcf424-ab13-4b5e-ae19-2e300751b4a8&amp;category=cine-y-tv&amp;ecomPostExpiration=everlasting&amp;postId=220944\" data-vars-affiliate-url=\"https:\/\/play.hbomax.com\/movie\/82dcf424-ab13-4b5e-ae19-2e300751b4a8\">Distrito 9<\/a> se lanz\u00f3 en 2009, y al poco tiempo se convirti\u00f3 en una de las pel\u00edculas de ciencia ficci\u00f3n favoritas por los fans. De hecho se confirm\u00f3 que tendr\u00eda una secuela que se rumoraba se llamar\u00eda District 10, pero de eso <strong>ya pasaron m\u00e1s de 15 a\u00f1os y los fans siguen esperando tener noticias de la secuela.<\/strong> Afortunadamente, la primera cinta se puede ver en streaming a trav\u00e9s de dos plataformas diferentes: <a rel=\"nofollow, sponsored, noopener, noreferrer\" target=\"_blank\" class=\"js-ecommerce\" id=\"link-ecommerce-3\" href=\"https:\/\/www.xataka.com.mx\/redirect?url=https%3A%2F%2Fwww.primevideo.com%2F%3Ftag%3Dxtk-cinetvrecom-20&amp;category=cine-y-tv&amp;ecomPostExpiration=everlasting&amp;postId=220944\" data-vars-affiliate-url=\"https:\/\/www.primevideo.com\/?tag=xtk-cinetvrecom-20\">Prime Video<\/a> y <a rel=\"nofollow, sponsored, noopener, noreferrer\" target=\"_blank\" class=\"js-ecommerce\" id=\"link-ecommerce-4\" href=\"https:\/\/www.xataka.com.mx\/redirect?url=https%3A%2F%2Fwww.primevideo.com%2Fstorefront%2Fsubscription%2Fhbomaxmx%2F%3Ftag%3Dxtk-cinetvrecom-20&amp;category=cine-y-tv&amp;ecomPostExpiration=everlasting&amp;postId=220944\" data-vars-affiliate-url=\"https:\/\/www.primevideo.com\/storefront\/subscription\/hbomaxmx\/?tag=xtk-cinetvrecom-20\">HBO Max<\/a>; por lo cual no hay pretexto para no disfrutar de esta pel\u00edcula que rompe con los estereotipos de Hollywood.<\/p>\n","protected":false},"excerpt":{"rendered":"Si te gustan las pel\u00edculas de ciencia ficci\u00f3n seguramente te suena el nombre de Neil Blomkamp, responsable de&hellip;\n","protected":false},"author":2,"featured_media":121399,"comment_status":"","ping_status":"","sticky":false,"template":"","format":"standard","meta":{"footnotes":""},"categories":[169],"tags":[177,146,147,25,24,176,175,23],"class_list":{"0":"post-121398","1":"post","2":"type-post","3":"status-publish","4":"format-standard","5":"has-post-thumbnail","7":"category-cine","8":"tag-cine","9":"tag-entertainment","10":"tag-entretenimiento","11":"tag-es","12":"tag-espana","13":"tag-film","14":"tag-movies","15":"tag-spain"},"share_on_mastodon":{"url":"","error":""},"_links":{"self":[{"href":"https:\/\/www.europesays.com\/es\/wp-json\/wp\/v2\/posts\/121398","targetHints":{"allow":["GET"]}}],"collection":[{"href":"https:\/\/www.europesays.com\/es\/wp-json\/wp\/v2\/posts"}],"about":[{"href":"https:\/\/www.europesays.com\/es\/wp-json\/wp\/v2\/types\/post"}],"author":[{"embeddable":true,"href":"https:\/\/www.europesays.com\/es\/wp-json\/wp\/v2\/users\/2"}],"replies":[{"embeddable":true,"href":"https:\/\/www.europesays.com\/es\/wp-json\/wp\/v2\/comments?post=121398"}],"version-history":[{"count":0,"href":"https:\/\/www.europesays.com\/es\/wp-json\/wp\/v2\/posts\/121398\/revisions"}],"wp:featuredmedia":[{"embeddable":true,"href":"https:\/\/www.europesays.com\/es\/wp-json\/wp\/v2\/media\/121399"}],"wp:attachment":[{"href":"https:\/\/www.europesays.com\/es\/wp-json\/wp\/v2\/media?parent=121398"}],"wp:term":[{"taxonomy":"category","embeddable":true,"href":"https:\/\/www.europesays.com\/es\/wp-json\/wp\/v2\/categories?post=121398"},{"taxonomy":"post_tag","embeddable":true,"href":"https:\/\/www.europesays.com\/es\/wp-json\/wp\/v2\/tags?post=121398"}],"curies":[{"name":"wp","href":"https:\/\/api.w.org\/{rel}","templated":true}]}}