{"id":121410,"date":"2025-09-17T18:53:11","date_gmt":"2025-09-17T18:53:11","guid":{"rendered":"https:\/\/www.europesays.com\/es\/121410\/"},"modified":"2025-09-17T18:53:11","modified_gmt":"2025-09-17T18:53:11","slug":"la-protesta-que-se-concentra-frente-al-parlamento-britanico-denuncia-ademas-el-genocidio-en-gaza-no-eres-bienvenido-miles-de-manifestantes-toman-el-centro-de-londres-para-rechaza","status":"publish","type":"post","link":"https:\/\/www.europesays.com\/es\/121410\/","title":{"rendered":"La protesta, que se concentra frente al Parlamento brit\u00e1nico, denuncia adem\u00e1s el genocidio en Gaza: \u201cNo eres bienvenido\u201d: miles de manifestantes toman el centro de Londres para rechazar la presencia de Trump | Internacional"},"content":{"rendered":"<p class=\"\">Miles de personas han desfilado este mi\u00e9rcoles por el centro de Londres para expresar <a href=\"https:\/\/elpais.com\/internacional\/2025-09-17\/donald-trump-llega-al-reino-unido-en-medio-de-protestas-ciudadanas.html\" target=\"_self\" rel=\"nofollow noopener\" title=\"https:\/\/elpais.com\/internacional\/2025-09-17\/donald-trump-llega-al-reino-unido-en-medio-de-protestas-ciudadanas.html\">su rechazo a la visita de Estado de Donald Trump al Reino Unido<\/a>. Las calles de la capital brit\u00e1nica se han inundado de furgones policiales y de agentes, para evitar cualquier altercado violento que pueda empa\u00f1ar a\u00fan m\u00e1s la presencia del presidente de Estados Unidos.<\/p>\n<p class=\"\">Aunque la manifestaci\u00f3n hab\u00eda sido convocada por la coalici\u00f3n Stop Trump, el pol\u00edtico estadounidense es capaz de despertar la ira de las causas m\u00e1s diversas que hoy capitaliza la izquierda. <\/p>\n<p class=\"\">La protesta ha sido un mar de esl\u00f3ganes, a cu\u00e1l m\u00e1s agresivo, contra el actual inquilino de la Casa Blanca. Trump Not Welcome (Trump, no eres bienvenido), Trump Fascist (Trump fascista) o Stop Trump (Paremos a Trump) han sido las consignas m\u00e1s repetidas en la mayor\u00eda de las pancartas, pero algunas han ido m\u00e1s all\u00e1, y han llamado a Trump \u201cped\u00f3filo\u201d, por su supuesta asociaci\u00f3n con el millonario estadounidense, Jeffrey Epstein, o \u201cla perra de Netanyahu\u201d, en referencia al primer ministro de Israel. Otros le han exigido: \u201cl\u00e1rgate, sucio idiota naranja\u201d.<\/p>\n<p class=\"\">Adem\u00e1s del Baby Trump, el mu\u00f1eco globo de un Trump con pa\u00f1ales que ya triunf\u00f3 en las protestas contra la primera visita del presidente, se han podido ver por las calles representaciones diversas del pol\u00edtico: Trump arrastrado por los suelos con una soga, Trump vestido de preso de Guant\u00e1namo o Trump inflado como una bola. <\/p>\n<p><img alt=\"El globo 'Baby Trump' durante las protestas en Londres por la visita del presidente Donald Trump, este mi\u00e9rcoles.  \" decoding=\"auto\" class=\"_re lazyload a_m-h\" height=\"276\"  width=\"414\"  src=\"https:\/\/www.europesays.com\/es\/wp-content\/uploads\/2025\/09\/QEL6HKKBSFEPPMNWWRIMYFWN2E.jpg\" loading=\"lazy\"\/>El globo &#8216;Baby Trump&#8217; durante las protestas en Londres por la visita del presidente Donald Trump, este mi\u00e9rcoles.  TOLGA AKMEN (EFE)<\/p>\n<p class=\"\">Junto a las consignas contra el visitante, han ondeado banderas palestinas, denuncias variadas del genocidio perpetrado por Israel en Gaza, exigencias a Occidente para que deje de vender armas al Gobierno de Netanyahu, llamadas a combatir el cambio clim\u00e1tico y consignas contra la violencia machista.<\/p>\n<p class=\"\">La revuelta de la izquierda es contra Trump, s\u00ed, pero tambi\u00e9n contra un primer ministro laborista, Keir Starmer, al que muchos consideran demasiado seguidista de las pol\u00edticas de la Administraci\u00f3n estadounidense, y tibio a la hora de condenar las acciones de Israel.<\/p>\n<p class=\"\">\u201cTenemos un primer ministro que act\u00faa como perrito faldero de Trump, y que nunca ha luchado realmente por las causas que defiende la izquierda\u201d, ha asegurado a EL PA\u00cdS Stewart, que portaba un cartel con los rostros de Starmer y Trump, a los que acusa de ser c\u00f3mplices del genocidio en la Franja.<\/p>\n<p><img alt=\"El presidente Donald Trump y la primera dama Melania Trumpa visitan la capilla de San Jorge del castillo de Windsor, este mi\u00e9rcoles. \" decoding=\"auto\" class=\"_re lazyload a_m-h\" height=\"276\"  width=\"414\"  src=\"https:\/\/www.europesays.com\/es\/wp-content\/uploads\/2025\/09\/6H2MP2ZQLZFSJNIKUGXR6LPT5Y.jpg\" loading=\"lazy\"\/>El presidente Donald Trump y la primera dama Melania Trumpa visitan la capilla de San Jorge del castillo de Windsor, este mi\u00e9rcoles. DPA v\u00eda Europa Press  (DPA v\u00eda Europa Press)<\/p>\n<p class=\"\"><a href=\"https:\/\/elpais.com\/internacional\/2025-09-17\/donald-trump-llega-al-reino-unido-en-medio-de-protestas-ciudadanas.html\" target=\"_self\" rel=\"nofollow noopener\" title=\"https:\/\/elpais.com\/internacional\/2025-09-17\/donald-trump-llega-al-reino-unido-en-medio-de-protestas-ciudadanas.html\">El presidente estadounidense permanecer\u00e1 durante los dos d\u00edas de su visita en Windsor,<\/a> el castillo residencia de Carlos III de Inglaterra. El Ejecutivo brit\u00e1nico ha querido aislar de las protestas a Trump con el prop\u00f3sito de que regrese a Washington el jueves con el recuerdo de toda la pompa y ceremonia con la que ha sido agasajado, y no con el profundo rechazo que provoca en la mayor\u00eda de los brit\u00e1nicos, seg\u00fan dicen las encuestas.<\/p>\n<p class=\"\">Los organizadores de la protesta han preparado una inmensa plataforma con megafon\u00eda en el centro de Parliament Square, frente al Palacio de Westminster, donde se encuentra la C\u00e1mara de los Comunes, desde donde se han dirigido a los manifestantes pol\u00edticos y activistas de la izquierda. \u201cNo pasar\u00e1n\u201d, ha hecho corear a los asistentes una de las activistas que ha tomado el micr\u00f3fono.<\/p>\n<p><img alt=\"Cabecera de la protesta contra Trump, este mi\u00e9rcoles en Londres.\" decoding=\"auto\" class=\"_re lazyload a_m-h\" height=\"276\"  width=\"414\"  src=\"https:\/\/www.europesays.com\/es\/wp-content\/uploads\/2025\/09\/HGDFXFWRQZJEXD4WLJIJVMTONE.jpg\" loading=\"lazy\"\/>Cabecera de la protesta contra Trump, este mi\u00e9rcoles en Londres.Isabel Infantes (REUTERS)<\/p>\n<p class=\"\">Junto al comediante Nish Kumar o la escritora Coco Khan, pol\u00edticos como el nuevo l\u00edder del Partido Verde, Zack Polanski, o el veterano ex dirigente del Partido Laborista, Jeremy Corbyn, han pedido a los manifestantes que no detengan su protesta.<\/p>\n<p class=\"\">Polanski, que se ha convertido en la voz m\u00e1s fresca de un nuevo populismo de izquierdas decidido a plantar cara a la extrema derecha de Nigel Farage, ha asegurado: \u201ceste es el momento de rechazar con contundencia las pol\u00edticas de odio\u201d que representa Trump.<\/p>\n","protected":false},"excerpt":{"rendered":"Miles de personas han desfilado este mi\u00e9rcoles por el centro de Londres para expresar su rechazo a la&hellip;\n","protected":false},"author":2,"featured_media":121411,"comment_status":"","ping_status":"","sticky":false,"template":"","format":"standard","meta":{"footnotes":""},"categories":[42],"tags":[17,18,352,629,13,14,79,11,61,62,63,64,74,2928,19,20,9,10,15,16,76,952,1670,2444,12,21,22,65,66,67],"class_list":{"0":"post-121410","1":"post","2":"type-post","3":"status-publish","4":"format-standard","5":"has-post-thumbnail","7":"category-internacional","8":"tag-breaking-news","9":"tag-breakingnews","10":"tag-donald-trump","11":"tag-estados-unidos","12":"tag-featured-news","13":"tag-featurednews","14":"tag-genocidio","15":"tag-headlines","16":"tag-internacional","17":"tag-international","18":"tag-international-news","19":"tag-internationalnews","20":"tag-israel","21":"tag-keir-starmer","22":"tag-latest-news","23":"tag-latestnews","24":"tag-news","25":"tag-noticias","26":"tag-noticias-destacadas","27":"tag-noticiasdestacadas","28":"tag-palestina","29":"tag-politica","30":"tag-politicos","31":"tag-reino-unido","32":"tag-titulares","33":"tag-ultimas-noticias","34":"tag-ultimasnoticias","35":"tag-world","36":"tag-world-news","37":"tag-worldnews"},"share_on_mastodon":{"url":"","error":""},"_links":{"self":[{"href":"https:\/\/www.europesays.com\/es\/wp-json\/wp\/v2\/posts\/121410","targetHints":{"allow":["GET"]}}],"collection":[{"href":"https:\/\/www.europesays.com\/es\/wp-json\/wp\/v2\/posts"}],"about":[{"href":"https:\/\/www.europesays.com\/es\/wp-json\/wp\/v2\/types\/post"}],"author":[{"embeddable":true,"href":"https:\/\/www.europesays.com\/es\/wp-json\/wp\/v2\/users\/2"}],"replies":[{"embeddable":true,"href":"https:\/\/www.europesays.com\/es\/wp-json\/wp\/v2\/comments?post=121410"}],"version-history":[{"count":0,"href":"https:\/\/www.europesays.com\/es\/wp-json\/wp\/v2\/posts\/121410\/revisions"}],"wp:featuredmedia":[{"embeddable":true,"href":"https:\/\/www.europesays.com\/es\/wp-json\/wp\/v2\/media\/121411"}],"wp:attachment":[{"href":"https:\/\/www.europesays.com\/es\/wp-json\/wp\/v2\/media?parent=121410"}],"wp:term":[{"taxonomy":"category","embeddable":true,"href":"https:\/\/www.europesays.com\/es\/wp-json\/wp\/v2\/categories?post=121410"},{"taxonomy":"post_tag","embeddable":true,"href":"https:\/\/www.europesays.com\/es\/wp-json\/wp\/v2\/tags?post=121410"}],"curies":[{"name":"wp","href":"https:\/\/api.w.org\/{rel}","templated":true}]}}