{"id":121418,"date":"2025-09-17T18:57:11","date_gmt":"2025-09-17T18:57:11","guid":{"rendered":"https:\/\/www.europesays.com\/es\/121418\/"},"modified":"2025-09-17T18:57:11","modified_gmt":"2025-09-17T18:57:11","slug":"manzanares-baja-en-la-feria-de-salamanca-por-lesion-salamancartv-al-dia","status":"publish","type":"post","link":"https:\/\/www.europesays.com\/es\/121418\/","title":{"rendered":"Manzanares, baja en la Feria de Salamanca por lesi\u00f3n &#8211; SALAMANCArtv AL D\u00cdA"},"content":{"rendered":"<p class=\"prip\">El diestro <strong>Jos\u00e9 Mar\u00eda Manzanares<\/strong> ha anunciado a trav\u00e9s de un comunicado en sus redes sociales que causa baja para sus pr\u00f3ximos compromisos, entre ellos, el festejo de este viernes, 19 de septiembre, en la plaza de toros de <strong>La Glorieta<\/strong>.<\/p>\n<p>La ausencia del torero alicantino se debe a una lesi\u00f3n que le mantendr\u00e1 alejado de los ruedos hasta su completa recuperaci\u00f3n, dejando el cartel de la feria en una situaci\u00f3n ncertidumbre.<\/p>\n<p>Seg\u00fan detalla el comunicado, el origen de la lesi\u00f3n fue la <strong>\u00abcogida sufrida el d\u00eda 15 de septiembre en la plaza de toros de Murcia\u00bb<\/strong>. Como consecuencia del percance, el parte m\u00e9dico confirma que <strong>Jos\u00e9 Mar\u00eda Manzanares<\/strong> presenta una <strong>\u00abfractura en la octava costilla izquierda\u00bb<\/strong>.<\/p>\n<p>Esta lesi\u00f3n, explica la nota, \u00abcausar\u00e1 baja en sus pr\u00f3ximos compromisos hasta su recuperaci\u00f3n\u00bb, lo que incluye de forma ineludible su cita con la afici\u00f3n salmantina.<\/p>\n<p>Manzanares estaba anunciado junto a Morante de la Puebla y <strong>Marco P\u00e9re<\/strong>z; su baja se une a la inc\u00f3gnita que rodea la participaci\u00f3n de <strong>Morante de la Puebla<\/strong>, cuya presencia sigue en el aire. <\/p>\n<p>Este es el comunicado de Manzanares en sus redes sociales:<\/p>\n<p><img loading=\"lazy\" decoding=\"async\" class=\"tinymceimage\"   width=\"714\" height=\"1042\" src=\"https:\/\/www.europesays.com\/es\/wp-content\/uploads\/2025\/09\/comunicado-manzanares.jpg\" alt=\"Jos\u00e9 Mar\u00eda Manzanares, baja en La Glorieta | Imagen 1\"\/><\/p>\n","protected":false},"excerpt":{"rendered":"El diestro Jos\u00e9 Mar\u00eda Manzanares ha anunciado a trav\u00e9s de un comunicado en sus redes sociales que causa&hellip;\n","protected":false},"author":2,"featured_media":121419,"comment_status":"","ping_status":"","sticky":false,"template":"","format":"standard","meta":{"footnotes":""},"categories":[277],"tags":[373,168,1819,1639,25,24,10,4069,3614,23,167,374,444],"class_list":{"0":"post-121418","1":"post","2":"type-post","3":"status-publish","4":"format-standard","5":"has-post-thumbnail","7":"category-toreo","8":"tag-bullfighting","9":"tag-deportes","10":"tag-diario","11":"tag-digital","12":"tag-es","13":"tag-espana","14":"tag-noticias","15":"tag-periodico","16":"tag-salamanca","17":"tag-spain","18":"tag-sports","19":"tag-toreo","20":"tag-toros"},"share_on_mastodon":{"url":"","error":""},"_links":{"self":[{"href":"https:\/\/www.europesays.com\/es\/wp-json\/wp\/v2\/posts\/121418","targetHints":{"allow":["GET"]}}],"collection":[{"href":"https:\/\/www.europesays.com\/es\/wp-json\/wp\/v2\/posts"}],"about":[{"href":"https:\/\/www.europesays.com\/es\/wp-json\/wp\/v2\/types\/post"}],"author":[{"embeddable":true,"href":"https:\/\/www.europesays.com\/es\/wp-json\/wp\/v2\/users\/2"}],"replies":[{"embeddable":true,"href":"https:\/\/www.europesays.com\/es\/wp-json\/wp\/v2\/comments?post=121418"}],"version-history":[{"count":0,"href":"https:\/\/www.europesays.com\/es\/wp-json\/wp\/v2\/posts\/121418\/revisions"}],"wp:featuredmedia":[{"embeddable":true,"href":"https:\/\/www.europesays.com\/es\/wp-json\/wp\/v2\/media\/121419"}],"wp:attachment":[{"href":"https:\/\/www.europesays.com\/es\/wp-json\/wp\/v2\/media?parent=121418"}],"wp:term":[{"taxonomy":"category","embeddable":true,"href":"https:\/\/www.europesays.com\/es\/wp-json\/wp\/v2\/categories?post=121418"},{"taxonomy":"post_tag","embeddable":true,"href":"https:\/\/www.europesays.com\/es\/wp-json\/wp\/v2\/tags?post=121418"}],"curies":[{"name":"wp","href":"https:\/\/api.w.org\/{rel}","templated":true}]}}