{"id":121420,"date":"2025-09-17T19:00:09","date_gmt":"2025-09-17T19:00:09","guid":{"rendered":"https:\/\/www.europesays.com\/es\/121420\/"},"modified":"2025-09-17T19:00:09","modified_gmt":"2025-09-17T19:00:09","slug":"un-italiano-purasangre-con-el-acento-de-adolf-hitler","status":"publish","type":"post","link":"https:\/\/www.europesays.com\/es\/121420\/","title":{"rendered":"Un italiano purasangre con el acento de Adolf Hitler"},"content":{"rendered":"<p class=\"c-paragraph\"><b>Fedez<\/b>, uno de los cantantes italianos m\u00e1s escuchados del momento, public\u00f3 en sus redes sociales una estrofa, presuntamente parte de una nueva canci\u00f3n, que han suscitado gran revuelo en el pa\u00eds transalpino, entre otras cosas, por su<b> cr\u00edtica a<a href=\"https:\/\/www.20minutos.es\/tags\/deportes\/jannik-sinner.html\" title=\"Jannik Sinner\" rel=\"nofollow noopener\" target=\"_blank\"> Jannik Sinner<\/a>, a quien califica como\u00a0\u00abun italiano purasangre con el acento de Adolf Hitler\u00bb.<\/b><\/p>\n<p class=\"c-paragraph\">El pol\u00e9mico rapero, con <b>3,4 millones de oyentes mensuales en Spotify<\/b>, public\u00f3 en redes sociales una serie de l\u00edneas escritas en su bloc de notas personal en las que habla de varios personajes de la actualidad, entre ellos del estadounidense Charlie Kirk, asesinado el pasado 10 de septiembre; Elly Schelein, pol\u00edtica italiana; o el italiano Carlo Acutis, conocido como &#8216;santo millenial&#8217;, el primero que vivi\u00f3 en el siglo XXI.<\/p>\n<p class=\"c-paragraph\">Y aunque milanista confeso como Sinner, atac\u00f3 por sus or\u00edgenes alemanes al tenista, nacido en San C\u00e1ndido, localidad tambi\u00e9n con nombre alem\u00e1n (Innichen) en la regi\u00f3n de Trentino Alto-Adigio, e hijo de dos italianos, Jonnah y Singladine, <b>con antepasados alemanes<\/b>.<\/p>\n<p class=\"c-paragraph\"><b>\u00abLos italianos tienen un nuevo \u00eddolo que se llama Jannik Sinner. Un italiano purasangre con el acento de Adolf Hitler\u00bb<\/b>, es la pol\u00e9mica frase que le dedica el cantante.<\/p>\n<p class=\"c-paragraph\">El resto de la estrofa es el siguiente: \u00abHan canonizado a un chico de 15 a\u00f1os por su milagro de jugar a la PlayStation sin decir palabrotas. Han disparado a un antiabortista estadounidense. \u00a1TRANQUILOS, CHICOS, EL PAPA SIGUE EN EL VATICANO! \u00bfHab\u00e9is o\u00eddo lo que ha dicho Elly Schlein? &#8216;Condeno a Israel, pero tengo muchos amigos hebreos&#8217;. Los italianos tienen un nuevo \u00eddolo que se llama Jannik Sinner. Un italiano de pura cepa con el acento de Adolf Hitler\u00bb.<\/p>\n","protected":false},"excerpt":{"rendered":"Fedez, uno de los cantantes italianos m\u00e1s escuchados del momento, public\u00f3 en sus redes sociales una estrofa, presuntamente&hellip;\n","protected":false},"author":2,"featured_media":121421,"comment_status":"","ping_status":"","sticky":false,"template":"","format":"standard","meta":{"footnotes":""},"categories":[274],"tags":[10485,168,25,24,27524,544,23,167,327,326],"class_list":{"0":"post-121420","1":"post","2":"type-post","3":"status-publish","4":"format-standard","5":"has-post-thumbnail","7":"category-tenis","8":"tag-adolf-hitler","9":"tag-deportes","10":"tag-es","11":"tag-espana","12":"tag-fedez","13":"tag-jannik-sinner","14":"tag-spain","15":"tag-sports","16":"tag-tenis","17":"tag-tennis"},"share_on_mastodon":{"url":"","error":""},"_links":{"self":[{"href":"https:\/\/www.europesays.com\/es\/wp-json\/wp\/v2\/posts\/121420","targetHints":{"allow":["GET"]}}],"collection":[{"href":"https:\/\/www.europesays.com\/es\/wp-json\/wp\/v2\/posts"}],"about":[{"href":"https:\/\/www.europesays.com\/es\/wp-json\/wp\/v2\/types\/post"}],"author":[{"embeddable":true,"href":"https:\/\/www.europesays.com\/es\/wp-json\/wp\/v2\/users\/2"}],"replies":[{"embeddable":true,"href":"https:\/\/www.europesays.com\/es\/wp-json\/wp\/v2\/comments?post=121420"}],"version-history":[{"count":0,"href":"https:\/\/www.europesays.com\/es\/wp-json\/wp\/v2\/posts\/121420\/revisions"}],"wp:featuredmedia":[{"embeddable":true,"href":"https:\/\/www.europesays.com\/es\/wp-json\/wp\/v2\/media\/121421"}],"wp:attachment":[{"href":"https:\/\/www.europesays.com\/es\/wp-json\/wp\/v2\/media?parent=121420"}],"wp:term":[{"taxonomy":"category","embeddable":true,"href":"https:\/\/www.europesays.com\/es\/wp-json\/wp\/v2\/categories?post=121420"},{"taxonomy":"post_tag","embeddable":true,"href":"https:\/\/www.europesays.com\/es\/wp-json\/wp\/v2\/tags?post=121420"}],"curies":[{"name":"wp","href":"https:\/\/api.w.org\/{rel}","templated":true}]}}