{"id":121422,"date":"2025-09-17T19:01:07","date_gmt":"2025-09-17T19:01:07","guid":{"rendered":"https:\/\/www.europesays.com\/es\/121422\/"},"modified":"2025-09-17T19:01:07","modified_gmt":"2025-09-17T19:01:07","slug":"antiviolencia-propone-sanciones-de-hasta-4-000-euros-para-17-activistas-por-los-incidentes-en-la-vuelta-mas-deportes","status":"publish","type":"post","link":"https:\/\/www.europesays.com\/es\/121422\/","title":{"rendered":"Antiviolencia propone sanciones de hasta 4.000 euros para 17 activistas por los incidentes en La Vuelta | M\u00e1s deportes"},"content":{"rendered":"<p>La Comisi\u00f3n Estatal Antiviolencia ha acordado proponer una multa a 17 personas por incidentes en diferentes etapas de La Vuelta ciclista a Espa\u00f1a que oscilan entre los 3.000 y 4.000 euros, as\u00ed como la prohibici\u00f3n de acceso a acontecimientos deportivos durante seis meses.<\/p>\n<p>Seg\u00fan informa este mi\u00e9rcoles la Comisi\u00f3n, estos expedientes analizados corresponden a las actuaciones de la Polic\u00eda Nacional y la Guardia Civil en la duod\u00e9cima etapa, Laredo-Los Corrales de Buelna, en la decimocuarta, Avil\u00e9s-La Farrapona, y la decimoquinta, Aveiga-Monforte de Lemos. <\/p>\n<p>La Vuelta a Espa\u00f1a se vio alterada por incidentes causados por las protestas de personas a favor de Palestina y en contra de la participaci\u00f3n del equipo Israel-Premier Tech. En la und\u00e9cima etapa, con salida y llegada en Bilbao, se tuvo que adelantar el final y la \u00faltima jornada, en Madrid, se detuvo la carrera a 56 kil\u00f3metros para el final, entre otras. <\/p>\n","protected":false},"excerpt":{"rendered":"La Comisi\u00f3n Estatal Antiviolencia ha acordado proponer una multa a 17 personas por incidentes en diferentes etapas de&hellip;\n","protected":false},"author":2,"featured_media":121423,"comment_status":"","ping_status":"","sticky":false,"template":"","format":"standard","meta":{"footnotes":""},"categories":[273],"tags":[313,312,168,25,24,23,167],"class_list":{"0":"post-121422","1":"post","2":"type-post","3":"status-publish","4":"format-standard","5":"has-post-thumbnail","7":"category-ciclismo","8":"tag-ciclismo","9":"tag-cycling","10":"tag-deportes","11":"tag-es","12":"tag-espana","13":"tag-spain","14":"tag-sports"},"share_on_mastodon":{"url":"","error":""},"_links":{"self":[{"href":"https:\/\/www.europesays.com\/es\/wp-json\/wp\/v2\/posts\/121422","targetHints":{"allow":["GET"]}}],"collection":[{"href":"https:\/\/www.europesays.com\/es\/wp-json\/wp\/v2\/posts"}],"about":[{"href":"https:\/\/www.europesays.com\/es\/wp-json\/wp\/v2\/types\/post"}],"author":[{"embeddable":true,"href":"https:\/\/www.europesays.com\/es\/wp-json\/wp\/v2\/users\/2"}],"replies":[{"embeddable":true,"href":"https:\/\/www.europesays.com\/es\/wp-json\/wp\/v2\/comments?post=121422"}],"version-history":[{"count":0,"href":"https:\/\/www.europesays.com\/es\/wp-json\/wp\/v2\/posts\/121422\/revisions"}],"wp:featuredmedia":[{"embeddable":true,"href":"https:\/\/www.europesays.com\/es\/wp-json\/wp\/v2\/media\/121423"}],"wp:attachment":[{"href":"https:\/\/www.europesays.com\/es\/wp-json\/wp\/v2\/media?parent=121422"}],"wp:term":[{"taxonomy":"category","embeddable":true,"href":"https:\/\/www.europesays.com\/es\/wp-json\/wp\/v2\/categories?post=121422"},{"taxonomy":"post_tag","embeddable":true,"href":"https:\/\/www.europesays.com\/es\/wp-json\/wp\/v2\/tags?post=121422"}],"curies":[{"name":"wp","href":"https:\/\/api.w.org\/{rel}","templated":true}]}}