{"id":121426,"date":"2025-09-17T19:03:08","date_gmt":"2025-09-17T19:03:08","guid":{"rendered":"https:\/\/www.europesays.com\/es\/121426\/"},"modified":"2025-09-17T19:03:08","modified_gmt":"2025-09-17T19:03:08","slug":"chris-duarte-tuve-muchas-opciones-no-solo-la-del-madrid-pero-tome-la-mejor-decision","status":"publish","type":"post","link":"https:\/\/www.europesays.com\/es\/121426\/","title":{"rendered":"Chris Duarte: \u00abTuve muchas opciones, no s\u00f3lo la del Madrid, pero tom\u00e9 la mejor decisi\u00f3n\u00bb"},"content":{"rendered":"<p>La vida de Chris Duarte (Puerto Plata, Rep\u00fablica Dominicana, 1997) ha sido una monta\u00f1a rusa en los \u00faltimos meses. Ha pasado de estar jugando en  &#8230; Puerto Rico, a fichar por el Unicaja y ahora estar en la otra punta del mundo para disputar la Copa Intercontinental en Singapur. El fichaje estrella del Unicaja concede a SUR la primera entrevista desde su llegada al club cajista a las puertas de un torneo que puede dar a su club un nuevo t\u00edtulo. El dominicano se abre para hablar de su familia, su fe cristiana, los motivos de su fichaje y sus aspiraciones en M\u00e1laga.<\/p>\n<p class=\"v-p\"><strong>-Lleva unas semanas en su nueva casa. \u00bfC\u00f3mo est\u00e1 siendo el choque cultural con el estilo de vida de Europa en su primera experiencia fuera de Am\u00e9rica?<\/strong><\/p>\n<p class=\"v-p\">-Me he sentido s\u00faper bien con el gran recibimiento que tuve por parte del club y la afici\u00f3n hacia m\u00ed y mi familia, tambi\u00e9n con los dos partidos que hemos jugado hasta el momento y los entrenamientos. Todo va de maravilla y estoy contento con la oportunidad que tengo con el Unicaja en M\u00e1laga<\/p>\n<p>Juan Calder\u00f3n y Daniel Gonz\u00e1lez<\/p>\n<p class=\"v-p\"><strong>-\u00bfCu\u00e1ndo decidi\u00f3 que era el momento de dejar el &#8216;entorno de la NBA&#8217; y cruzar el Atl\u00e1ntico para jugar en Europa?<\/strong><\/p>\n<p class=\"v-p\">-Cuando tienes familia ya no depende de ti, depende de ellos. Ellos son la prioridad para m\u00ed. La raz\u00f3n por la que he decidido venir a M\u00e1laga es por una cuesti\u00f3n de estabilidad y por una vida m\u00e1s tranquila y segura. <\/p>\n<p class=\"v-p\"><strong>-Antes de venir a M\u00e1laga tuvo distintos ofrecimientos, tambi\u00e9n del Real Madrid. \u00bfPor qu\u00e9 eligi\u00f3 el Unicaja?<\/strong><\/p>\n<p class=\"v-p\">-Tuve muchas opciones, no s\u00f3lo la del Madrid. Tuve opciones de equipos de la Euroliga, de la Liga ACB, tambi\u00e9n de la NBA&#8230; de todos lados. Gracias a Dios he tomado la mejor decisi\u00f3n, que era la de venir a M\u00e1laga. <\/p>\n<p class=\"v-p\"><strong>-Repite constantemente la palabra familia. Sin duda es el pilar de su vida. Se ha tatuado los rostros de sus hijos.<\/strong><\/p>\n<p class=\"v-p\">-Yo le suelo decir a mi esposa que mi pap\u00e1 muri\u00f3 cuando yo era todav\u00eda un ni\u00f1o, reci\u00e9n nacido. Nunca sent\u00ed esa presencia de mi padre biol\u00f3gico y creo que hoy en d\u00eda eso es lo que me hace ser el padre que soy. Soy un padre que siempre quiere estar presente para mis hijos y mi familia. Quiero ense\u00f1arles las cosas que alg\u00fan d\u00eda a m\u00ed me faltaron. Es algo \u00edntimo, por eso soy el hombre y el padre que soy. Ellos lo son todo para m\u00ed. Me los he tatuado, pero me falta el tercero y me lo tengo que hacer porque estoy seguro que me lo va a pedir (risas).<\/p>\n<p><img decoding=\"async\" loading=\"lazy\" src=\"https:\/\/www.europesays.com\/es\/wp-content\/uploads\/2025\/09\/xvrvgkh21t4cte8foryf.jpg\" class=\"v-a-img\" width=\"650\" height=\"455\" alt=\"\" data-voc-vtm-id=\"in-text-traffic\"\/><\/p>\n<p>FIBA<\/p>\n<p><img loading=\"lazy\" decoding=\"async\" src=\"https:\/\/www.europesays.com\/es\/wp-content\/uploads\/2025\/09\/xvrvgkh21t4cte8foryf.jpg\" class=\"v-mdl__img-z\" width=\"650\" height=\"455\" alt=\"\"\/><\/p>\n<p class=\"v-p\"><strong>-Hace poco conocimos el problema de salud que sufre su mujer, que padece un c\u00e1ncer. \u00bfC\u00f3mo est\u00e1 y c\u00f3mo est\u00e1n tratando el asunto en la familia?<\/strong><\/p>\n<p class=\"v-p\">-Fue dif\u00edcil. Fueron unos momentos dif\u00edciles, porque en su familia han sufrido mucho con esa enfermedad. Al escuchar esa palabra una vez m\u00e1s la verdad es que nos dio duro. Gracias a Dios y a la uni\u00f3n familiar, hemos sacado fuerzas. El club nos apoy\u00f3 y nos ayud\u00f3 a buscar una soluci\u00f3n. <\/p>\n<p class=\"v-p\"><strong>-Volviendo al baloncesto. Estamos en la otra punta del mundo para disputar la Copa Intercontinental. \u00a1Qui\u00e9n se lo iba a decir cuando hace unos meses estaba usted en Puerto Rico! Menudo choque cultural.<\/strong><\/p>\n<p class=\"v-p\">-Es una experiencia bonita ver este lado del mundo. Es algo especial. No todo el mundo tiene la oportunidad de venir y viajar por alrededor del mundo y conocer distintas culturas. Cr\u00e9ame que lo estoy disfrutando al m\u00e1ximo. Cada cultura es diferente, aprendes mucho y te llevas cosas nuevas para casa. Por ejemplo, la comida es muy diferente a por all\u00e1, por Am\u00e9rica. Es algo que puede comparar. Saber d\u00f3nde se come mejor, d\u00f3nde se vive mejor, la seguridad&#8230; Un d\u00eda te puedes sentar a decidir d\u00f3nde se vive mejor. Es una aventura y una bendici\u00f3n tener esta oportunidad. <\/p>\n<p class=\"v-p\"><strong>-Su llegada a M\u00e1laga ha generado una ola de ilusi\u00f3n en la afici\u00f3n del Unicaja. \u00bfSiente presi\u00f3n por responder a esas expectativas que se han creado?<\/strong><\/p>\n<p class=\"v-p\">-Me siento capacitado. Trabajo duro para estos momentos. Estoy preparado. El resultado ser\u00e1 el que sea, pero algo a la cancha a dar el m\u00e1ximo. Estoy agradecido por la oportunidad que tengo y el compromiso que tengo, que es grande. Hay expectativas, lo entiendo, pero al final del d\u00eda trato de no presionarme. Llevo muchos a\u00f1os jugando al baloncesto, pero cr\u00e9ame que estoy m\u00e1s emocionado que presionado. Estoy contento. <\/p>\n<p class=\"v-p\"><strong>-La familia, el baloncesto y la religi\u00f3n son los pilares de su vida. \u00bfDe d\u00f3nde le viene esa fe cristina?<\/strong><\/p>\n<p class=\"v-p\">-Es algo que viene de familia y de la cultura. En la Rep\u00fablica Dominicana somos muy creyentes en Dios. Todo lo agarramos de \u00e9l. Sabemos que sin \u00e9l nada de esto es posible. Somos gente de mucha fe. Nosotros hasta para mover un plato le pedimos a Dios que nos ayude a hacer ese trabajo. Es algo que viene de la cultura de mi familia, de mi abuela, de mi madre, de mis t\u00edos&#8230; Nosotros en alg\u00fan momento vamos a la iglesia, oramos, le pedimos a Dios y buscamos esa cercan\u00eda hacia \u00e9l.<\/p>\n<p class=\"v-p\"><strong>-Antes la m\u00fasica en el vestuario la pon\u00eda Kameron Taylor, as\u00ed que hace falta un Dj nuevo&#8230;<\/strong><\/p>\n<p class=\"v-p\">-(Risas) Creo que los muchachos hacen un buen trabajo con la m\u00fasica. Hay veces que pondr\u00e9 algo para sentirme un poco mejor si lo necesito. Alberto hace un buen trabajo con la m\u00fasica, me gusta la que pone, tambi\u00e9n Kendrick. El vestuario est\u00e1 bien con la m\u00fasica que tenemos.<\/p>\n","protected":false},"excerpt":{"rendered":"La vida de Chris Duarte (Puerto Plata, Rep\u00fablica Dominicana, 1997) ha sido una monta\u00f1a rusa en los \u00faltimos&hellip;\n","protected":false},"author":2,"featured_media":121427,"comment_status":"","ping_status":"","sticky":false,"template":"","format":"standard","meta":{"footnotes":""},"categories":[269],"tags":[299,298,2242,2347,168,2243,25,24,205,1684,1173,1138,23,167,7727],"class_list":{"0":"post-121426","1":"post","2":"type-post","3":"status-publish","4":"format-standard","5":"has-post-thumbnail","7":"category-baloncesto","8":"tag-baloncesto","9":"tag-basketball","10":"tag-chris","11":"tag-decision","12":"tag-deportes","13":"tag-duarte","14":"tag-es","15":"tag-espana","16":"tag-madrid","17":"tag-mejor","18":"tag-opciones","19":"tag-solo","20":"tag-spain","21":"tag-sports","22":"tag-tome"},"share_on_mastodon":{"url":"","error":""},"_links":{"self":[{"href":"https:\/\/www.europesays.com\/es\/wp-json\/wp\/v2\/posts\/121426","targetHints":{"allow":["GET"]}}],"collection":[{"href":"https:\/\/www.europesays.com\/es\/wp-json\/wp\/v2\/posts"}],"about":[{"href":"https:\/\/www.europesays.com\/es\/wp-json\/wp\/v2\/types\/post"}],"author":[{"embeddable":true,"href":"https:\/\/www.europesays.com\/es\/wp-json\/wp\/v2\/users\/2"}],"replies":[{"embeddable":true,"href":"https:\/\/www.europesays.com\/es\/wp-json\/wp\/v2\/comments?post=121426"}],"version-history":[{"count":0,"href":"https:\/\/www.europesays.com\/es\/wp-json\/wp\/v2\/posts\/121426\/revisions"}],"wp:featuredmedia":[{"embeddable":true,"href":"https:\/\/www.europesays.com\/es\/wp-json\/wp\/v2\/media\/121427"}],"wp:attachment":[{"href":"https:\/\/www.europesays.com\/es\/wp-json\/wp\/v2\/media?parent=121426"}],"wp:term":[{"taxonomy":"category","embeddable":true,"href":"https:\/\/www.europesays.com\/es\/wp-json\/wp\/v2\/categories?post=121426"},{"taxonomy":"post_tag","embeddable":true,"href":"https:\/\/www.europesays.com\/es\/wp-json\/wp\/v2\/tags?post=121426"}],"curies":[{"name":"wp","href":"https:\/\/api.w.org\/{rel}","templated":true}]}}