{"id":121430,"date":"2025-09-17T19:05:12","date_gmt":"2025-09-17T19:05:12","guid":{"rendered":"https:\/\/www.europesays.com\/es\/121430\/"},"modified":"2025-09-17T19:05:12","modified_gmt":"2025-09-17T19:05:12","slug":"tana-rivera-la-mas-elegante-con-un-look-espanol-de-lunares-en-el-front-row-de-pedro-del-hierro","status":"publish","type":"post","link":"https:\/\/www.europesays.com\/es\/121430\/","title":{"rendered":"Tana Rivera, la m\u00e1s elegante con un look espa\u00f1ol de lunares en el front row de Pedro del Hierro"},"content":{"rendered":"<p id=\"eLmGCXCQ2z\" data-wc=\"98\">Arranca la 82\u00ba edici\u00f3n de<strong>\u00a0Mercedes-Benz Fashion Week Madrid<\/strong> con los desfiles en formato &#8216;OFF&#8217;; es decir, aquellos que se celebran fuera del pabell\u00f3n 14.1 de Ifema para desvelar las novedades de la temporada Primavera\/Verano 2026 en otros puntos emblem\u00e1ticos de la capital. Este mi\u00e9rcoles, los focos est\u00e1n puestos sobre la <strong>Galer\u00eda de Cristal del Palacio de Cibeles<\/strong>, donde se ha inaugurado la primera jornada con <a class=\"hm-link hf-link\" href=\"https:\/\/www.hola.com\/fashion\/20250917856074\/silvia-tcherassi-primavera-verano-2026-madrid-desfile-nieves-alvarez\/\" data-mrf-recirculation=\"article-body-link\" rel=\"nofollow noopener\" target=\"_blank\">la presentaci\u00f3n de la colombiana Silvia Tcherassi<\/a>, seguida de nuestro <strong>Pedro del Hierro<\/strong>. Y como siempre, el dise\u00f1ador ha contado con sus mejores embajadoras, entre las que no ha faltado <strong>Tana Rivera<\/strong>.\u00a0<\/p>\n<p> <img src=\"https:\/\/www.europesays.com\/es\/wp-content\/uploads\/2025\/09\/664bba704c35-dlu591387001.jpg\"   width=\"682\" height=\"1024\" loading=\"lazy\" decoding=\"async\" alt=\"Tana Rivera, la m\u00e1s elegante con un look espa\u00f1ol de lunares en el front row de Pedro del Hierro\" fetchpriority=\"auto\" class=\"image hf-image\"\/>\u00a9 GTRES<br \/>\nTana Rivera no se pierde los desfiles en Madrid<\/p>\n<p id=\"eilhbSW1FG\" data-wc=\"70\">Los desfiles de Pedro del Hierro son casi tan llamativos por su lista de invitadas que por las colecciones que muestra. Tamara Falc\u00f3, Raquel S\u00e1nchez Silva&#8230; Su &#8216;front row&#8217; est\u00e1 repleto de personalidades tan estilosas que no sabemos si fijarnos primero en los looks de la pasarela o en los que llevan puestos las estrellas. Tana Rivera, en esta oportunidad, nos lo ha puesto f\u00e1cil. \u00a1No podr\u00edamos parar de mirarla! \u00a0<\/p>\n<p id=\"erCsAlYzHV\" data-wc=\"59\">La hija de Eugenia Mart\u00ednez de Irujo y Francisco Rivera Ordo\u00f1ez, que fue nuestra <a class=\"hm-link hf-link\" href=\"https:\/\/www.hola.com\/fashion\/20250425828495\/tana-rivera-cena-lanzamiento-nueva-coleccion-moda-madrid-looks\/\" data-mrf-recirculation=\"article-body-link\" rel=\"nofollow noopener\" target=\"_blank\">protagonista de FASHION mayo<\/a>, ha apostado por el estampado m\u00e1s tendencia de todo el a\u00f1o. Si 2024 estuvo dominado por el patr\u00f3n de leopardo, 2025 lo est\u00e1 por los lunares, cuyo origen -aunque se cree que es espa\u00f1ol- tiene una historia interesante y muy inesperada.\u00a0<\/p>\n<p> <img src=\"https:\/\/www.europesays.com\/es\/wp-content\/uploads\/2025\/09\/aba667173ace-gettyimages-2235913282.jpg\"   width=\"682\" height=\"1024\" loading=\"lazy\" decoding=\"async\" alt=\"Tana Rivera, la m\u00e1s elegante con un look espa\u00f1ol de lunares en el front row de Pedro del Hierro\" fetchpriority=\"auto\" class=\"image hf-image\"\/>\u00a9 Getty Images<\/p>\n<p id=\"elCM6JSYh7e\" data-wc=\"71\">Este motivo alegre a la par que sofisticado naci\u00f3 a ra\u00edz de<strong>\u00a0la fiebre por la polca<\/strong>, una danza popular de Bohemia (actual Rep\u00fablica Checa) que arras\u00f3 en Europa y, posteriormente, en Am\u00e9rica. Fue un \u00e9xito y, en la jerga popular, todo lo que gustaba se describ\u00eda como polka: sombreros, chaquetas, tejidos\u2026 Por casualidad, <strong>tambi\u00e9n\u00a0<\/strong><a class=\"hm-link hf-link\" href=\"https:\/\/www.hola.com\/moda\/20250526833106\/lunares-estampado-espanol-looks-celebrities-priyanka-chopra\/\" data-mrf-recirculation=\"article-body-link\" rel=\"nofollow noopener\" target=\"_blank\">los lunares<\/a>, cuando en realidad no ten\u00edan ninguna relaci\u00f3n con el baile m\u00e1s all\u00e1 del nombre.\u00a0<\/p>\n<p> <img src=\"https:\/\/www.europesays.com\/es\/wp-content\/uploads\/2025\/09\/b8cbb054d0ae-dlu591387006.jpg\"   width=\"1024\" height=\"682\" loading=\"lazy\" decoding=\"async\" alt=\"Cayetana Rivera Martinez de Irujo\" fetchpriority=\"auto\" class=\"image hf-image\"\/>\u00a9 GTRES<\/p>\n<p data-wc=\"82\" id=\"e96kYPk1a1L\">Han pasado casi dos siglos desde entonces, pero el amor por los topitos contin\u00faa &#8211; <a class=\"hm-link hf-link\" href=\"https:\/\/www.hola.com\/fashion\/tendencias\/20250817850010\/tops-escote-halter-zara-nueva-coleccion\" data-mrf-recirculation=\"article-body-link\" rel=\"nofollow noopener\" target=\"_blank\">Zara incluso lanz\u00f3 una colecci\u00f3n dedicada \u00fanicamente a este estampado<\/a>&#8211; y el look de Tana en el desfile de Pedro del Hierro es prueba de que nos acompa\u00f1ar\u00e1 durante todo el oto\u00f1o y, seguramente, en el invierno. La sevillana ha optado por una combinaci\u00f3n elegante de camisa blanca con escote en &#8216;V&#8217; y una falda midi en color negro con delicados drapeados que parten de la cintura.\u00a0<\/p>\n<p> <img src=\"https:\/\/www.europesays.com\/es\/wp-content\/uploads\/2025\/09\/564a313ab4b7-dlu591387005.jpg\"   width=\"1024\" height=\"682\" loading=\"lazy\" decoding=\"async\" alt=\"Tana Rivera, la m\u00e1s elegante con un look espa\u00f1ol de lunares en el front row de Pedro del Hierro\" fetchpriority=\"auto\" class=\"image hf-image\"\/>\u00a9 GTRES<\/p>\n<p id=\"emTCiC5UJs\" data-wc=\"69\">Tana ha llevado la melena semirrecogida para presumir de pendientes, unos aros negros que se rematan con un brillante, coordin\u00e1ndolos con el resto de sus joyas, como el collar de eslabones brillantes en blanco y negro. El gran contraste ha sido el bolso de mano, un dise\u00f1o tipo sobre en piel de color rojo, de Pedro del Hierro, que le da ese toque necesario de color y muy espa\u00f1ol.<\/p>\n","protected":false},"excerpt":{"rendered":"Arranca la 82\u00ba edici\u00f3n de\u00a0Mercedes-Benz Fashion Week Madrid con los desfiles en formato &#8216;OFF&#8217;; es decir, aquellos que&hellip;\n","protected":false},"author":2,"featured_media":121431,"comment_status":"","ping_status":"","sticky":false,"template":"","format":"standard","meta":{"footnotes":""},"categories":[174],"tags":[22347,255,253,146,147,25,24,256,40007,1023,10,23],"class_list":{"0":"post-121430","1":"post","2":"type-post","3":"status-publish","4":"format-standard","5":"has-post-thumbnail","7":"category-famosos","8":"tag-cayetana-rivera","9":"tag-celebrities","10":"tag-discover","11":"tag-entertainment","12":"tag-entretenimiento","13":"tag-es","14":"tag-espana","15":"tag-famosos","16":"tag-mercedes-benz-fashion-week-madrid","17":"tag-moda","18":"tag-noticias","19":"tag-spain"},"share_on_mastodon":{"url":"","error":""},"_links":{"self":[{"href":"https:\/\/www.europesays.com\/es\/wp-json\/wp\/v2\/posts\/121430","targetHints":{"allow":["GET"]}}],"collection":[{"href":"https:\/\/www.europesays.com\/es\/wp-json\/wp\/v2\/posts"}],"about":[{"href":"https:\/\/www.europesays.com\/es\/wp-json\/wp\/v2\/types\/post"}],"author":[{"embeddable":true,"href":"https:\/\/www.europesays.com\/es\/wp-json\/wp\/v2\/users\/2"}],"replies":[{"embeddable":true,"href":"https:\/\/www.europesays.com\/es\/wp-json\/wp\/v2\/comments?post=121430"}],"version-history":[{"count":0,"href":"https:\/\/www.europesays.com\/es\/wp-json\/wp\/v2\/posts\/121430\/revisions"}],"wp:featuredmedia":[{"embeddable":true,"href":"https:\/\/www.europesays.com\/es\/wp-json\/wp\/v2\/media\/121431"}],"wp:attachment":[{"href":"https:\/\/www.europesays.com\/es\/wp-json\/wp\/v2\/media?parent=121430"}],"wp:term":[{"taxonomy":"category","embeddable":true,"href":"https:\/\/www.europesays.com\/es\/wp-json\/wp\/v2\/categories?post=121430"},{"taxonomy":"post_tag","embeddable":true,"href":"https:\/\/www.europesays.com\/es\/wp-json\/wp\/v2\/tags?post=121430"}],"curies":[{"name":"wp","href":"https:\/\/api.w.org\/{rel}","templated":true}]}}