{"id":121432,"date":"2025-09-17T19:06:53","date_gmt":"2025-09-17T19:06:53","guid":{"rendered":"https:\/\/www.europesays.com\/es\/121432\/"},"modified":"2025-09-17T19:06:53","modified_gmt":"2025-09-17T19:06:53","slug":"complejo-residencial-brunswick-yard-carr","status":"publish","type":"post","link":"https:\/\/www.europesays.com\/es\/121432\/","title":{"rendered":"Complejo residencial Brunswick Yard \/ Carr"},"content":{"rendered":"<p><a class=\"js-image-size__link \" href=\"https:\/\/www.archdaily.cl\/cl\/1034110\/complejo-residencial-brunswick-yard-carr\/68c2ca2a9028900fed78bd49-brunswick-yard-carr-photo\" rel=\"attachment nofollow noopener\" style=\"width: 100%; height: 100%;\" target=\"_blank\"><img decoding=\"async\" alt=\"Complejo residencial Brunswick Yard \/ Carr - Fotograf\u00eda exterior\" data-nr-picture-id=\"68c2ca2a9028900fed78bd49\" fetchpriority=\"high\" height=\"580\" itemprop=\"image\" loading=\"eager\" longdesc=\"https:\/\/www.archdaily.cl\/cl\/1034110\/complejo-residencial-brunswick-yard-carr\/68c2ca2a9028900fed78bd49-brunswick-yard-carr-photo\" src=\"https:\/\/www.europesays.com\/es\/wp-content\/uploads\/2025\/09\/brunswick-yard-carr_3.jpg\" style=\"min-height: var(--featured-height, auto); aspect-ratio: auto 435 \/ 580\" width=\"435\"\/><\/a>\u00a9 Tom Ross<\/p>\n<p class=\"thumbs afd-desktop-e clearfix\"><a class=\"thumbs__link\" data-nr-picture-id=\"68c2ca2ad84f6b087ae5307d\" href=\"https:\/\/www.archdaily.cl\/cl\/1034110\/complejo-residencial-brunswick-yard-carr\/68c2ca2ad84f6b087ae5307d-brunswick-yard-carr-photo\" rel=\"attachment nofollow noopener\" target=\"_blank\"><img loading=\"lazy\" decoding=\"async\" alt=\"Complejo residencial Brunswick Yard \/ Carr - Fotograf\u00eda exterior, Balc\u00f3n, Jard\u00edn, Patio interior\" class=\"thumbs__img b-lazy\" data-nr-picture-id=\"68c2ca2ad84f6b087ae5307d\" data-pin-nopin=\"true\" src=\"https:\/\/www.europesays.com\/es\/wp-content\/uploads\/2025\/09\/brunswick-yard-carr_5.jpg\" height=\"125\" longdesc=\"https:\/\/www.archdaily.cl\/cl\/1034110\/complejo-residencial-brunswick-yard-carr\/68c2ca2ad84f6b087ae5307d-brunswick-yard-carr-photo\" title=\"\u00a9 Tom Ross\" width=\"125\"\/><\/a><a class=\"thumbs__link\" data-nr-picture-id=\"68c2ca28902890017de0ef0d\" href=\"https:\/\/www.archdaily.cl\/cl\/1034110\/complejo-residencial-brunswick-yard-carr\/68c2ca28902890017de0ef0d-brunswick-yard-carr-photo\" rel=\"attachment nofollow noopener\" target=\"_blank\"><img loading=\"lazy\" decoding=\"async\" alt=\"Complejo residencial Brunswick Yard \/ Carr - Fotograf\u00eda interior, Sala de estar, Vidrio, Sillas\" class=\"thumbs__img b-lazy\" data-nr-picture-id=\"68c2ca28902890017de0ef0d\" data-pin-nopin=\"true\" src=\"https:\/\/www.europesays.com\/es\/wp-content\/uploads\/2025\/09\/brunswick-yard-carr_8.jpg\" height=\"125\" longdesc=\"https:\/\/www.archdaily.cl\/cl\/1034110\/complejo-residencial-brunswick-yard-carr\/68c2ca28902890017de0ef0d-brunswick-yard-carr-photo\" title=\"\u00a9 Tom Ross\" width=\"125\"\/><\/a><a class=\"thumbs__link\" data-nr-picture-id=\"68c2ca2a8791b70e3c172c15\" href=\"https:\/\/www.archdaily.cl\/cl\/1034110\/complejo-residencial-brunswick-yard-carr\/68c2ca2a8791b70e3c172c15-brunswick-yard-carr-photo\" rel=\"attachment nofollow noopener\" target=\"_blank\"><img loading=\"lazy\" decoding=\"async\" alt=\"Complejo residencial Brunswick Yard \/ Carr - Fotograf\u00eda interior, Balc\u00f3n\" class=\"thumbs__img b-lazy\" data-nr-picture-id=\"68c2ca2a8791b70e3c172c15\" data-pin-nopin=\"true\" src=\"https:\/\/www.europesays.com\/es\/wp-content\/uploads\/2025\/09\/brunswick-yard-carr_11.jpg\" height=\"125\" longdesc=\"https:\/\/www.archdaily.cl\/cl\/1034110\/complejo-residencial-brunswick-yard-carr\/68c2ca2a8791b70e3c172c15-brunswick-yard-carr-photo\" title=\"\u00a9 Tom Ross\" width=\"125\"\/><\/a><a class=\"thumbs__link\" data-nr-picture-id=\"68c2ca298791b70e3c172c13\" href=\"https:\/\/www.archdaily.cl\/cl\/1034110\/complejo-residencial-brunswick-yard-carr\/68c2ca298791b70e3c172c13-brunswick-yard-carr-photo\" rel=\"attachment nofollow noopener\" target=\"_blank\"><img loading=\"lazy\" decoding=\"async\" alt=\"Complejo residencial Brunswick Yard \/ Carr - Fotograf\u00eda interior, Cocina, Encimera, Vidrio, Concreto\" class=\"thumbs__img b-lazy\" data-nr-picture-id=\"68c2ca298791b70e3c172c13\" data-pin-nopin=\"true\" src=\"https:\/\/www.europesays.com\/es\/wp-content\/uploads\/2025\/09\/brunswick-yard-carr_7.jpg\" height=\"125\" longdesc=\"https:\/\/www.archdaily.cl\/cl\/1034110\/complejo-residencial-brunswick-yard-carr\/68c2ca298791b70e3c172c13-brunswick-yard-carr-photo\" title=\"\u00a9 Tom Ross\" width=\"125\"\/><\/a><a class=\"gallery-link afd-desktop-e\" href=\"https:\/\/www.archdaily.cl\/cl\/1034110\/complejo-residencial-brunswick-yard-carr\/68c2ca2a9028900fed78bd49-brunswick-yard-carr-photo\" rel=\"nofollow noopener\" target=\"_blank\"><img decoding=\"async\" alt=\"Complejo residencial Brunswick Yard \/ Carr - M\u00e1s Im\u00e1genes\" class=\"thumbs__img b-lazy\" src=\"https:\/\/www.europesays.com\/es\/wp-content\/uploads\/2025\/09\/brunswick-yard-carr_3.jpg\" itemprop=\"image\" bad-src=\"data:image\/gif;base64,R0lGODlhAQABAIAAAAUEBAAAACwAAAAAAQABAAACAkQBADs=\"\/>+ 19<\/a><\/p>\n<p>    Compartir<\/p>\n<p>Compartir<\/p>\n<ul class=\"afd-share__networks clearfix\">\n<li class=\"afd-share__social\"><a aria-label=\"Facebook\" class=\"afd-share__button\" data-insights-category=\"share\" data-insights-label=\"facebook_sharing_options\" data-insights-value=\"1034110\" data-social=\"facebook\" href=\"https:\/\/www.facebook.com\/sharer\/sharer.php?u=https:\/\/www.archdaily.cl\/cl\/1034110\/complejo-residencial-brunswick-yard-carr\" rel=\"nofollow noopener\" target=\"_blank\"><\/a>\n<p>Facebook<\/p>\n<\/li>\n<li class=\"afd-share__social\"><a aria-label=\"Twitter\" class=\"afd-share__button\" data-insights-category=\"share\" data-insights-label=\"twitter_sharing_options\" data-insights-value=\"1034110\" data-social=\"twitter\" href=\"https:\/\/twitter.com\/intent\/tweet?text=Complejo%20residencial%20Brunswick%20Yard%20%2F%20Carr&amp;url=https:\/\/www.archdaily.cl\/cl\/1034110\/complejo-residencial-brunswick-yard-carr&amp;via=parq\" rel=\"nofollow noopener\" target=\"_blank\"><\/a>\n<p>Twitter<\/p>\n<\/li>\n<li class=\"afd-share__social\"><a class=\"afd-share__button\" data-insights-category=\"share\" data-insights-label=\"email_sharing_options\" data-insights-value=\"1034110\" data-social=\"email\" href=\"mailto:?subject=Complejo residencial Brunswick Yard \/ Carr&amp;body=https:\/\/www.archdaily.cl\/cl\/1034110\/complejo-residencial-brunswick-yard-carr\"><\/a>\n<p>Mail<\/p>\n<\/li>\n<li class=\"afd-share__social\"><a aria-label=\"Pinterest\" class=\"afd-share__button\" data-insights-category=\"share\" data-insights-label=\"pinterest_sharing_options\" data-insights-value=\"1034110\" data-social=\"pinterest\" href=\"https:\/\/pinterest.com\/pin\/create\/button\/?url=https%3A%2F%2Fwww.archdaily.cl%2Fcl%2F1034110%2Fcomplejo-residencial-brunswick-yard-carr&amp;media=https%3A%2F%2Fimages.adsttc.com%2Fmedia%2Fimages%2F68c2%2Fca2a%2F9028%2F900f%2Fed78%2Fbd49%2Flarge_jpg%2Fbrunswick-yard-carr_3.jpg%3F1757596258&amp;description=Complejo%20residencial%20Brunswick%20Yard%20%2F%20Carr\" rel=\"nofollow noopener\" target=\"_blank\"><\/a>\n<p>Pinterest<\/p>\n<\/li>\n<li class=\"afd-share__social\"><a aria-label=\"Whatsapp\" class=\"afd-share__button\" data-action=\"share\/whatsapp\/share\" data-insights-category=\"share\" data-insights-label=\"whatsapp_sharing_options\" data-insights-value=\"1034110\" data-social=\"whatsapp\" href=\"whatsapp:\/\/send?text=Complejo+residencial+Brunswick+Yard+%2F+Carr+%7C+https%3A%2F%2Fwww.archdaily.cl%2Fcl%2F1034110%2Fcomplejo-residencial-brunswick-yard-carr%3Futm_source%3DWhatsapp%26utm_medium%3DIM%26utm_campaign%3Dshare-button\" rel=\"nofollow\"><\/a>\n<p>Whatsapp<\/p>\n<\/li>\n<\/ul>\n<p>O<\/p>\n<p>https:\/\/www.archdaily.cl\/cl\/1034110\/complejo-residencial-brunswick-yard-carr<\/p>\n<p>  Portapapeles<\/p>\n<p>              \u00abCOPY\u00bb<\/p>\n<p>Copiar<\/p>\n<ul class=\"afd-char-list afd-specs__item-container js-char-list\">\n<li class=\"afd-specs__item\">\n<\/li>\n<li class=\"afd-specs__item\">\n<p>  A\u00f1o<br \/>\n  A\u00f1o del Proyecto de arquitectura<\/p>\n<p>            A\u00f1o:\u00a0<\/p>\n<p>                    <a href=\"https:\/\/www.archdaily.cl\/search\/cl\/projects\/year\/2024?ad_name=project-specs&amp;ad_medium=single\" rel=\"nofollow noopener\" target=\"_blank\"><br \/>\n          2024<br \/>\n        <\/a><\/p>\n<\/li>\n<li class=\"afd-specs__item\">\n<p>  Fot\u00f3grafos<\/p>\n<\/li>\n<\/ul>\n<p><a class=\"js-image-size__link lazy-anchor\" href=\"https:\/\/www.archdaily.cl\/cl\/1034110\/complejo-residencial-brunswick-yard-carr\/68c2ca2a902890017de0ef0e-brunswick-yard-carr-photo\" rel=\"nofollow noopener\" target=\"_blank\"><img decoding=\"async\" alt=\"Complejo residencial Brunswick Yard \/ Carr - Fotograf\u00eda exterior, Balc\u00f3n\" data-nr-picture-id=\"68c2ca2a902890017de0ef0e\" height=\"427\" itemprop=\"image\" loading=\"lazy\" longdesc=\"https:\/\/www.archdaily.cl\/cl\/1034110\/complejo-residencial-brunswick-yard-carr\/68c2ca2a902890017de0ef0e-brunswick-yard-carr-photo\" src=\"https:\/\/www.europesays.com\/es\/wp-content\/uploads\/2025\/09\/brunswick-yard-carr_1.jpg\" width=\"640\"\/>\u00a9 Tom Ross<\/a><\/p>\n<p>Descripci\u00f3n enviada por el equipo del proyecto. Inspir\u00e1ndose en su contexto urbano industrial, <a href=\"https:\/\/www.archdaily.cl\/cl\/tag\/brunswick\" rel=\"nofollow noopener\" target=\"_blank\">Brunswick<\/a> Yard integra arquitectura, interiores y paisajismo en un desarrollo residencial contempor\u00e1neo cohesivo. Como el proyecto residencial m\u00e1s grande completado por Carr hasta la fecha, ejemplifica la diversidad y profundidad del estudio en el dise\u00f1o residencial.<\/p>\n<p><a class=\"js-image-size__link lazy-anchor\" href=\"https:\/\/www.archdaily.cl\/cl\/1034110\/complejo-residencial-brunswick-yard-carr\/68c2ca28902890017de0ef0c-brunswick-yard-carr-photo\" rel=\"nofollow noopener\" target=\"_blank\"><img decoding=\"async\" alt=\"Complejo residencial Brunswick Yard \/ Carr - Fotograf\u00eda exterior\" data-nr-picture-id=\"68c2ca28902890017de0ef0c\" height=\"427\" itemprop=\"image\" loading=\"lazy\" longdesc=\"https:\/\/www.archdaily.cl\/cl\/1034110\/complejo-residencial-brunswick-yard-carr\/68c2ca28902890017de0ef0c-brunswick-yard-carr-photo\" src=\"https:\/\/www.europesays.com\/es\/wp-content\/uploads\/2025\/09\/brunswick-yard-carr_4.jpg\" width=\"640\"\/>\u00a9 Tom Ross<\/a><\/p>\n<p>Brunswick es un suburbio polifac\u00e9tico de Melbourne famoso por su esp\u00edritu ecl\u00e9ctico, rico en historia y marcado por un estilo industrial vern\u00e1culo. Respondiendo a este din\u00e1mico tel\u00f3n de fondo, el complejo residencial <a href=\"https:\/\/www.archdaily.cl\/cl\/tag\/brunswick\" rel=\"nofollow noopener\" target=\"_blank\">Brunswick<\/a> Yard honra el pasado del \u00e1rea mientras crea un lugar contempor\u00e1neo para la vida moderna, una clara expresi\u00f3n del refinamiento del dise\u00f1o caracter\u00edstico de Carr y su generosidad en la planificaci\u00f3n.<\/p>\n<p><a class=\"js-image-size__link lazy-anchor\" href=\"https:\/\/www.archdaily.cl\/cl\/1034110\/complejo-residencial-brunswick-yard-carr\/68c2ca28d84f6b087ae5307c-brunswick-yard-carr-photo\" rel=\"nofollow noopener\" target=\"_blank\"><img decoding=\"async\" alt=\"Complejo residencial Brunswick Yard \/ Carr - Fotograf\u00eda exterior, Balc\u00f3n\" data-nr-picture-id=\"68c2ca28d84f6b087ae5307c\" height=\"427\" itemprop=\"image\" loading=\"lazy\" longdesc=\"https:\/\/www.archdaily.cl\/cl\/1034110\/complejo-residencial-brunswick-yard-carr\/68c2ca28d84f6b087ae5307c-brunswick-yard-carr-photo\" src=\"https:\/\/www.europesays.com\/es\/wp-content\/uploads\/2025\/09\/brunswick-yard-carr_2.jpg\" width=\"640\"\/>\u00a9 Tom Ross<\/a><\/p>\n<p>En el coraz\u00f3n de <a href=\"https:\/\/www.archdaily.cl\/cl\/tag\/brunswick\" rel=\"nofollow noopener\" target=\"_blank\">Brunswick<\/a> Yard, al igual que en todos los proyectos de Carr, se encuentra un enfoque integral de interior-exterior. Con Carr supervisando tanto la arquitectura como el interior de los 122 apartamentos repartidos en ocho niveles, se consigue una clara continuidad entre el exterior y el interior. Las l\u00edneas limpias y las formas sencillas que definen la fachada se extienden a los interiores, creando un lenguaje de dise\u00f1o coherente y una experiencia espacial cuidadosamente estudiada, enriquecida por una diversa gama de tipos de apartamentos. Combinando un dise\u00f1o elevado con una mayor densidad de viviendas, la urbanizaci\u00f3n crea una comunidad vibrante y conectada donde la comodidad y el car\u00e1cter se unen en un lugar muy codiciado.<\/p>\n<p><a class=\"js-image-size__link lazy-anchor\" href=\"https:\/\/www.archdaily.cl\/cl\/1034110\/complejo-residencial-brunswick-yard-carr\/68c2ca2b902890017de0ef0f-brunswick-yard-carr-photo\" rel=\"nofollow noopener\" target=\"_blank\"><img decoding=\"async\" alt=\"Complejo residencial Brunswick Yard \/ Carr - Imagen 9 de 24\" data-nr-picture-id=\"68c2ca2b902890017de0ef0f\" height=\"427\" itemprop=\"image\" loading=\"lazy\" longdesc=\"https:\/\/www.archdaily.cl\/cl\/1034110\/complejo-residencial-brunswick-yard-carr\/68c2ca2b902890017de0ef0f-brunswick-yard-carr-photo\" src=\"https:\/\/www.europesays.com\/es\/wp-content\/uploads\/2025\/09\/brunswick-yard-carr_6.jpg\" width=\"640\"\/>\u00a9 Tom Ross<\/a><\/p>\n<p>Parte del proceso de dise\u00f1o involucr\u00f3 crear una respuesta arquitect\u00f3nica que introdujese un car\u00e1cter residencial de grano m\u00e1s fino en una calle que ha estado definida durante mucho tiempo por el almacenamiento a gran escala. Bas\u00e1ndose en la condici\u00f3n urbana en evoluci\u00f3n de <a href=\"https:\/\/www.archdaily.cl\/cl\/tag\/brunswick\" rel=\"nofollow noopener\" target=\"_blank\">Brunswick<\/a>, moldeada por un r\u00e1pido cambio hacia proyectos residenciales y de uso mixto de mediana y alta densidad, Carr aspira a hacer una contribuci\u00f3n significativa al ofrecer una escala y ritmo m\u00e1s humanos al paisaje urbano.<\/p>\n<p><a class=\"js-image-size__link lazy-anchor\" href=\"https:\/\/www.archdaily.cl\/cl\/1034110\/complejo-residencial-brunswick-yard-carr\/68c2c99ad84f6b087ae53078-brunswick-yard-carr-plan-ground-floor\" rel=\"nofollow noopener\" target=\"_blank\"><img decoding=\"async\" alt=\"Complejo residencial Brunswick Yard \/ Carr - Imagen 17 de 24\" data-nr-picture-id=\"68c2c99ad84f6b087ae53078\" height=\"427\" itemprop=\"image\" loading=\"lazy\" longdesc=\"https:\/\/www.archdaily.cl\/cl\/1034110\/complejo-residencial-brunswick-yard-carr\/68c2c99ad84f6b087ae53078-brunswick-yard-carr-plan-ground-floor\" src=\"https:\/\/www.europesays.com\/es\/wp-content\/uploads\/2025\/09\/210202-8-ballarat-st-marketing-plans-overall-floorplates-page-03-3.jpg\" width=\"640\"\/>Planta &#8211; Terreno<\/a><\/p>\n<p>La larga fachada de la calle del edificio se articula como una serie de m\u00f3dulos m\u00e1s peque\u00f1os, presentando una secuencia de casas adosadas de cuatro pisos para suavizar la escala general. La masa se descompone a\u00fan m\u00e1s mediante dos callejones que marcan el borde de la calle, lo que permite una mejor amenidad, mejora la luz natural y permite la ventilaci\u00f3n cruzada a trav\u00e9s de apartamentos de doble aspecto.<\/p>\n<p><a class=\"js-image-size__link lazy-anchor\" href=\"https:\/\/www.archdaily.cl\/cl\/1034110\/complejo-residencial-brunswick-yard-carr\/68c2ca28902890017de0ef0d-brunswick-yard-carr-photo\" rel=\"nofollow noopener\" target=\"_blank\"><img decoding=\"async\" alt=\"Complejo residencial Brunswick Yard \/ Carr - Fotograf\u00eda interior, Sala de estar, Vidrio, Sillas\" data-nr-picture-id=\"68c2ca28902890017de0ef0d\" height=\"427\" itemprop=\"image\" loading=\"lazy\" longdesc=\"https:\/\/www.archdaily.cl\/cl\/1034110\/complejo-residencial-brunswick-yard-carr\/68c2ca28902890017de0ef0d-brunswick-yard-carr-photo\" src=\"https:\/\/www.europesays.com\/es\/wp-content\/uploads\/2025\/09\/1758136006_888_brunswick-yard-carr_8.jpg\" width=\"640\"\/>\u00a9 Tom Ross<\/a><\/p>\n<p>El proyecto est\u00e1 organizado en torno a un patio central, un jard\u00edn urbano que permite la conexi\u00f3n e interacci\u00f3n de los residentes y establece un fuerte sentido del lugar. Un aspecto clave del dise\u00f1o era c\u00f3mo conseguir un edificio de ocho plantas mitigando al mismo tiempo su escala percibida. Para lograrlo, el cuarto nivel se expresa como una planta intersticial empotrada, creando un podio distinto que parece flotar sobre la calle.\u00a0Un beneficio adicional de este piso y los mayores retrocesos de los niveles superiores es la oportunidad de techos m\u00e1s altos. Varios apartamentos cuentan con alturas de techo de 3.5 metros con vigas de concreto expuestas, a\u00f1adiendo una sensaci\u00f3n de volumen y riqueza de material a los interiores.<\/p>\n<p><a class=\"js-image-size__link lazy-anchor\" href=\"https:\/\/www.archdaily.cl\/cl\/1034110\/complejo-residencial-brunswick-yard-carr\/68c2ca288791b76e9921178c-brunswick-yard-carr-photo\" rel=\"nofollow noopener\" target=\"_blank\"><img decoding=\"async\" alt=\"Complejo residencial Brunswick Yard \/ Carr - Fotograf\u00eda interior, Sala de estar, Vidrio, Balc\u00f3n\" data-nr-picture-id=\"68c2ca288791b76e9921178c\" height=\"427\" itemprop=\"image\" loading=\"lazy\" longdesc=\"https:\/\/www.archdaily.cl\/cl\/1034110\/complejo-residencial-brunswick-yard-carr\/68c2ca288791b76e9921178c-brunswick-yard-carr-photo\" src=\"https:\/\/www.europesays.com\/es\/wp-content\/uploads\/2025\/09\/brunswick-yard-carr_9.jpg\" width=\"640\"\/>\u00a9 Tom Ross<\/a><\/p>\n<p>Est\u00e9ticamente, el proyecto se define por su uso de concreto y malla de acero, un lenguaje de dise\u00f1o brutalista que reinterpreta el car\u00e1cter industrial del \u00e1rea. \u00abEl uso de un material singular fue fundamental en este proyecto. Se eligi\u00f3 no solo por su relevancia para <a href=\"https:\/\/www.archdaily.cl\/cl\/tag\/brunswick\" rel=\"nofollow noopener\" target=\"_blank\">Brunswick<\/a>, sino tambi\u00e9n por la calidad atmosf\u00e9rica que expresa\u00bb, dice el director Richard Beel. \u00abA pesar de ser un edificio monol\u00edtico con un material pesado, la forma en que la fachada se ha descompuesto y suavizado con vegetaci\u00f3n tambi\u00e9n muestra una ligereza a trav\u00e9s de sus propiedades crudas y naturales.\u00bb<\/p>\n<p><a class=\"js-image-size__link lazy-anchor\" href=\"https:\/\/www.archdaily.cl\/cl\/1034110\/complejo-residencial-brunswick-yard-carr\/68c2ca2a8791b70e3c172c15-brunswick-yard-carr-photo\" rel=\"nofollow noopener\" target=\"_blank\"><img decoding=\"async\" alt=\"Complejo residencial Brunswick Yard \/ Carr - Fotograf\u00eda interior, Balc\u00f3n\" data-nr-picture-id=\"68c2ca2a8791b70e3c172c15\" height=\"427\" itemprop=\"image\" loading=\"lazy\" longdesc=\"https:\/\/www.archdaily.cl\/cl\/1034110\/complejo-residencial-brunswick-yard-carr\/68c2ca2a8791b70e3c172c15-brunswick-yard-carr-photo\" src=\"https:\/\/www.europesays.com\/es\/wp-content\/uploads\/2025\/09\/1758136007_184_brunswick-yard-carr_11.jpg\" width=\"640\"\/>\u00a9 Tom Ross<\/a><\/p>\n<p>La malla de acero se utiliza en todo el proyecto tanto para prop\u00f3sitos funcionales como visuales, sirviendo como baranda, pantalla solar y estructura de soporte para las plantas. Originalmente explorada en proyectos anteriores como un m\u00e9todo para controlar las l\u00edneas de visi\u00f3n y cumplir con los est\u00e1ndares de sobreexposici\u00f3n, la malla aqu\u00ed se aplica a una escala mucho mayor. Tambi\u00e9n funciona como medio de plantaci\u00f3n, permitiendo que las enredaderas trepen y suavicen la forma arquitect\u00f3nica con el tiempo.<\/p>\n<p><a class=\"js-image-size__link lazy-anchor\" href=\"https:\/\/www.archdaily.cl\/cl\/1034110\/complejo-residencial-brunswick-yard-carr\/68c2ca298791b70e3c172c13-brunswick-yard-carr-photo\" rel=\"nofollow noopener\" target=\"_blank\"><img decoding=\"async\" alt=\"Complejo residencial Brunswick Yard \/ Carr - Fotograf\u00eda interior, Cocina, Encimera, Vidrio, Concreto\" data-nr-picture-id=\"68c2ca298791b70e3c172c13\" height=\"427\" itemprop=\"image\" loading=\"lazy\" longdesc=\"https:\/\/www.archdaily.cl\/cl\/1034110\/complejo-residencial-brunswick-yard-carr\/68c2ca298791b70e3c172c13-brunswick-yard-carr-photo\" src=\"https:\/\/www.europesays.com\/es\/wp-content\/uploads\/2025\/09\/1758136008_411_brunswick-yard-carr_7.jpg\" width=\"640\"\/>\u00a9 Tom Ross<\/a><\/p>\n<p>El dise\u00f1o paisaj\u00edstico integra generosas zonas privadas al aire libre, incluidos parterres ajardinados, senderos, copas de \u00e1rboles y un gran c\u00e9sped central que capta la luz del norte, creando un entorno similar a un santuario para los residentes. Las puertas de madera hechas a mano en la planta baja a\u00f1aden calidez y tacto.<\/p>\n<p><a class=\"js-image-size__link lazy-anchor\" href=\"https:\/\/www.archdaily.cl\/cl\/1034110\/complejo-residencial-brunswick-yard-carr\/68c2ca2a8791b76e9921178d-brunswick-yard-carr-photo\" rel=\"nofollow noopener\" target=\"_blank\"><img decoding=\"async\" alt=\"Complejo residencial Brunswick Yard \/ Carr - Fotograf\u00eda interior, Cocina, Madera, Encimera, Mesas, Sillas\" data-nr-picture-id=\"68c2ca2a8791b76e9921178d\" height=\"427\" itemprop=\"image\" loading=\"lazy\" longdesc=\"https:\/\/www.archdaily.cl\/cl\/1034110\/complejo-residencial-brunswick-yard-carr\/68c2ca2a8791b76e9921178d-brunswick-yard-carr-photo\" src=\"https:\/\/www.europesays.com\/es\/wp-content\/uploads\/2025\/09\/brunswick-yard-carr_12.jpg\" width=\"640\"\/>\u00a9 Tom Ross<\/a><\/p>\n<p>Brunswick Yard est\u00e1 bien posicionado para satisfacer las necesidades tanto de los residentes como de la comunidad en general. Este proyecto, una oportunidad \u00fanica para que Carr aplique la perdurable filosof\u00eda de dise\u00f1o del estudio en un contexto industrial, representa un sofisticado catalizador para el barrio que lleva su nombre.<\/p>\n<p><a class=\"js-image-size__link lazy-anchor\" href=\"https:\/\/www.archdaily.cl\/cl\/1034110\/complejo-residencial-brunswick-yard-carr\/68c2ca28902890017de0ef0b-brunswick-yard-carr-photo\" rel=\"nofollow noopener\" target=\"_blank\"><img decoding=\"async\" alt=\"Complejo residencial Brunswick Yard \/ Carr - Imagen 12 de 24\" data-nr-picture-id=\"68c2ca28902890017de0ef0b\" height=\"427\" itemprop=\"image\" loading=\"lazy\" longdesc=\"https:\/\/www.archdaily.cl\/cl\/1034110\/complejo-residencial-brunswick-yard-carr\/68c2ca28902890017de0ef0b-brunswick-yard-carr-photo\" src=\"https:\/\/www.europesays.com\/es\/wp-content\/uploads\/2025\/09\/brunswick-yard-carr_10.jpg\" width=\"640\"\/>\u00a9 Tom Ross<\/a><a class=\"js-image-size__link lazy-anchor\" href=\"https:\/\/www.archdaily.cl\/cl\/1034110\/complejo-residencial-brunswick-yard-carr\/68c2ca288791b76e9921178b-brunswick-yard-carr-photo\" rel=\"nofollow noopener\" target=\"_blank\"><img decoding=\"async\" alt=\"Complejo residencial Brunswick Yard \/ Carr - Fotograf\u00eda interior, Madera, Cocina, Mesas, Encimera, Sillas\" data-nr-picture-id=\"68c2ca288791b76e9921178b\" height=\"427\" itemprop=\"image\" loading=\"lazy\" longdesc=\"https:\/\/www.archdaily.cl\/cl\/1034110\/complejo-residencial-brunswick-yard-carr\/68c2ca288791b76e9921178b-brunswick-yard-carr-photo\" src=\"https:\/\/www.europesays.com\/es\/wp-content\/uploads\/2025\/09\/brunswick-yard-carr_13.jpg\" width=\"640\"\/>\u00a9 Tom Ross<\/a><a class=\"js-image-size__link lazy-anchor\" href=\"https:\/\/www.archdaily.cl\/cl\/1034110\/complejo-residencial-brunswick-yard-carr\/68c2ca2a8791b70e3c172c14-brunswick-yard-carr-photo\" rel=\"nofollow noopener\" target=\"_blank\"><img decoding=\"async\" alt=\"Complejo residencial Brunswick Yard \/ Carr - Imagen 13 de 24\" data-nr-picture-id=\"68c2ca2a8791b70e3c172c14\" height=\"427\" itemprop=\"image\" loading=\"lazy\" longdesc=\"https:\/\/www.archdaily.cl\/cl\/1034110\/complejo-residencial-brunswick-yard-carr\/68c2ca2a8791b70e3c172c14-brunswick-yard-carr-photo\" src=\"https:\/\/www.europesays.com\/es\/wp-content\/uploads\/2025\/09\/brunswick-yard-carr_14.jpg\" width=\"640\"\/>\u00a9 Tom Ross<\/a><a class=\"js-image-size__link lazy-anchor\" href=\"https:\/\/www.archdaily.cl\/cl\/1034110\/complejo-residencial-brunswick-yard-carr\/68c2ca2ad84f6b087ae5307d-brunswick-yard-carr-photo\" rel=\"nofollow noopener\" target=\"_blank\"><img decoding=\"async\" alt=\"Complejo residencial Brunswick Yard \/ Carr - Fotograf\u00eda exterior, Balc\u00f3n, Jard\u00edn, Patio interior\" data-nr-picture-id=\"68c2ca2ad84f6b087ae5307d\" height=\"427\" itemprop=\"image\" loading=\"lazy\" longdesc=\"https:\/\/www.archdaily.cl\/cl\/1034110\/complejo-residencial-brunswick-yard-carr\/68c2ca2ad84f6b087ae5307d-brunswick-yard-carr-photo\" src=\"https:\/\/www.europesays.com\/es\/wp-content\/uploads\/2025\/09\/1758136013_205_brunswick-yard-carr_5.jpg\" width=\"640\"\/>\u00a9 Tom Ross<\/a><script async src=\"https:\/\/platform.twitter.com\/widgets.js\" charset=\"utf-8\"><\/script><\/p>\n","protected":false},"excerpt":{"rendered":"\u00a9 Tom Ross + 19 Compartir Compartir Facebook Twitter Mail Pinterest Whatsapp O https:\/\/www.archdaily.cl\/cl\/1034110\/complejo-residencial-brunswick-yard-carr Portapapeles \u00abCOPY\u00bb Copiar A\u00f1o&hellip;\n","protected":false},"author":2,"featured_media":121433,"comment_status":"","ping_status":"","sticky":false,"template":"","format":"standard","meta":{"footnotes":""},"categories":[173],"tags":[801,229,233,231,230,40008,232,234,11136,146,147,25,24,25911,23],"class_list":{"0":"post-121432","1":"post","2":"type-post","3":"status-publish","4":"format-standard","5":"has-post-thumbnail","7":"category-arte-y-diseno","8":"tag-arquitectura","9":"tag-arte","10":"tag-arte-y-diseno","11":"tag-arts","12":"tag-arts-and-design","13":"tag-brunswick","14":"tag-design","15":"tag-diseno","16":"tag-edificios","17":"tag-entertainment","18":"tag-entretenimiento","19":"tag-es","20":"tag-espana","21":"tag-residencial","22":"tag-spain"},"share_on_mastodon":{"url":"","error":""},"_links":{"self":[{"href":"https:\/\/www.europesays.com\/es\/wp-json\/wp\/v2\/posts\/121432","targetHints":{"allow":["GET"]}}],"collection":[{"href":"https:\/\/www.europesays.com\/es\/wp-json\/wp\/v2\/posts"}],"about":[{"href":"https:\/\/www.europesays.com\/es\/wp-json\/wp\/v2\/types\/post"}],"author":[{"embeddable":true,"href":"https:\/\/www.europesays.com\/es\/wp-json\/wp\/v2\/users\/2"}],"replies":[{"embeddable":true,"href":"https:\/\/www.europesays.com\/es\/wp-json\/wp\/v2\/comments?post=121432"}],"version-history":[{"count":0,"href":"https:\/\/www.europesays.com\/es\/wp-json\/wp\/v2\/posts\/121432\/revisions"}],"wp:featuredmedia":[{"embeddable":true,"href":"https:\/\/www.europesays.com\/es\/wp-json\/wp\/v2\/media\/121433"}],"wp:attachment":[{"href":"https:\/\/www.europesays.com\/es\/wp-json\/wp\/v2\/media?parent=121432"}],"wp:term":[{"taxonomy":"category","embeddable":true,"href":"https:\/\/www.europesays.com\/es\/wp-json\/wp\/v2\/categories?post=121432"},{"taxonomy":"post_tag","embeddable":true,"href":"https:\/\/www.europesays.com\/es\/wp-json\/wp\/v2\/tags?post=121432"}],"curies":[{"name":"wp","href":"https:\/\/api.w.org\/{rel}","templated":true}]}}