{"id":121436,"date":"2025-09-17T19:09:10","date_gmt":"2025-09-17T19:09:10","guid":{"rendered":"https:\/\/www.europesays.com\/es\/121436\/"},"modified":"2025-09-17T19:09:10","modified_gmt":"2025-09-17T19:09:10","slug":"almeida-dice-que-tve-es-el-ministerio-23-y-jesus-cintora-le-da-una-de-las-respuestas-del-dia","status":"publish","type":"post","link":"https:\/\/www.europesays.com\/es\/121436\/","title":{"rendered":"Almeida dice que TVE es el &#8216;ministerio 23&#8217; y Jes\u00fas Cintora le da una de las respuestas del d\u00eda"},"content":{"rendered":"<p>Tras la decisi\u00f3n del Consejo de RTVE de <a href=\"https:\/\/www.huffingtonpost.es\/life\/el-consejo-rtve-aprueba-retiradaespana-eurovisionsi-israel-participa.html\" rel=\"nofollow noopener\" target=\"_blank\">retirarse de Eurovisi\u00f3n si Israel participa<\/a>, el alcalde de Madrid, <a href=\"https:\/\/www.huffingtonpost.es\/politica\/el-alcalde-madrid-denuncia-acoso-redes-afirmar-gaza-hay-genocidio.html\" rel=\"nofollow noopener\" target=\"_blank\">Jos\u00e9 Luis Mart\u00ednez-Almeida<\/a>, ha arremetido contra el presidente de RTVE, Jos\u00e9 Pablo L\u00f3pez, a quien achaca que \u00absigue \u00f3rdenes\u00bb y que, por lo tanto, le \u00abllaman de Moncloa\u00bb. Por si fuera poco, tambi\u00e9n le puso un nuevo apodo a la cadena p\u00fablica.<\/p>\n<p>\u00abAyer llamo al &#8216;Ministerio de la Verdad&#8217;, al ministerio 23, a Jos\u00e9 Pablo L\u00f3pez, y le digo, mira, oye, retira de Eurovisi\u00f3n a TVE. <b>Es el ministerio 23, s\u00ed, con todo el respeto a los profesionales que trabajan en TVE<\/b>\u00ab, ha expresado Almeida en un canutazo ante los medios.<\/p>\n<p>\u00abJos\u00e9 Pablo L\u00f3pez cumple \u00f3rdene<b>s, le llaman de Moncloa y le dicen que retire a TVE de Eurovisi\u00f3n.<\/b> Y vamos a seguir as\u00ed, con cortinas de humo, con fuegos artificiales&#8230;\u00bb, ha rematado Almeida.<\/p>\n<p>El presentador de Malas Lenguas, el periodista Jes\u00fas Cintora, no ha dudado ni un segundo en contestar al alcalde madrile\u00f1o: \u00abAlcalde, <b>algunos para llegar a trabajar aqu\u00ed a primer\u00edsima hora de la ma\u00f1ana estamos tardando una hora y pico<\/b>. Arregle primero usted el tr\u00e1fico antes que meterse con la televisi\u00f3n p\u00fablica\u00bb.<\/p>\n<p>Cintora ha querido dar la vuelta y le ha pedido al alcalde que recuerde y mire lo que sucede <b>\u00aben la (televisi\u00f3n) de la ciudad en la que est\u00e1\u2014Telemadrid\u2014 y observe usted la pluralidad\u00bb.\u00a0<\/b><\/p>\n<p>Sin embargo, con un tono medianamente ir\u00f3nico, Cintora ha expresado que primero preferir\u00eda que Almeida, como alcalde<b>, \u00abmi calle en Ciudad Lineal est\u00e9 m\u00e1s limpia y no tengamos que tardar una hora para llegar a trabajar\u00bb.<\/b><\/p>\n<p>\u00abSe lo pido encarecidamente como ciudadano de Madrid, est\u00e1 invitado al programa para hablar de medios y televisiones. Humildemente, alcalde\u00bb, ha rematado Cintora. Por otro lado, Esther Palomera ha intervenido de forma inmediata para a\u00f1adir otra r\u00e9plica para las cr\u00edticas de Almeida a la cadena.<\/p>\n<p>\u00abHay que tener mucho cuajo para cuestionar a TVE <b>cuando el PP nombr\u00f3 a un diputado propio como presidente<\/b>\u00ab, afirm\u00f3 la periodista.<\/p>\n","protected":false},"excerpt":{"rendered":"Tras la decisi\u00f3n del Consejo de RTVE de retirarse de Eurovisi\u00f3n si Israel participa, el alcalde de Madrid,&hellip;\n","protected":false},"author":2,"featured_media":121437,"comment_status":"","ping_status":"","sticky":false,"template":"","format":"standard","meta":{"footnotes":""},"categories":[171],"tags":[146,147,25,24,11945,3516,518,23,214],"class_list":{"0":"post-121436","1":"post","2":"type-post","3":"status-publish","4":"format-standard","5":"has-post-thumbnail","7":"category-tv","8":"tag-entertainment","9":"tag-entretenimiento","10":"tag-es","11":"tag-espana","12":"tag-jesus-cintora","13":"tag-jose-luis-martinez-almeida","14":"tag-rtve","15":"tag-spain","16":"tag-tv"},"share_on_mastodon":{"url":"","error":""},"_links":{"self":[{"href":"https:\/\/www.europesays.com\/es\/wp-json\/wp\/v2\/posts\/121436","targetHints":{"allow":["GET"]}}],"collection":[{"href":"https:\/\/www.europesays.com\/es\/wp-json\/wp\/v2\/posts"}],"about":[{"href":"https:\/\/www.europesays.com\/es\/wp-json\/wp\/v2\/types\/post"}],"author":[{"embeddable":true,"href":"https:\/\/www.europesays.com\/es\/wp-json\/wp\/v2\/users\/2"}],"replies":[{"embeddable":true,"href":"https:\/\/www.europesays.com\/es\/wp-json\/wp\/v2\/comments?post=121436"}],"version-history":[{"count":0,"href":"https:\/\/www.europesays.com\/es\/wp-json\/wp\/v2\/posts\/121436\/revisions"}],"wp:featuredmedia":[{"embeddable":true,"href":"https:\/\/www.europesays.com\/es\/wp-json\/wp\/v2\/media\/121437"}],"wp:attachment":[{"href":"https:\/\/www.europesays.com\/es\/wp-json\/wp\/v2\/media?parent=121436"}],"wp:term":[{"taxonomy":"category","embeddable":true,"href":"https:\/\/www.europesays.com\/es\/wp-json\/wp\/v2\/categories?post=121436"},{"taxonomy":"post_tag","embeddable":true,"href":"https:\/\/www.europesays.com\/es\/wp-json\/wp\/v2\/tags?post=121436"}],"curies":[{"name":"wp","href":"https:\/\/api.w.org\/{rel}","templated":true}]}}