{"id":121446,"date":"2025-09-17T19:14:10","date_gmt":"2025-09-17T19:14:10","guid":{"rendered":"https:\/\/www.europesays.com\/es\/121446\/"},"modified":"2025-09-17T19:14:10","modified_gmt":"2025-09-17T19:14:10","slug":"lucas-de-andy-y-lucas-tajante-sobre-la-separacion-definitiva-del-duo-tras-mas-de-20-anos-juntos-no-me-veo","status":"publish","type":"post","link":"https:\/\/www.europesays.com\/es\/121446\/","title":{"rendered":"Lucas, de Andy y Lucas, tajante sobre la separaci\u00f3n definitiva del d\u00fao tras m\u00e1s de 20 a\u00f1os juntos: \u00abNo me veo&#8230;\u00bb"},"content":{"rendered":"<p><img decoding=\"async\" class=\"voc-author__img\" src=\"https:\/\/www.europesays.com\/es\/wp-content\/uploads\/2025\/08\/autor-7048-foto-2.png\" alt=\"Patricia Marcos\"\/><\/p>\n<p>17\/09\/2025<br \/>\n<br \/><strong><br \/>\nActualizado a las 17:02h.<br \/>\n<\/strong><\/p>\n<p class=\"voc-p\" style=\"\"><strong>Andy y Lucas <\/strong>sorprendieron a todos sus seguidores al desvelar su separaci\u00f3n despu\u00e9s de 20 a\u00f1os como d\u00fao musical. Desde entonces, ambos est\u00e1n inmersos en una <a href=\"https:\/\/www.abc.es\/gente\/lucas-andy-lucas-intento-llevar-nariz-cabeza-20250425185219-nt.html\" title=\"www.abc.es\" data-voc-vtm-id=\"in-text-traffic\" data-mrf-link=\"www.abc.es\" rel=\"nofollow noopener\" target=\"_blank\">gira de despedida<\/a> que culminar\u00e1 el pr\u00f3ximo 10 de octubre en el Palacio Vistalegre de Madrid.<\/p>\n<p class=\"voc-p\" style=\"\">El d\u00fao m\u00fasical detr\u00e1s de \u00e9xitos como &#8216;Son de amores&#8217; o &#8216;Tanto la quer\u00eda&#8217; decidi\u00f3 hacer un par\u00f3n en su carrera hace dos a\u00f1os por razones de salud. Y es que Lucas Gonz\u00e1lez confes\u00f3 que sufre una <strong>cardiopat\u00eda <\/strong>que le obliga a <strong>\u00abbajar un poco el ritmo\u00bb.<\/strong><\/p>\n<p class=\"voc-p\" style=\"\">\u00abHace cinco a\u00f1os tom\u00e9 las riendas empresarialmente de Andy y Lucas y el d\u00eda a d\u00eda ha sido bastante complicado porque soy un <strong>psic\u00f3pata de mi trabajo<\/strong>\u00bb, cont\u00f3 en &#8216;El Hormiguero&#8217; en noviembre de 2023. Sin embargo, lo que comenz\u00f3 siendo una gira de despedida que recorrer\u00eda solo cuatro ciudades, se ha prolongado durante casi dos a\u00f1os.<\/p>\n<p class=\"voc-p\" style=\"\">A partir del 10 de octubre, fecha de su \u00faltimo concierto, Lucas se enfrenta a un futuro incierto. Con motivo de este trascendental momento que est\u00e1 viviendo, el artista se ha sincerado en el programa de Mediaset Infinity <strong>&#8216;Me quedo conmigo&#8217;<\/strong>, donde ha hablado tambi\u00e9n sobre su problema de nariz.<\/p>\n<p class=\"voc-p\" style=\"\">\u00abEs de ser <strong>valiente <\/strong>estar aqu\u00ed teniendo como tengo la nariz\u00bb, asegura Lucas sobre su problema de salud desde que decidiera interven\u00edrsela. \u00abHe tenido que parar la grabaci\u00f3n tres o cuatro veces porque tengo <strong>sangrados <\/strong>en la nariz por la cicatriz\u00bb, cuenta en el programa.<\/p>\n<p>\nLucas habla sobre su posible carrera en solitario\n<\/p>\n<p class=\"voc-p\" style=\"\">En una nueva entrega de <strong>&#8216;Me quedo conmigo&#8217;, <\/strong>Lucas habla en profundidad sobre el futuro profesional del d\u00fao. \u00abDespu\u00e9s de la gira vendr\u00e1 el momento de<strong> estar tranquilo, de recapacitar<\/strong>, de ver c\u00f3mo est\u00e1 el mundo de la m\u00fasica, de si tenemos que renovar, si a lo mejor tenemos que cambiar look&#8230;\u00bb, se\u00f1ala a la psic\u00f3loga Alicia Gonz\u00e1lez.<\/p>\n<p class=\"voc-p\" style=\"\">Tal y como comparte con los espectadores, Lucas cree que \u00abtodo artista tiene que hacer un <strong>par\u00e9ntesis <\/strong>en su carrera, un descanso, porque estar siempre en la palestra te quema\u00bb.<\/p>\n<p class=\"voc-p\" style=\"\">En este punto de la entrevista, Alicia Gonz\u00e1lez le pregunta si se imaginaba en un futuro como cantante en solitario. <strong>\u00abNo lo quiero, no lo deseo\u00bb<\/strong>. \u00abDe verdad que no, <strong>no me veo&#8230;<\/strong> me siento aqu\u00ed raro hablando contigo sin Andy&#8230;\u00bb, confiesa.<\/p>\n<p class=\"voc-p\" style=\"\">\u00abSiempre hemos estado los dos, entonces ahora mismo <strong>no me veo cantando solo<\/strong>. \u00c9l es mi media naranja, mi amigo, mi familia y no s\u00e9, tengo uso de raz\u00f3n, miro para un lado y siempre ha estado \u00e9l\u00bb, afirma.<\/p>\n<p>\nLucas arremete contra Andy: \u00abNo tiene disciplina\u00bb\n<\/p>\n<p class=\"voc-p\" style=\"\">Sin embargo, en los \u00faltimos d\u00edas se han extendido los rumores sobre la posible carrera en solitario de Andy, algo de lo que Lucas asegura que se<strong> \u00abalegrar\u00eda\u00bb<\/strong>. \u00abSer\u00eda la primera persona en ir a verlo, lo digo de coraz\u00f3n, porque mi amor por \u00e9l va por encima de todo\u00bb, confiesa en el programa de Mediaset, donde le desea \u00abel \u00e9xito m\u00e1s grande del mundo\u00bb si eso sucede.<\/p>\n<p class=\"voc-p\" style=\"\">Sin embargo, Lucas no solo dedica palabras bonitas al que ha sido su compa\u00f1ero durante 20 a\u00f1os. Y es que tambi\u00e9n arremete contra su compa\u00f1ero al acusarle de <strong>indisciplinado<\/strong>. \u00abApoyar me apoya, pero Andy no vale para hacer eso. Es como si intento ser c\u00e1mara, a lo mejor no valgo. No quiero dejarlo por los suelos, pero <strong>hay que tener una disciplina y \u00e9l a lo mejor no la tiene<\/strong>\u00bb, declara.<\/p>\n<p class=\"voc-p\" style=\"\">Tras hacerse p\u00fablicas estas declaraciones, Andy ha decidido no responder directamente a Lucas, pero s\u00ed ha lanzado diferentes <strong>indirectas <\/strong>en sus redes sociales en los \u00faltimos d\u00edas. \u00abGana en silencio, deja que piensen que est\u00e1s perdiendo\u00bb, \u00abToda deuda se paga. Toda verdad se revela\u00bb, \u00abNo gastes energ\u00eda probando nada, el tiempo siempre pone la verdad donde todos puedan verla\u00bb, han sido algunos de los mensajes que ha compartido el artista, quien no ha confirmado todav\u00eda los rumores sobre su nueva carrera en solitario.<\/p>\n<p>Reportar un error<\/p>\n","protected":false},"excerpt":{"rendered":"17\/09\/2025 Actualizado a las 17:02h. Andy y Lucas sorprendieron a todos sus seguidores al desvelar su separaci\u00f3n despu\u00e9s&hellip;\n","protected":false},"author":2,"featured_media":121447,"comment_status":"","ping_status":"","sticky":false,"template":"","format":"standard","meta":{"footnotes":""},"categories":[91],"tags":[16221,988,8767,16738,146,147,25,24,1300,7357,10474,12704,57,23,7725,575],"class_list":{"0":"post-121446","1":"post","2":"type-post","3":"status-publish","4":"format-standard","5":"has-post-thumbnail","7":"category-entretenimiento","8":"tag-andy","9":"tag-anos","10":"tag-definitiva","11":"tag-duo","12":"tag-entertainment","13":"tag-entretenimiento","14":"tag-es","15":"tag-espana","16":"tag-juntos","17":"tag-lucas","18":"tag-quiero","19":"tag-separacion","20":"tag-sobre","21":"tag-spain","22":"tag-tajante","23":"tag-tras"},"share_on_mastodon":{"url":"","error":""},"_links":{"self":[{"href":"https:\/\/www.europesays.com\/es\/wp-json\/wp\/v2\/posts\/121446","targetHints":{"allow":["GET"]}}],"collection":[{"href":"https:\/\/www.europesays.com\/es\/wp-json\/wp\/v2\/posts"}],"about":[{"href":"https:\/\/www.europesays.com\/es\/wp-json\/wp\/v2\/types\/post"}],"author":[{"embeddable":true,"href":"https:\/\/www.europesays.com\/es\/wp-json\/wp\/v2\/users\/2"}],"replies":[{"embeddable":true,"href":"https:\/\/www.europesays.com\/es\/wp-json\/wp\/v2\/comments?post=121446"}],"version-history":[{"count":0,"href":"https:\/\/www.europesays.com\/es\/wp-json\/wp\/v2\/posts\/121446\/revisions"}],"wp:featuredmedia":[{"embeddable":true,"href":"https:\/\/www.europesays.com\/es\/wp-json\/wp\/v2\/media\/121447"}],"wp:attachment":[{"href":"https:\/\/www.europesays.com\/es\/wp-json\/wp\/v2\/media?parent=121446"}],"wp:term":[{"taxonomy":"category","embeddable":true,"href":"https:\/\/www.europesays.com\/es\/wp-json\/wp\/v2\/categories?post=121446"},{"taxonomy":"post_tag","embeddable":true,"href":"https:\/\/www.europesays.com\/es\/wp-json\/wp\/v2\/tags?post=121446"}],"curies":[{"name":"wp","href":"https:\/\/api.w.org\/{rel}","templated":true}]}}