{"id":121454,"date":"2025-09-17T19:18:20","date_gmt":"2025-09-17T19:18:20","guid":{"rendered":"https:\/\/www.europesays.com\/es\/121454\/"},"modified":"2025-09-17T19:18:20","modified_gmt":"2025-09-17T19:18:20","slug":"ayuso-critica-que-el-gobierno-de-la-nacion-no-puede-ser-parte-de-un-boicot-revolucionario-a-un-evento-deportivo","status":"publish","type":"post","link":"https:\/\/www.europesays.com\/es\/121454\/","title":{"rendered":"Ayuso critica que \u00abel Gobierno de la Naci\u00f3n no puede ser parte de un boicot revolucionario a un evento deportivo\u00bb"},"content":{"rendered":"<p style=\"\">La presidenta cree que \u00abesta semana todos hemos perdido y Pedro S\u00e1nchez tiene un poco m\u00e1s de ox\u00edgeno\u00bb. Muy firme en el tono, la jefa del Ejecutivo madrile\u00f1o ha criticado la actuaci\u00f3n de Pedro S\u00e1nchez en torno a la manifestaci\u00f3n proGaza que acab\u00f3 en suspensi\u00f3n  &#8230; del final de la Vuelta Ciclista a Espa\u00f1a, y ha afirmado que \u00abel Gobierno de la Naci\u00f3n no puede ser parte de un boicot revolucionario a un evento deportivo\u00bb.<\/p>\n<p class=\"voc-p\" style=\"\">Es, cree, \u00abuna situaci\u00f3n grav\u00edsima que afecta de lleno al Estado de Derecho, a la dignidad institucional y, por supuesto, a la imagen de Madrid y de Espa\u00f1a\u00bb. Y acusa al presidente de la naci\u00f3n de haber sido parte del boicot a la Vuelta \u00abcontra sus propias fuerzas del orden, enfrentando a los ciudadanos, poniendo en peligro a familias y deportistas\u00bb. Ha concluido que S\u00e1nchez y Patxi L\u00f3pez \u00abutilizan la kale borroka para mantenerse en el poder\u00bb. <\/p>\n<p class=\"voc-p\" style=\"\">Es m\u00e1s, la pol\u00edtica madrile\u00f1a insiste en su idea de demandar a los culpables por los da\u00f1os: \u00abEstamos analizando los da\u00f1os y no dudaremos en exigir que sean los responsables de todo ello los que paguen por lo que han hecho, desde el presidente a muchos de sus ministros, que han jaleado el boicot, y el delegado del Gobierno\u00bb.<\/p>\n<p class=\"voc-p\" style=\"\">Insiste la presidenta en denunciar las muertes en Gaza, a la vez que recoge datos de la ayuda que se est\u00e1 dando desde Madrid: \u00abHemos atendido a 2.907 personas, 383 en urgencias; acogido a 60 ni\u00f1os en nuestros colegios; 90 personas como demandantes de empleo, y tambi\u00e9n hemos atendido a 304 en los distintos servicios para la b\u00fasqueda de un puesto de trabajo\u00bb.<\/p>\n<p class=\"voc-p\" style=\"\">Tambi\u00e9n ha negado haber dado instrucciones para retirar banderas de Palestina, y asegura que \u00abnunca ha actuado para adoctrinar en las aulas\u00bb. Por eso ha pedido a los partidos que \u00abdejen la pol\u00edtica fuera de las aulas\u00bb.<\/p>\n<p class=\"voc-p\" style=\"\">Respecto a la petici\u00f3n de Vox de prohibir el velo isl\u00e1mico en las aulas, D\u00edaz Ayuso lo rechaza porque es \u00abir contra la Constituci\u00f3n\u00bb. \u00danicamente alerta sobre otras prendas que \u00abvan en contra de la seguridad, en la lucha contra el crimen, por higiene, por salud p\u00fablica\u00bb como los pasamonta\u00f1as. \u00abPero si vamos a prohibir el velo, tambi\u00e9n los crucifijos, y me dir\u00e1n los se\u00f1ores de Vox que estoy equiparando una cosa con la otra, y lo que hago es igualar derechos. Espa\u00f1a no es un pa\u00eds laico: es aconfesional, pero tiene sus belenes, su Semana Santa&#8230;\u00bb. Otros pa\u00edses, dice, han optado por el Estado laico, como Francia, pero no as\u00ed Espa\u00f1a.<\/p>\n","protected":false},"excerpt":{"rendered":"La presidenta cree que \u00abesta semana todos hemos perdido y Pedro S\u00e1nchez tiene un poco m\u00e1s de ox\u00edgeno\u00bb.&hellip;\n","protected":false},"author":2,"featured_media":121455,"comment_status":"","ping_status":"","sticky":false,"template":"","format":"standard","meta":{"footnotes":""},"categories":[8],"tags":[6984,35163,17,18,1497,412,25,24,933,13,14,582,11,19,20,23079,9,10,15,16,863,789,32414,23,12,21,22],"class_list":{"0":"post-121454","1":"post","2":"type-post","3":"status-publish","4":"format-standard","5":"has-post-thumbnail","7":"category-espana","8":"tag-ayuso","9":"tag-boicot","10":"tag-breaking-news","11":"tag-breakingnews","12":"tag-critica","13":"tag-deportivo","14":"tag-es","15":"tag-espana","16":"tag-evento","17":"tag-featured-news","18":"tag-featurednews","19":"tag-gobierno","20":"tag-headlines","21":"tag-latest-news","22":"tag-latestnews","23":"tag-nacion","24":"tag-news","25":"tag-noticias","26":"tag-noticias-destacadas","27":"tag-noticiasdestacadas","28":"tag-parte","29":"tag-puede","30":"tag-revolucionario","31":"tag-spain","32":"tag-titulares","33":"tag-ultimas-noticias","34":"tag-ultimasnoticias"},"share_on_mastodon":{"url":"","error":""},"_links":{"self":[{"href":"https:\/\/www.europesays.com\/es\/wp-json\/wp\/v2\/posts\/121454","targetHints":{"allow":["GET"]}}],"collection":[{"href":"https:\/\/www.europesays.com\/es\/wp-json\/wp\/v2\/posts"}],"about":[{"href":"https:\/\/www.europesays.com\/es\/wp-json\/wp\/v2\/types\/post"}],"author":[{"embeddable":true,"href":"https:\/\/www.europesays.com\/es\/wp-json\/wp\/v2\/users\/2"}],"replies":[{"embeddable":true,"href":"https:\/\/www.europesays.com\/es\/wp-json\/wp\/v2\/comments?post=121454"}],"version-history":[{"count":0,"href":"https:\/\/www.europesays.com\/es\/wp-json\/wp\/v2\/posts\/121454\/revisions"}],"wp:featuredmedia":[{"embeddable":true,"href":"https:\/\/www.europesays.com\/es\/wp-json\/wp\/v2\/media\/121455"}],"wp:attachment":[{"href":"https:\/\/www.europesays.com\/es\/wp-json\/wp\/v2\/media?parent=121454"}],"wp:term":[{"taxonomy":"category","embeddable":true,"href":"https:\/\/www.europesays.com\/es\/wp-json\/wp\/v2\/categories?post=121454"},{"taxonomy":"post_tag","embeddable":true,"href":"https:\/\/www.europesays.com\/es\/wp-json\/wp\/v2\/tags?post=121454"}],"curies":[{"name":"wp","href":"https:\/\/api.w.org\/{rel}","templated":true}]}}