{"id":121457,"date":"2025-09-17T19:20:09","date_gmt":"2025-09-17T19:20:09","guid":{"rendered":"https:\/\/www.europesays.com\/es\/121457\/"},"modified":"2025-09-17T19:20:09","modified_gmt":"2025-09-17T19:20:09","slug":"la-asobal-alucina-con-marcos-fis-18-anos-y-10-goles-en-su-debut","status":"publish","type":"post","link":"https:\/\/www.europesays.com\/es\/121457\/","title":{"rendered":"La Asobal alucina con Marcos Fis: 18 a\u00f1os y 10 goles en su debut"},"content":{"rendered":"<p class=\"\">En agosto le eligieron en la IHF como el <b>mejor jugador del Mundial juvenil<\/b>, en el que Espa\u00f1a acab\u00f3 subcampeona en el campeonato disputado en Egipto. El viernes pasado <b>Marcos Fis<\/b> (18) debutaba en la Liga Asobal, y aunque hab\u00eda despertado expectaci\u00f3n super\u00f3 las previsiones m\u00e1s optimistas: <b>10 tantos en 28 minutos<\/b> en la pista.<\/p>\n<p class=\"\">\u201cYo tambi\u00e9n me sorprend\u00ed, pero ve\u00eda posibilidades de lanzamiento, y entraban. Empezar con diez tantos est\u00e1 muy bien, pero eso no va a ocurrir en todos los partidos, aunque ojal\u00e1, pero <b>una media de cinco goles ya estar\u00eda muy bien<\/b>\u201d, admite este juvenil que, de entrada, ya se ha ha ganado el reconocimiento generalizado.<\/p>\n<p class=\"\">\u201cMis compa\u00f1eros me permitieron lanzar, me pasaron el bal\u00f3n en buenas posiciones; <b>la l\u00e1stima fueron los dos contragolpes que fall\u00e9<\/b>. Pero bueno, muy orgulloso de marcar 10 de 14 lanzamientos y sin tirar penaltis\u201d, razona, aunque asume que a partir de ahora \u201cser\u00e1 m\u00e1s dif\u00edcil porque los rivales te estudian\u201d.<\/p>\n<p class=\"\">No empez\u00f3 de titular, ni la primera ni la segunda mitad: \u201cEl lateral derecho lo compartimos <b>Pablo Urdangar\u00edn<\/b> y yo, y fue una mitad de partido para cada uno, casi con cambios de reloj. Nos llevamos bien y no nos importa compartir\u201d, comenta Marcos, que forma con su compa\u00f1ero un t\u00e1ndem con <b>apellidos evocadores el balonmano<\/b>. \u201cEl padre de Pablo, I\u00f1aki, tiene un historial incre\u00edble en el Bar\u00e7a; el m\u00edo fue un goleador imparable. A ver si se nos da como a nuestros padres\u201d, comenta Marcos.<\/p>\n<p class=\"\">Al finalizar el partido, que el <b>Granollers<\/b> gan\u00f3 al <b>Puente Genil<\/b>, Antonio Rama, su entrenador, le felicit\u00f3 y le pidi\u00f3 que siga \u201cas\u00ed, entrenando duro para jugar bien\u201d. Y ya est\u00e1 en 92 kilos, \u201cun peso que permite aguantar choques duros\u201d.<\/p>\n<p class=\"\"><b>Julio Fis<\/b>, el padre, considera que su hijo es <b>una r\u00e9plica mejorada<\/b> de lo que fue \u00e9l: \u201cYo era un goleador, con una media de ocho o nueve goles por partido (meti\u00f3 500 en dos temporadas en Valladolid), pero Marcos tiene m\u00e1s facilidad que yo para sumar tantos\u201d. <\/p>\n<p>Julio, el hermano cadete<\/p>\n<p class=\"\">Destaca \u201cla manera peculiar del lanzamiento\u201d, y reconoce Julio que, en lo que Marcos le da mil vueltas \u201ces en <b>la penetraci\u00f3n con finta<\/b>, por lo r\u00e1pido y coordinado que es. Si mantiene la progresi\u00f3n, <b>ah\u00ed hay jugador para Espa\u00f1a<\/b>\u201d.<\/p>\n<p class=\"\">De momento, padre e hijo no hablan de Julito, de edad cadete, que ha debutado en Primera Divisi\u00f3n marcando <b>siete tantos como central<\/b>, y el lunes fue a una concentraci\u00f3n de talentos a Sierra Nevada, con <b>Jordi Ribera<\/b>. A Marcos, por edad y posici\u00f3n, se le compara con <b>Faruk Yusuk<\/b>, nigeriano cedido por el <b>Kielce<\/b> que estuvo dos a\u00f1os en el Granollers: \u201cComprendo la comparaci\u00f3n, pero somos diferentes; el es un gran tirador; a mi me gusta penetrar\u201d.<\/p>\n<p>Noticias relacionadas<a href=\"https:\/\/as.com\/masdeporte\/el-granollers-y-el-ademar-bien-parados-en-el-sorteo-de-las-liguillas-n\/\" class=\"s_m_w\" title=\"Evitan de entrada a los equipos alemanes y franceses. El Bidasoa, sin embargo, le caen el Flensburg y el Saint Raphael, de las ligas m\u00e1s fuertes.\" data-tb-link=\"\" rel=\"nofollow noopener\" target=\"_blank\"><img decoding=\"async\" src=\"https:\/\/www.europesays.com\/es\/wp-content\/uploads\/2025\/09\/DWPL2S77GZBVNOFZU774KIGPY4.jpg\" alt=\"El Granollers y el Ademar, bien parados en el sorteo de las liguillas\" class=\"\" height=\"1\" width=\"1\"   loading=\"lazy\" data-tb-thumbnail=\"\"\/><\/a><a href=\"https:\/\/as.com\/masdeporte\/jabato-mi-etapa-con-la-federacion-11-anos-ya-esta-cerrada-n\/\" class=\"s_m_w\" title=\"El seleccionador de los tres oros consecutivos \u201cpensaba que pod\u00eda seguir, pero no me han dado opci\u00f3n: se cambia, y ya est\u00e1\u201d, dice.\" data-tb-link=\"\" rel=\"nofollow noopener\" target=\"_blank\"><img decoding=\"async\" src=\"https:\/\/www.europesays.com\/es\/wp-content\/uploads\/2025\/09\/1758136809_668_JA6C267DE5GJTIWSQ7CWZTYNOA.jpg\" alt=\"Jabato: \u201cMi etapa con la Federaci\u00f3n (11 a\u00f1os) ya est\u00e1 cerrada\u201d\" class=\"\" height=\"1\" width=\"1\"   loading=\"lazy\" data-tb-thumbnail=\"\"\/><\/a><\/p>\n<p class=\"\"><b>\u00a1Tus opiniones importan!<\/b> Comenta en los art\u00edculos y suscr\u00edbete gratis a nuestra <a href=\"https:\/\/asfan.as.com\/newsletters\/\" target=\"_blank\" rel=\"nofollow noopener\" title=\"https:\/\/asfan.as.com\/newsletters\/\">newsletter<\/a> y a las alertas informativas en la <a href=\"https:\/\/as.com\/aplicacion-de-as-n\/\" target=\"_blank\" rel=\"nofollow noopener\" title=\"https:\/\/as.com\/aplicacion-de-as-n\/\">App<\/a> o el canal de <a href=\"https:\/\/www.whatsapp.com\/channel\/0029VaAasdA7j6g745nz9M10\" target=\"_blank\" rel=\"nofollow noopener\" title=\"https:\/\/www.whatsapp.com\/channel\/0029VaAasdA7j6g745nz9M10\">WhatsApp<\/a>.<\/p>\n<p class=\"\">\u00bfBuscas licenciar contenido? Haz clic <a href=\"https:\/\/profesional.elpais.com\/soluciones-sindicacion?utm_medium=interno&amp;utm_source=crosslinking&amp;utm_campaign=sindicacion_as_pie_articulos\" target=\"_blank\" rel=\"nofollow noopener\" title=\"https:\/\/profesional.elpais.com\/soluciones-sindicacion?utm_medium=interno&amp;utm_source=crosslinking&amp;utm_campaign=sindicacion_as_pie_articulos\">aqu\u00ed<\/a><\/p>\n","protected":false},"excerpt":{"rendered":"En agosto le eligieron en la IHF como el mejor jugador del Mundial juvenil, en el que Espa\u00f1a&hellip;\n","protected":false},"author":2,"featured_media":121458,"comment_status":"","ping_status":"","sticky":false,"template":"","format":"standard","meta":{"footnotes":""},"categories":[278],"tags":[376,168,25,24,375,23,167],"class_list":{"0":"post-121457","1":"post","2":"type-post","3":"status-publish","4":"format-standard","5":"has-post-thumbnail","7":"category-balonmano","8":"tag-balonmano","9":"tag-deportes","10":"tag-es","11":"tag-espana","12":"tag-handball","13":"tag-spain","14":"tag-sports"},"share_on_mastodon":{"url":"","error":""},"_links":{"self":[{"href":"https:\/\/www.europesays.com\/es\/wp-json\/wp\/v2\/posts\/121457","targetHints":{"allow":["GET"]}}],"collection":[{"href":"https:\/\/www.europesays.com\/es\/wp-json\/wp\/v2\/posts"}],"about":[{"href":"https:\/\/www.europesays.com\/es\/wp-json\/wp\/v2\/types\/post"}],"author":[{"embeddable":true,"href":"https:\/\/www.europesays.com\/es\/wp-json\/wp\/v2\/users\/2"}],"replies":[{"embeddable":true,"href":"https:\/\/www.europesays.com\/es\/wp-json\/wp\/v2\/comments?post=121457"}],"version-history":[{"count":0,"href":"https:\/\/www.europesays.com\/es\/wp-json\/wp\/v2\/posts\/121457\/revisions"}],"wp:featuredmedia":[{"embeddable":true,"href":"https:\/\/www.europesays.com\/es\/wp-json\/wp\/v2\/media\/121458"}],"wp:attachment":[{"href":"https:\/\/www.europesays.com\/es\/wp-json\/wp\/v2\/media?parent=121457"}],"wp:term":[{"taxonomy":"category","embeddable":true,"href":"https:\/\/www.europesays.com\/es\/wp-json\/wp\/v2\/categories?post=121457"},{"taxonomy":"post_tag","embeddable":true,"href":"https:\/\/www.europesays.com\/es\/wp-json\/wp\/v2\/tags?post=121457"}],"curies":[{"name":"wp","href":"https:\/\/api.w.org\/{rel}","templated":true}]}}