{"id":121459,"date":"2025-09-17T19:21:10","date_gmt":"2025-09-17T19:21:10","guid":{"rendered":"https:\/\/www.europesays.com\/es\/121459\/"},"modified":"2025-09-17T19:21:10","modified_gmt":"2025-09-17T19:21:10","slug":"david-galvan-firma-la-faena-de-la-tarde-ante-los-victorino-en-albacete","status":"publish","type":"post","link":"https:\/\/www.europesays.com\/es\/121459\/","title":{"rendered":"David Galv\u00e1n firma la faena de la tarde ante los Victorino en Albacete"},"content":{"rendered":"<p>&#13;<br \/>\n        &#13;<br \/>\n&#13;<br \/>\n        &#13;<\/p>\n<p>            <a href=\"https:\/\/www.lascosasdeltoro.com\/wp-content\/uploads\/2025\/09\/2775bb1b-6198-a7ec-e182-9128e44602e7-scaled.jpeg\" data-caption=\"\" rel=\"nofollow noopener\" target=\"_blank\"><img loading=\"lazy\" decoding=\"async\" width=\"696\" height=\"464\" class=\"entry-thumb td-modal-image\" src=\"https:\/\/www.europesays.com\/es\/wp-content\/uploads\/2025\/09\/2775bb1b-6198-a7ec-e182-9128e44602e7-696x464.jpeg\"   alt=\"\" title=\"2775bb1b-6198-a7ec-e182-9128e44602e7\"\/><\/a><\/p>\n<p>David Galv\u00e1n firma lo m\u00e1s destacado en una tarde marcada por el dif\u00edcil juego de la corrida de Victorino Mart\u00edn.<\/p>\n<p>Recibi\u00f3 a la ver\u00f3nica genuflexo al primero de su lote de Victorino Mart\u00edn. Tras el brindis al Dr. Pascual Masegosa inici\u00f3 faena por doblones por bajo logrando conectarse pronto con los tendidos. Tras la segunda tanda arranc\u00f3 la m\u00fasica a los sones del pasodoble \u201cPascual Masegosa\u201d. Entendi\u00f3 a la perfecci\u00f3n al de Victorino toreando con mucho temple y comp\u00e1s. Destac\u00f3 por ambos pitones brillando en una gran tanda al natural. El uso del acero le priv\u00f3 de cortar un importante trofeo y el p\u00fablico reconoci\u00f3 su trabajo con una fuerte ovaci\u00f3n.\u00a0<\/p>\n<p>El quinto \u201ccobradiezmos\u201d nombre que a todos nos hace acordarnos de las embestidas de aquel recordado toro de Victorino. Pero este nada tuvo que ver, quiz\u00e1s sea la oveja negra de la familia. Ni una embestida regal\u00f3 ese quinto a Galv\u00e1n que lo intent\u00f3 torear como si fuera bueno. Bien colocado, sacando muletazos de importancia. Mat\u00f3 de estocada entera. Y el p\u00fablico valor\u00f3 su tarde con otra fuerte ovaci\u00f3n.<\/p>\n<p><a href=\"#\"><img decoding=\"async\" src=\"https:\/\/www.lascosasdeltoro.com\/wp-content\/uploads\/2016\/10\/rec728.jpg\"\/><\/a>        &#13;<br \/>\n&#13;<br \/>\n        &#13;<br \/>\n                        &#13;<br \/>\n            &#13;<br \/>\n&#13;<br \/>\n                        Art\u00edculo anterior<a href=\"https:\/\/www.lascosasdeltoro.com\/actualidad-taurina\/marco-perez-cierra-una-exclusiva-de-20-corridas-en-mexico\/\" rel=\"nofollow noopener\" target=\"_blank\">Marco P\u00e9rez cierra una exclusiva de 20 corridas en M\u00e9xico<\/a>            <a href=\"https:\/\/www.lascosasdeltoro.com\/author\/admin\/\" aria-label=\"author-photo\" rel=\"nofollow noopener\" target=\"_blank\"><img loading=\"lazy\" alt=\"lascosasdeltoro\" src=\"https:\/\/www.europesays.com\/es\/wp-content\/uploads\/2025\/09\/dbebf142a7a67511c64814587c8eaa16b418c1c1c049ecc90feec213db52a254\"  class=\"avatar avatar-96 photo\" height=\"96\" width=\"96\" decoding=\"async\"\/><\/a>                    &#13;<br \/>\n&#13;<\/p>\n","protected":false},"excerpt":{"rendered":"&#13; &#13; &#13; &#13; David Galv\u00e1n firma lo m\u00e1s destacado en una tarde marcada por el dif\u00edcil juego&hellip;\n","protected":false},"author":2,"featured_media":121460,"comment_status":"","ping_status":"","sticky":false,"template":"","format":"standard","meta":{"footnotes":""},"categories":[277],"tags":[373,168,25,24,23,167,374],"class_list":{"0":"post-121459","1":"post","2":"type-post","3":"status-publish","4":"format-standard","5":"has-post-thumbnail","7":"category-toreo","8":"tag-bullfighting","9":"tag-deportes","10":"tag-es","11":"tag-espana","12":"tag-spain","13":"tag-sports","14":"tag-toreo"},"share_on_mastodon":{"url":"","error":""},"_links":{"self":[{"href":"https:\/\/www.europesays.com\/es\/wp-json\/wp\/v2\/posts\/121459","targetHints":{"allow":["GET"]}}],"collection":[{"href":"https:\/\/www.europesays.com\/es\/wp-json\/wp\/v2\/posts"}],"about":[{"href":"https:\/\/www.europesays.com\/es\/wp-json\/wp\/v2\/types\/post"}],"author":[{"embeddable":true,"href":"https:\/\/www.europesays.com\/es\/wp-json\/wp\/v2\/users\/2"}],"replies":[{"embeddable":true,"href":"https:\/\/www.europesays.com\/es\/wp-json\/wp\/v2\/comments?post=121459"}],"version-history":[{"count":0,"href":"https:\/\/www.europesays.com\/es\/wp-json\/wp\/v2\/posts\/121459\/revisions"}],"wp:featuredmedia":[{"embeddable":true,"href":"https:\/\/www.europesays.com\/es\/wp-json\/wp\/v2\/media\/121460"}],"wp:attachment":[{"href":"https:\/\/www.europesays.com\/es\/wp-json\/wp\/v2\/media?parent=121459"}],"wp:term":[{"taxonomy":"category","embeddable":true,"href":"https:\/\/www.europesays.com\/es\/wp-json\/wp\/v2\/categories?post=121459"},{"taxonomy":"post_tag","embeddable":true,"href":"https:\/\/www.europesays.com\/es\/wp-json\/wp\/v2\/tags?post=121459"}],"curies":[{"name":"wp","href":"https:\/\/api.w.org\/{rel}","templated":true}]}}