{"id":121461,"date":"2025-09-17T19:24:11","date_gmt":"2025-09-17T19:24:11","guid":{"rendered":"https:\/\/www.europesays.com\/es\/121461\/"},"modified":"2025-09-17T19:24:11","modified_gmt":"2025-09-17T19:24:11","slug":"alcaraz-estrena-su-nuevo-look-jugando-al-golf-con-federer","status":"publish","type":"post","link":"https:\/\/www.europesays.com\/es\/121461\/","title":{"rendered":"Alcaraz estrena su nuevo look jugando al golf con Federer"},"content":{"rendered":"<p class=\"\"><a href=\"https:\/\/as.com\/noticias\/carlos-alcaraz-garfia\/\" target=\"_self\" rel=\"nofollow noopener\" title=\"https:\/\/as.com\/noticias\/carlos-alcaraz-garfia\/\"><b>Carlos Alcaraz <\/b><\/a>es un conocido aficionado al golf, tanto que su \u00faltima y viral celebraci\u00f3n esta relacionada con este deporte. Este fin de semana (del 19 al 21 de septiembre) el murciano estar\u00e1 en la<a href=\"https:\/\/as.com\/noticias\/laver-cup\/\" target=\"_self\" rel=\"nofollow noopener\" title=\"https:\/\/as.com\/noticias\/laver-cup\/\"><b> Laver Cup<\/b><\/a>, torneo que no cuenta para los rankings ATP y en el que <b>se enfrentan los equipos Europa y Resto del Mundo.<\/b><\/p>\n<p class=\"\">El de El Palmar est\u00e1 ya en San Francisco, Estados Unidos, ciudad en la que tendr\u00e1 lugar dicho torneo, y <b>ha aprovechado para jugar al golf con nada m\u00e1s y nada menos que <\/b><a href=\"https:\/\/as.com\/noticias\/roger-federer\/\" target=\"_self\" rel=\"nofollow noopener\" title=\"https:\/\/as.com\/noticias\/roger-federer\/\"><b>Roger Federer<\/b><\/a>, entre otros. Muchos comparan el estilo o la forma de jugar al tenis de Alcaraz con la que ten\u00eda el suizo y en las fotos publicadas por el extenista se puede apreciar la admiraci\u00f3n que se tienen ambos.<\/p>\n<p class=\"\">Es curioso porque, aun habiendo tambi\u00e9n otros tenistas como Alexander Zverev o Holger Rune en el campo de golf, <b>Federer le ha dedicado una publicaci\u00f3n en Instagram al murciano<\/b>, d\u00e1ndole la bienvenida a la Laver Cup. El suizo es cofundador de Team 8, empresa de la que tambi\u00e9n es due\u00f1o Tony Godsick, presidente de la Laver.<\/p>\n<p>Noticias relacionadas<a href=\"https:\/\/as.com\/tenis\/carla-suarez-estoy-orgullosa-lo-que-se-esta-construyendo-es-muy-bueno-n\/\" class=\"s_m_w\" title=\"La capitana de la Selecci\u00f3n espa\u00f1ola valora la eliminaci\u00f3n de Espa\u00f1a en la Billie Jean King Cup. \u201cNo esperaba este nivel\u201d, dice Badosa tras su regreso.\" data-tb-link=\"\" rel=\"nofollow noopener\" target=\"_blank\"><img decoding=\"async\" src=\"https:\/\/www.europesays.com\/es\/wp-content\/uploads\/2025\/09\/XFNJ5LIUDBKCNJBQFVB22CHQHQ.jpg\" alt=\"Carla Su\u00e1rez: \u201cEstoy orgullosa, lo que se est\u00e1 construyendo es muy bueno\u201d\" class=\"\" height=\"1\" width=\"1\"   loading=\"lazy\" data-tb-thumbnail=\"\"\/><\/a><a href=\"https:\/\/as.com\/tenis\/espana-evita-a-italia-hasta-la-final-y-empezara-contra-chequia-n\/\" class=\"s_m_w\" title=\"La Selecci\u00f3n de David Ferrer no tendr\u00e1 un duelo sencillo de cuartos en Bolonia, aunque logra evitar a la gran favorita hasta una hipot\u00e9tica final.\" data-tb-link=\"\" rel=\"nofollow noopener\" target=\"_blank\"><img decoding=\"async\" src=\"https:\/\/www.europesays.com\/es\/wp-content\/uploads\/2025\/09\/MN4E4X2ZX5JPVGGXUAOVKTGCSM.jpg\" alt=\"Espa\u00f1a evita a Italia hasta la final y empezar\u00e1 contra Chequia\" class=\"\" height=\"1\" width=\"1\"   loading=\"lazy\" data-tb-thumbnail=\"\"\/><\/a><\/p>\n<p class=\"\">Pero el campo de golf no es el \u00fanico lugar en el que ha estado Alcaraz desde su llegada a San Francisco. El murciano no ha perdido tiempo para <b>ir a la isla de Alcatraz<\/b>, uno de los lugares m\u00e1s ic\u00f3nicos de la bah\u00eda de la ciudad. Alcaraz, que<a href=\"https:\/\/as.com\/tenis\/panico-checo-a-alcaraz-sin-el-no-tememos-a-espana-n\/\" target=\"_self\" rel=\"nofollow noopener\" title=\"https:\/\/as.com\/tenis\/panico-checo-a-alcaraz-sin-el-no-tememos-a-espana-n\/\"> no estuvo en la eliminatoria de la Copa Davis <\/a> afronta la Laver como aperitivo antes de comenzar la gira asi\u00e1tica primero en Tokio y despu\u00e9s en Shangh\u00e1i. <\/p>\n<p class=\"\"><b>\u00a1Tus opiniones importan!<\/b> Comenta en los art\u00edculos y suscr\u00edbete gratis a nuestra <a href=\"https:\/\/asfan.as.com\/newsletters\/\" target=\"_blank\" rel=\"nofollow noopener\" title=\"https:\/\/asfan.as.com\/newsletters\/\">newsletter<\/a> y a las alertas informativas en la <a href=\"https:\/\/as.com\/aplicacion-de-as-n\/\" target=\"_blank\" rel=\"nofollow noopener\" title=\"https:\/\/as.com\/aplicacion-de-as-n\/\">App<\/a> o el canal de <a href=\"https:\/\/www.whatsapp.com\/channel\/0029VaAasdA7j6g745nz9M10\" target=\"_blank\" rel=\"nofollow noopener\" title=\"https:\/\/www.whatsapp.com\/channel\/0029VaAasdA7j6g745nz9M10\">WhatsApp<\/a>. \u00bfBuscas licenciar contenido? Haz clic <a href=\"https:\/\/profesional.elpais.com\/soluciones-sindicacion?utm_medium=interno&amp;utm_source=crosslinking&amp;utm_campaign=sindicacion_as_pie_articulos\" target=\"_blank\" rel=\"nofollow noopener\" title=\"https:\/\/profesional.elpais.com\/soluciones-sindicacion?utm_medium=interno&amp;utm_source=crosslinking&amp;utm_campaign=sindicacion_as_pie_articulos\">aqu\u00ed<\/a><\/p>\n","protected":false},"excerpt":{"rendered":"Carlos Alcaraz es un conocido aficionado al golf, tanto que su \u00faltima y viral celebraci\u00f3n esta relacionada con&hellip;\n","protected":false},"author":2,"featured_media":121462,"comment_status":"","ping_status":"","sticky":false,"template":"","format":"standard","meta":{"footnotes":""},"categories":[274],"tags":[168,25,24,23,167,327,326],"class_list":{"0":"post-121461","1":"post","2":"type-post","3":"status-publish","4":"format-standard","5":"has-post-thumbnail","7":"category-tenis","8":"tag-deportes","9":"tag-es","10":"tag-espana","11":"tag-spain","12":"tag-sports","13":"tag-tenis","14":"tag-tennis"},"share_on_mastodon":{"url":"","error":""},"_links":{"self":[{"href":"https:\/\/www.europesays.com\/es\/wp-json\/wp\/v2\/posts\/121461","targetHints":{"allow":["GET"]}}],"collection":[{"href":"https:\/\/www.europesays.com\/es\/wp-json\/wp\/v2\/posts"}],"about":[{"href":"https:\/\/www.europesays.com\/es\/wp-json\/wp\/v2\/types\/post"}],"author":[{"embeddable":true,"href":"https:\/\/www.europesays.com\/es\/wp-json\/wp\/v2\/users\/2"}],"replies":[{"embeddable":true,"href":"https:\/\/www.europesays.com\/es\/wp-json\/wp\/v2\/comments?post=121461"}],"version-history":[{"count":0,"href":"https:\/\/www.europesays.com\/es\/wp-json\/wp\/v2\/posts\/121461\/revisions"}],"wp:featuredmedia":[{"embeddable":true,"href":"https:\/\/www.europesays.com\/es\/wp-json\/wp\/v2\/media\/121462"}],"wp:attachment":[{"href":"https:\/\/www.europesays.com\/es\/wp-json\/wp\/v2\/media?parent=121461"}],"wp:term":[{"taxonomy":"category","embeddable":true,"href":"https:\/\/www.europesays.com\/es\/wp-json\/wp\/v2\/categories?post=121461"},{"taxonomy":"post_tag","embeddable":true,"href":"https:\/\/www.europesays.com\/es\/wp-json\/wp\/v2\/tags?post=121461"}],"curies":[{"name":"wp","href":"https:\/\/api.w.org\/{rel}","templated":true}]}}