{"id":121473,"date":"2025-09-17T19:30:49","date_gmt":"2025-09-17T19:30:49","guid":{"rendered":"https:\/\/www.europesays.com\/es\/121473\/"},"modified":"2025-09-17T19:30:49","modified_gmt":"2025-09-17T19:30:49","slug":"el-museo-de-los-cuentos-de-paredes-proyecta-su-arte-en-eeuu","status":"publish","type":"post","link":"https:\/\/www.europesays.com\/es\/121473\/","title":{"rendered":"El Museo de los Cuentos de Paredes proyecta su arte en EEUU"},"content":{"rendered":"<p>El Museo de los Cuentos y la Ciencia, dirigido por la artista Rosana Largo, ha dado un nuevo paso en su proyecci\u00f3n internacional gracias a la colaboraci\u00f3n con LABA Arts (Los Angeles Beverly Arts International Art Festival), con sede en Beverly Hills, en California (EEUU).<\/p>\n<p>Como Delegada en Europa de LABA, Rosana Largo tiene la facultad de proponer artistas para este prestigioso festival internacional. Este a\u00f1o, tres de los creadores presentados por ella han sido seleccionados entre los diez mejores del certamen, una noticia que sit\u00faa a Paredes de Nava y a Palencia en el mapa art\u00edstico mundial. Para Largo, formar parte del jurado de LABA es mucho m\u00e1s que un reconocimiento: \u00abEs un honor representar a Europa y compartir una mirada que une rigor cr\u00edtico y sensibilidad. Me emociona que tres artistas a los que he propuesto est\u00e9n en el top ten, porque demuestra que la creatividad de aqu\u00ed puede dialogar de t\u00fa a t\u00fa con la de cualquier rinc\u00f3n del mundo\u00bb.\u00a0<\/p>\n<p>Con este logro, el Museo de los Cuentos y la Ciencia trasciende su funci\u00f3n local y se proyecta hacia un di\u00e1logo cultural global. Sus muros, que albergan a personajes como El Principito o reinterpretaciones de Leonardo da Vinci, ahora tambi\u00e9n son reconocidos desde Los \u00c1ngeles, consolidando a Paredes de Nava como un lugar donde los cuentos, la ciencia y el arte se dan la mano para transformar la mirada de todos los que lo visitan.<\/p>\n<p><strong>Miles de visitantes<\/strong>. Desde su inauguraci\u00f3n en 2022 en la iglesia desacralizada de San Mart\u00edn, el Museo de los Cuentos y la Ciencia ha recibido miles de visitantes y se ha convertido en un espacio \u00fanico que une literatura, ciencia y arte.\u00a0<br \/>Su vinculaci\u00f3n con LABA refuerza el papel de este proyecto como motor cultural y educativo en Palencia, a la vez que abre puertas a nuevas oportunidades internacionales. Este centro de interpretaci\u00f3n busca que los visitantes, especialmente los ni\u00f1os, aprendan conceptos cient\u00edficos de forma f\u00e1cil y participativa, utilizando elementos y personajes de cuentos famosos.\u00a0<\/p>\n","protected":false},"excerpt":{"rendered":"El Museo de los Cuentos y la Ciencia, dirigido por la artista Rosana Largo, ha dado un nuevo&hellip;\n","protected":false},"author":2,"featured_media":121474,"comment_status":"","ping_status":"","sticky":false,"template":"","format":"standard","meta":{"footnotes":""},"categories":[173],"tags":[229,233,231,230,643,119,232,234,146,147,25,24,629,671,3691,6442,2949,40017,23],"class_list":{"0":"post-121473","1":"post","2":"type-post","3":"status-publish","4":"format-standard","5":"has-post-thumbnail","7":"category-arte-y-diseno","8":"tag-arte","9":"tag-arte-y-diseno","10":"tag-arts","11":"tag-arts-and-design","12":"tag-california","13":"tag-ciencia","14":"tag-design","15":"tag-diseno","16":"tag-entertainment","17":"tag-entretenimiento","18":"tag-es","19":"tag-espana","20":"tag-estados-unidos","21":"tag-literatura","22":"tag-los-angeles","23":"tag-palencia","24":"tag-paredes-de-nava","25":"tag-rosana-largo","26":"tag-spain"},"share_on_mastodon":{"url":"","error":""},"_links":{"self":[{"href":"https:\/\/www.europesays.com\/es\/wp-json\/wp\/v2\/posts\/121473","targetHints":{"allow":["GET"]}}],"collection":[{"href":"https:\/\/www.europesays.com\/es\/wp-json\/wp\/v2\/posts"}],"about":[{"href":"https:\/\/www.europesays.com\/es\/wp-json\/wp\/v2\/types\/post"}],"author":[{"embeddable":true,"href":"https:\/\/www.europesays.com\/es\/wp-json\/wp\/v2\/users\/2"}],"replies":[{"embeddable":true,"href":"https:\/\/www.europesays.com\/es\/wp-json\/wp\/v2\/comments?post=121473"}],"version-history":[{"count":0,"href":"https:\/\/www.europesays.com\/es\/wp-json\/wp\/v2\/posts\/121473\/revisions"}],"wp:featuredmedia":[{"embeddable":true,"href":"https:\/\/www.europesays.com\/es\/wp-json\/wp\/v2\/media\/121474"}],"wp:attachment":[{"href":"https:\/\/www.europesays.com\/es\/wp-json\/wp\/v2\/media?parent=121473"}],"wp:term":[{"taxonomy":"category","embeddable":true,"href":"https:\/\/www.europesays.com\/es\/wp-json\/wp\/v2\/categories?post=121473"},{"taxonomy":"post_tag","embeddable":true,"href":"https:\/\/www.europesays.com\/es\/wp-json\/wp\/v2\/tags?post=121473"}],"curies":[{"name":"wp","href":"https:\/\/api.w.org\/{rel}","templated":true}]}}