{"id":121475,"date":"2025-09-17T19:31:15","date_gmt":"2025-09-17T19:31:15","guid":{"rendered":"https:\/\/www.europesays.com\/es\/121475\/"},"modified":"2025-09-17T19:31:15","modified_gmt":"2025-09-17T19:31:15","slug":"en-estados-unidos-es-un-clasico-de-la-literatura","status":"publish","type":"post","link":"https:\/\/www.europesays.com\/es\/121475\/","title":{"rendered":"En Estados Unidos es un cl\u00e1sico de la literatura"},"content":{"rendered":"<p data-journey-content=\"true\" data-node-id=\"3\" class=\"css-6wxqfj emevuu60\">El <strong data-node-id=\"3.1\">escritor y periodista espa\u00f1ol David Trueba habla de literatura desde la experiencia<\/strong>. Escribe, lee y convive con los libros como viejos amigos, con paciencia, memoria y con un sentido casi f\u00edsico de lo que dejan en nosotros. <a href=\"https:\/\/www.youtube.com\/watch?v=Tmo6bc4A1ck\" target=\"_blank\" rel=\"nofollow noopener\" data-vars-ga-outbound-link=\"https:\/\/www.youtube.com\/watch?v=Tmo6bc4A1ck\" data-vars-ga-ux-element=\"Hyperlink\" data-vars-ga-call-to-action=\"En una conversaci\u00f3n y entrevista con Librotea\" data-node-id=\"3.3\" class=\"body-link css-1kzkd1m emevuu60\">En una conversaci\u00f3n y entrevista con Librotea<\/a>, ha confesado que lo que realmente persiste m\u00e1s all\u00e1 de las novelas que admiramos un verano son los vol\u00famenes que se cuelan en nuestra biograf\u00eda y act\u00faan junto a ella como m\u00fasica de fondo. <\/p>\n<p data-journey-content=\"true\" data-node-id=\"6\" class=\"css-6wxqfj emevuu60\">En su caso, la revelaci\u00f3n ha llegado a trav\u00e9s de un libro que en Espa\u00f1a se lee poco. Al otro lado del Atl\u00e1ntico parece ser un ritual de paso. <strong data-node-id=\"6.1\">\u00abEn Estados Unidos es un cl\u00e1sico de la literatura\u00bb,<\/strong> ha recordado Trueba con calma y lucidez. Ha a\u00f1adido algo m\u00e1s: es el tipo de novela que uno recuerda y vuelve a visitar en distintos momentos de la vida para admirar c\u00f3mo cambia lo que dice seg\u00fan la edad, el \u00e1nimo o el contexto. <strong data-node-id=\"6.3\">Para un escritor, esto supone casi la prueba definitiva <\/strong>de que se trata de un texto vivo y no de una reliquia. <\/p>\n<p data-journey-content=\"true\" data-node-id=\"8\" class=\"css-6wxqfj emevuu60\">El brillante t\u00edtulo es &#8216;<strong data-node-id=\"8.1\"><a href=\"https:\/\/www.amazon.es\/Mi-%C3%81ntonia-Minus-Willa-Cather\/dp\/8484286797\/ref=tmm_pap_swatch_0?tag=esquirespain-21\" target=\"_blank\" rel=\"nofollow noopener\" data-vars-ga-outbound-link=\"https:\/\/www.amazon.es\/Mi-%C3%81ntonia-Minus-Willa-Cather\/dp\/8484286797\/ref=tmm_pap_swatch_0\" data-vars-ga-ux-element=\"Hyperlink\" data-vars-ga-call-to-action=\"Mi \u00c1ntonia\" data-vars-ga-product-id=\"02cb7d0e-d75c-4151-9465-14061eee20a0\" data-node-id=\"8.1.0\" data-href=\"https:\/\/www.amazon.es\/Mi-%C3%81ntonia-Minus-Willa-Cather\/dp\/8484286797\/ref=tmm_pap_swatch_0\" data-product-url=\"https:\/\/www.amazon.es\/Mi-%C3%81ntonia-Minus-Willa-Cather\/dp\/8484286797\/ref=tmm_pap_swatch_0\" data-affiliate=\"true\" data-affiliate-url=\"https:\/\/www.amazon.es\/Mi-%C3%81ntonia-Minus-Willa-Cather\/dp\/8484286797\/ref=tmm_pap_swatch_0?tag=esquirespain-21\" data-affiliate-network=\"{&quot;site_id&quot;:&quot;92d07c0b-730d-4727-bddc-68f85354bda9&quot;,&quot;metadata&quot;:{&quot;links&quot;:{&quot;default&quot;:&quot;https:\/\/www.amazon.es\/Mi-%C3%81ntonia-Minus-Willa-Cather\/dp\/8484286797\/ref=tmm_pap_swatch_0?tag=esquirespain-21&quot;}},&quot;network&quot;:{&quot;name&quot;:&quot;Amazon&quot;},&quot;product_metadata&quot;:null,&quot;afflink_redirect&quot;:&quot;\/_p\/afflink\/xwBj\/amazon-s-mi-c3-81ntonia-minus-willa-cather-dp-8484286797-ref-tmm-pap-swatch-0&quot;}\" data-vars-ga-product-price=\"0,00\u00a0$\" data-vars-ga-product-retailer-id=\"67f2112c-f1ce-4537-b771-a4e6c3d0fa06\" data-vars-ga-link-treatment=\"(not set) | (not set)\" class=\"body-link product-links css-1kzkd1m e1aq0z090\">Mi \u00c1ntonia<\/a>&#8216;, de Willa Cather<\/strong>, publicado originalmente en 1918. Una novela de iniciaci\u00f3n, de amistades, de paisajes. Cather se inspira en la vida de los pioneros en las Grandes Llanuras y trasciende la etiqueta de novela rural. La m\u00ednima experiencia (una amistad, un duelo, una cosecha) es <strong data-node-id=\"8.3\">material \u00e9pico en esta obra<\/strong>. Para Trueba, la adictiva, profunda sencillez de estas ideas es lo que ha permitido que este libro tenga una fuerza que atraviesa pa\u00edses y tiempo (aunque en Espa\u00f1a no se le haya prestado la atenci\u00f3n que merece). <\/p>\n<p>ALBA &#8216;Mi \u00c1ntonia&#8217;, de Willa Cather<\/p>\n<p><a target=\"_blank\" rel=\"nofollow noopener\" data-theme-key=\"product-image-wrapper\" href=\"https:\/\/www.amazon.es\/dp\/8484286797?tag=esquirespain-21\" aria-label=\"10\u00a0\u20ac en Amazon for &#039;Mi \u00c1ntonia&#039;, de Willa Cather\" data-href=\"https:\/\/www.amazon.es\/dp\/8484286797\" data-product-url=\"https:\/\/www.amazon.es\/dp\/8484286797\" data-affiliate=\"true\" data-affiliate-url=\"https:\/\/www.amazon.es\/dp\/8484286797?tag=esquirespain-21\" data-affiliate-network=\"{&quot;afflink_redirect&quot;:&quot;\/_p\/afflink\/xmox\/amazon-mi-antonia-23-minus&quot;,&quot;site_id&quot;:&quot;92d07c0b-730d-4727-bddc-68f85354bda9&quot;,&quot;network&quot;:{&quot;name&quot;:&quot;Amazon&quot;},&quot;metadata&quot;:{&quot;links&quot;:{&quot;default&quot;:&quot;https:\/\/www.amazon.es\/dp\/8484286797?tag=esquirespain-21&quot;}}}\" data-vars-ga-call-to-action=\"10\u00a0\u20ac en Amazon\" data-vars-ga-media-role=\"\" data-vars-ga-media-type=\"Single Product Embed\" data-vars-ga-outbound-link=\"https:\/\/www.amazon.es\/dp\/8484286797\" data-vars-ga-product-brand=\"ALBA\" data-vars-ga-product-id=\"8644dea9-6434-455b-baa1-0e751e3235ca\" data-vars-ga-product-price=\"10,50\u00a0\u20ac\" data-vars-ga-product-retailer-id=\"da5df10b-ab47-45ff-9e13-481d5d14f84d\" data-vars-ga-product-sem3-brand=\"ALBA\" data-vars-ga-product-sem3-category=\"Ficci\u00f3n cl\u00e1sica\" data-vars-ga-link-treatment=\"(not set) | (not set)\" data-vars-ga-sku=\"8484286797\" data-vars-ga-magento-tracking=\"1\" class=\"product-image-link ebgq4gw2 e1b8bpvs0 css-g6od0w e1c1bym14\"><img  alt=\"'Mi \u00c1ntonia', de Willa Cather\" title=\"'Mi \u00c1ntonia', de Willa Cather\" src=\"https:\/\/www.europesays.com\/es\/wp-content\/uploads\/2025\/09\/1757150909-71ocWFWjYJL.jpg\" width=\"932\" height=\"1377\" decoding=\"async\" loading=\"lazy\"\/><\/a>Features at a Glance<\/p>\n<tr data-theme-key=\"embedded-product-key-specs-line\" class=\"css-0 elexcwx2\">Editorial<\/p>\n<td data-theme-key=\"embedded-product-key-specs-value-item\" class=\"css-1flax12 elexcwx1\">ALBA<\/td>\n<\/tr>\n<tr data-theme-key=\"embedded-product-key-specs-line\" class=\"css-0 elexcwx2\">N\u00famero de p\u00e1ginas<\/p>\n<td data-theme-key=\"embedded-product-key-specs-value-item\" class=\"css-1flax12 elexcwx1\">386<\/td>\n<\/tr>\n<tr data-theme-key=\"embedded-product-key-specs-line\" class=\"css-0 elexcwx2\">A\u00f1o de edici\u00f3n<\/p>\n<td data-theme-key=\"embedded-product-key-specs-value-item\" class=\"css-1flax12 elexcwx1\">2012<\/td>\n<\/tr>\n<p data-journey-content=\"true\" data-node-id=\"13\" class=\"css-6wxqfj emevuu60\">La recomendaci\u00f3n tiene a\u00fan m\u00e1s sentido si recordamos cu\u00e1nto insiste Trueba en que la literatura debe asomarse a lo no idealizado. En &#8216;Mi \u00c1ntonia&#8217; la vida aparece en su aspereza y belleza. <strong data-node-id=\"13.1\">Es el retrato de una Am\u00e9rica que se hace a s\u00ed misma<\/strong>. Tambi\u00e9n es el \u00edntimo relato del recuerdo de una juventud. Trueba lo ha vinculado a sus propios intereses: la amistad como espacio de tensi\u00f3n, equilibrio y lealtad imperfecta. <\/p>\n<p data-journey-content=\"true\" data-node-id=\"15\" class=\"css-6wxqfj emevuu60\">La novela de Cather ha recibido admiraci\u00f3n constante en su pa\u00eds y <strong data-node-id=\"15.1\">ha sido objeto de estudios universitarios y reediciones cr\u00edticas.<\/strong> En Espa\u00f1a, sin embargo, a\u00fan permanece en el margen, publicada en ediciones discretas y m\u00e1s conocida entre especialistas que entre habituales lectores. Trueba la ha colocado en el centro de su educaci\u00f3n sentimental como lector. <strong data-node-id=\"15.3\">Como escritor, podr\u00eda servir de aviso<\/strong>: es posible que estemos pasando por alto una obra que ilumina asuntos universales. <\/p>\n<p><img draggable=\"true\" alt=\"willa sibert cather\" title=\"Willa Sibert Cather\" loading=\"lazy\" width=\"3235\" height=\"4014\" decoding=\"async\" data-nimg=\"1\" style=\"color:transparent;width:100%;height:auto;\"   src=\"https:\/\/www.europesays.com\/es\/wp-content\/uploads\/2025\/09\/willa-sibert-cather-american-novelist-and-pulitzer-prize-news-photo-1757944105.pjpeg\" class=\"css-0 e1g79fud0\"\/>Bettmann\/\/Getty Images<\/p>\n<p>La escritora Willa Cather. <\/p>\n<p data-journey-content=\"true\" data-node-id=\"18\" class=\"css-6wxqfj emevuu60\">Trueba ha explicado que los libros que importan son los desafiantes. &#8216;Mi Antonia&#8217;, de Willa Cather, ayuda a afirmar que <strong data-node-id=\"18.1\">la literatura puede meterse por la huella que deja <\/strong>en quienes se dejan acompa\u00f1ar por ella. En su caso, es una huella que persiste desde hace d\u00e9cadas y no parece que vaya a borrarse.  <\/p>\n","protected":false},"excerpt":{"rendered":"El escritor y periodista espa\u00f1ol David Trueba habla de literatura desde la experiencia. Escribe, lee y convive con&hellip;\n","protected":false},"author":2,"featured_media":121476,"comment_status":"","ping_status":"","sticky":false,"template":"","format":"standard","meta":{"footnotes":""},"categories":[172],"tags":[1655,224,253,146,147,25,24,225,23],"class_list":{"0":"post-121475","1":"post","2":"type-post","3":"status-publish","4":"format-standard","5":"has-post-thumbnail","7":"category-libros","8":"tag-afiliacion","9":"tag-books","10":"tag-discover","11":"tag-entertainment","12":"tag-entretenimiento","13":"tag-es","14":"tag-espana","15":"tag-libros","16":"tag-spain"},"share_on_mastodon":{"url":"","error":""},"_links":{"self":[{"href":"https:\/\/www.europesays.com\/es\/wp-json\/wp\/v2\/posts\/121475","targetHints":{"allow":["GET"]}}],"collection":[{"href":"https:\/\/www.europesays.com\/es\/wp-json\/wp\/v2\/posts"}],"about":[{"href":"https:\/\/www.europesays.com\/es\/wp-json\/wp\/v2\/types\/post"}],"author":[{"embeddable":true,"href":"https:\/\/www.europesays.com\/es\/wp-json\/wp\/v2\/users\/2"}],"replies":[{"embeddable":true,"href":"https:\/\/www.europesays.com\/es\/wp-json\/wp\/v2\/comments?post=121475"}],"version-history":[{"count":0,"href":"https:\/\/www.europesays.com\/es\/wp-json\/wp\/v2\/posts\/121475\/revisions"}],"wp:featuredmedia":[{"embeddable":true,"href":"https:\/\/www.europesays.com\/es\/wp-json\/wp\/v2\/media\/121476"}],"wp:attachment":[{"href":"https:\/\/www.europesays.com\/es\/wp-json\/wp\/v2\/media?parent=121475"}],"wp:term":[{"taxonomy":"category","embeddable":true,"href":"https:\/\/www.europesays.com\/es\/wp-json\/wp\/v2\/categories?post=121475"},{"taxonomy":"post_tag","embeddable":true,"href":"https:\/\/www.europesays.com\/es\/wp-json\/wp\/v2\/tags?post=121475"}],"curies":[{"name":"wp","href":"https:\/\/api.w.org\/{rel}","templated":true}]}}