{"id":121479,"date":"2025-09-17T19:33:06","date_gmt":"2025-09-17T19:33:06","guid":{"rendered":"https:\/\/www.europesays.com\/es\/121479\/"},"modified":"2025-09-17T19:33:06","modified_gmt":"2025-09-17T19:33:06","slug":"francisco-coll-y-pablo-heras-casado-premios-nacionales-de-musica-2025-2","status":"publish","type":"post","link":"https:\/\/www.europesays.com\/es\/121479\/","title":{"rendered":"Francisco Coll y Pablo Heras-Casado, Premios Nacionales de M\u00fasica 2025"},"content":{"rendered":"<p>El jurado de los Premios Nacionales de M\u00fasica  2025 ha propuesto la concesi\u00f3n de estos galardones al compositor y director Francisco Coll, en la modalidad de Composici\u00f3n, y al director Pablo Heras-Casado, en la modalidad de Interpretaci\u00f3n. Estos premios, que concede anualmente el Ministerio de Cultura a trav\u00e9s del Instituto Nacional de las Artes Esc\u00e9nicas y de la M\u00fasica (INAEM), est\u00e1n dotados con 30.000 euros cada uno.<\/p>\n<p>El jurado ha otorgado el galard\u00f3n a Coll \u201cpor su capacidad para encontrar una voz propia anclada en las ra\u00edces de la cultura espa\u00f1ola, en la que se unen la vanguardia y la tradici\u00f3n, y marcada por un caracter\u00edstico lirismo, que le ha permitido conectar con un amplio espectro de p\u00fablico\u201d. Asimismo, ha puesto en valor que a lo largo de 2024 ha estrenado obras destacadas como el \u2018Concierto para Violonchelo\u2019 interpretado por Sol Gabetta en los BBC Proms londinenses o \u2018Ciudad sin sue\u00f1o\u2019, para piano y orquesta, estrenada en Reino Unido por Javier Perianes y la London Philarmonic Orquestra. \u201cSus obras han sido interpretadas por formaciones tan destacadas como la Filarm\u00f3nica de Los \u00c1ngeles, la Sinf\u00f3nica de Lucerna o la London Sinfonietta\u201d, a\u00f1ade.<\/p>\n<p>Por su parte, de Heras-Casado ha subrayado \u201cel indiscutible alcance de su trayectoria internacional, con invitaciones regulares a las m\u00e1s destacadas orquestas y salas del mundo y, especialmente, por el hito de haber sido invitado como director al Festival de Bayreuth hasta en tres ocasiones, siendo la primera batuta espa\u00f1ola en volver a ser invitado en la cita alemana\u201d. La de Heras-Casado es \u201cuna carrera reconocida con los principales premios dentro y fuera de Espa\u00f1a, incluidos los galardones a su grabaci\u00f3n de la \u2018Cuarta Sinfon\u00eda\u2019 de Bruckner en 2024\u201d, concluye el jurado.<\/p>\n<p><strong>Biograf\u00edas <\/strong><\/p>\n<p><strong>Composici\u00f3n<\/strong>Salto de l\u00ednea<br \/>\nFrancisco Coll Garc\u00eda (Valencia, 1985) estudi\u00f3 en los Conservatorios de Valencia y Madrid antes de trasladarse a Londres en 2008 para trabajar con Thomas Ad\u00e8s (del que ha sido su \u00fanico alumno hasta la fecha) y con Richard Baker en la Guildhall School of Music and Drama, becado por el Institut Valenci\u00e0 de la M\u00fasica y por la Guildhall Trust. All\u00ed obtuvo el m\u00e1ster en composici\u00f3n con distinci\u00f3n y el Ian Horsburgh Memorial Prize por la mejor obra de postgrado.<\/p>\n<p>Las principales orquestas y conjuntos del mundo han interpretado sus obras, como la Orquesta Filarm\u00f3nica de Luxemburgo, la Filarm\u00f3nica de Los \u00c1ngeles, la Orquesta Sinf\u00f3nica de la Ciudad de Birmingham, la Orquesta Sinf\u00f3nica de Lucerna y el Ensemble Modern, entre otros. Su m\u00fasica se ha escuchado en destacados festivales, desde Aldeburgh, Aix y Aspen hasta los BBC Proms, Verbier y Tanglewood, y en la Phillips Collection. Numerosos instrumentistas han hecho suyas sus composiciones, como Kirill Gerstein, Javier Perianes, Pekka Kuusisto, Sol Gabetta, Augustin Hadelich, Patricia Kopatchinskaja, Sean Shibe y el Cuarteto Casals.<\/p>\n<p>Entre los hitos m\u00e1s destacables de su carrera se encuentran sus obras \u2018Hidd&#8217;n Blue\u2019 \u2013que se estren\u00f3 en 2012 con la Orquesta Sinf\u00f3nica de Londres y que ha sido interpretada posteriormente por la Orquesta Sinf\u00f3nica SWR, la Filarm\u00f3nica de M\u00fanich y la Sinf\u00f3nica de Cincinnati-, su \u00f3pera de c\u00e1mara \u2018Caf\u00e9 Kafka\u2019 (2014), con texto de Meredith Oakes \u2013que se estren\u00f3 en Aldeburgh Music, Opera North y la Royal Opera de Covent Garden, y que tambi\u00e9n ha sido representada en el Palau de les Arts de Valencia- y \u2018Enemigo del pueblo\u2019 (2025), una \u00f3pera de larga duraci\u00f3n basada en la obra hom\u00f3nima de Henrik Ibsen, que se estrenar\u00e1 el pr\u00f3ximo mes de noviembre en el Palau de les Arts y que contar\u00e1 con representaciones en el Teatro Real en febrero de 2026, dirigidas por el propio compositor.<\/p>\n<p>Coll cuenta con una dilatada carrera, en la que destaca su debut en los BBC Proms (2016) con las \u2018Cuatro Miniaturas Ib\u00e9ricas para viol\u00edn y orquesta de c\u00e1mara\u2019, dirigidas por Thomas Ad\u00e8s. Ese mismo a\u00f1o, la Orquesta Filarm\u00f3nica de Luxemburgo, bajo la direcci\u00f3n de Gustavo Gimeno \u2013quien se ha convertido en uno de los m\u00e1s firmes avales del compositor valenciano-, dio a conocer su obra \u2018Mural\u2019. Al a\u00f1o siguiente se estren\u00f3 \u2018Turia, un concierto para guitarra y siete m\u00fasicos\u2019 de la mano de Jacob Kellerman y Norrbotten NEO bajo la direcci\u00f3n de Christian Karlsen. En 2021 se estren\u00f3 una versi\u00f3n de esta pieza para guitarra y orquesta de c\u00e1mara en el Festival Internacional de Guitarra de Uppsala.<\/p>\n<p>Adem\u00e1s, Francisco Coll fue Compositor Residente de la Camerata de Berna en la temporada 2018-2019, ocupaci\u00f3n que culmin\u00f3 con el estreno del concierto doble \u2018Les Plaisirs Illumin\u00e9s\u2019, con la violinista Patricia Kopatchinskaja y la violonchelista Sol Gabetta como solistas y que dirigi\u00f3 \u00e9l mismo. Para estas mismas instrumentistas compuso otras piezas: su \u2018Violin Concerto\u2019, escrito para Kopatchinskaja por encargo de la Orquesta Filarm\u00f3nica de Luxemburgo, la Orquesta Sinf\u00f3nica de Londres, la Sinf\u00f3nica de Seattle, la NTR ZaterdagMatinee y la Orquesta Sinf\u00f3nica de Bamberger, se estren\u00f3 en febrero de 2020; y su \u2018Cello Concerto\u2019 se estren\u00f3 con Sol Gabetta en 2022, con la Filarm\u00f3nica de Par\u00eds, bajo la direcci\u00f3n del propio Coll y se present\u00f3 en el Reino Unido en los BBC Proms de 2024 con la Orquesta Sinf\u00f3nica de la BBC, dirigida por Tianyi Lu.<\/p>\n<p>En 2019, se convirti\u00f3 en el primer compositor en recibir el Premio Internacional de M\u00fasica Cl\u00e1sica (ICMA) y tres a\u00f1os m\u00e1s tarde fue distinguido con el Premio de Orquesta y el Premio de M\u00fasica Contempor\u00e1nea por su disco monogr\u00e1fico \u2018Portrait\u2019, con una selecci\u00f3n de sus obras orquestales, bajo la direcci\u00f3n de Gustavo Gimeno, que se public\u00f3 en Pentatone en 2021.<\/p>\n<p>Coll dirigi\u00f3 su propia m\u00fasica en la ceremonia de entrega de premios del ICMA de ese a\u00f1o. El CD \u2018Plaisirs Illumin\u00e9s\u2019, publicado en Alpha en 2021, incluye su doble concierto para Kopatchinskaja y Gabetta, con Coll dirigiendo la Camerata Bern. En 2022, gan\u00f3 el premio de concierto de la BBC Music Magazine.<\/p>\n<p>Entre 2018 y 2020, Coll fue compositor residente de la Orquesta de Valencia y en 2022 inici\u00f3 su colaboraci\u00f3n como colaborador art\u00edstico de la Orquesta Sinf\u00f3nica del Principado de Asturias, como compositor y director, durante varias temporadas.<\/p>\n<p>En 2024, la Orquesta Filarm\u00f3nica de Londres y Gustavo Gimeno estrenaron \u2018Ciudad sin sue\u00f1o\u2019, una obra para piano y orquesta interpretada por Javier Perianes. En 2025 estrenaron \u2018Lilith\u2019\u2013que se presentar\u00e1 en 2026 en Canad\u00e1, tambi\u00e9n bajo la batuta de Gimeno, con la Sinf\u00f3nica de Toronto- y \u2018Dos valses hacia la civilizaci\u00f3n\u2019, con Kirill Gerstein como solista. Para este pianista est\u00e1 escribiendo su pr\u00f3xima obra, un concierto para piano con Simon Rattle al frente y con la Orquesta Sinf\u00f3nica de la Radio de Baviera, que ver\u00e1 la luz en marzo de 2026 y que llegar\u00e1 en abril a Espa\u00f1a de la mano de Gerstein con Thierry Fischer y la Orquesta Sinf\u00f3nica de Castilla y Le\u00f3n.<\/p>\n<p><strong>Interpretaci\u00f3n<\/strong>Salto de l\u00ednea<br \/>\nPablo Heras-Casado (Granada, 1977) comienza sus estudios musicales de piano a los nueve a\u00f1os y los contin\u00faa en el Real Conservatorio Superior de M\u00fasica \u2018Victoria Eugenia\u2019. Posteriormente estudia direcci\u00f3n orquestal con Harry Christophers y Christopher Hogwood y completa su educaci\u00f3n con Historia del Arte en la Universidad de Granada. En 1994 funda la Capella Exaudi (luego, La Cantor\u00eda) despuntando en la interpretaci\u00f3n de compositores barrocos como Agust\u00edn Contreras, Juan Manuel de la Puente, Rodrigo de Ceballos, Santos de Aliseda, Jer\u00f3nimo de Aliseda, Luis de Aranda y Tom\u00e1s Luis de Victoria.<\/p>\n<p>Adem\u00e1s de su inter\u00e9s por la m\u00fasica antigua, su repertorio abarca todas las \u00e9pocas, incluyendo la m\u00fasica contempor\u00e1nea. Ha sido el fundador de la Orquesta Barroca de Granada y tambi\u00e9n del Ensemble Sonora para m\u00fasica contempor\u00e1nea.<\/p>\n<p>Entre los hitos de su carrera se encuentran su debut en 2008 en Estados Unidos en el Carnegie Hall de Nueva York junto a la Orquesta Filarm\u00f3nica de Los \u00c1ngeles \u2013con la que tambi\u00e9n interpret\u00f3 en la temporada 2012\/2013 la \u00f3pera \u2018Angels in America\u2019 de Peter E\u00f6tv\u00f6s- y la New World Symphony en Miami Beach; la direcci\u00f3n de la \u2018Novena Sinfon\u00eda\u2019 de Beethoven en los conciertos de A\u00f1o Nuevo de la Staatskapelle de Berl\u00edn en la temporada 2013\/2014, la misma en la que dirigi\u00f3 \u2018Carmen\u2019 y \u2018Rigoletto\u2019 en la Metropolitan Opera House de Nueva York y el \u2018R\u00e9quiem\u2019 de Verdi en el Teatro Mariinsky de San Petersburgo. En 2015 participa en el estreno absoluto de la \u00f3pera \u2018El p\u00fablico\u2019 de Mauricio Sotelo, sobre texto de Federico Garc\u00eda Lorca en el Teatro Real de Madrid, escenario en el que ejerce desde 2014 como director principal invitado y sobre el que ha sellado \u00e9xitos como la tetralog\u00eda de Richard Wagner \u2018El anillo del nibelungo\u2019.<\/p>\n<p>Tambi\u00e9n 2015 lidera el concierto de clausura de la temporada de Los Angeles Philharmonic Hollywood Bowl junto al pianista Jean-Yves Thibaudet; el concierto al aire libre Klassik am Odeonsplatz y vuelve a interpretar la \u2018Novena\u2019 de Beethoven, esta vez durante su participaci\u00f3n en los conciertos de A\u00f1o Nuevo junto a la Orquesta Sinf\u00f3nica de Viena. En 2016 se convierte en el segundo espa\u00f1ol que dirige la hist\u00f3rica Filarm\u00f3nica de Viena, formaci\u00f3n con la que debuta durante la Semana de Mozart, y dirige por primera vez la \u2018Pasi\u00f3n Seg\u00fan San Mateo\u2019 de Bach con la Orquesta Filarm\u00f3nica de Rotterdam. Dirigi\u00f3 igualmente las ediciones de 2018 y 2019 del Festival Internacional de M\u00fasica y Danza de Granada.<\/p>\n<p>Otro de los principales hitos de su trayectoria llega en 2023, cuando inaugur\u00f3 el Festival de Bayreuth con una nueva producci\u00f3n de \u2018Parsifal\u2019, de Richard Wagner, prestigioso podio en el que repetir\u00eda hasta en dos ocasiones (2024 y 2025), siendo el primer director musical espa\u00f1ol en alcanzar este reconocimiento.<\/p>\n<p>Heras-Casado ha tocado con la Dresden Staatskapelle, Danish National Symphony Orchestra, St Paul Chamber Orchestra, Orquesta Sinf\u00f3nica de Birmingham, Cleveland Orchestra, Orquesta Barroca de Friburgo, Seattle Symphony, Orquesta de la Tonhalle de Zurich, BBC Philharmonic, Berliner Philarmoniker, Orchestre Philharmonique de Radio France, NHK Symphony Orchestra, Sinf\u00f3nica de Chicago y de San Francisco, Orquesta Royal Contertgebouw, la Orquesta Nacional de Espa\u00f1a y la Academia Nacional de Santa Cecilia, entre otras.<\/p>\n<p>Adem\u00e1s, ha grabado varios discos con el prestigioso sello Deutsche Grammophon y cosech\u00f3 un gran \u00e9xito con su edici\u00f3n discogr\u00e1fica de Schumann: \u2018Piano Concerto, Piano Trio No.2\u2019 con la Freiburger Barockorchester, de Harmonia Mundi, con el pianista Alexander Melnikov y la Freiburger Barockorchester, as\u00ed como con la violinista Isabelle Faust y el violonchelista Jean-Guihen Queyras. Cabe destacar asimismo su grabaci\u00f3n de 2024 de la \u2018Cuarta Sinfon\u00eda\u2019 de Bruckner.<\/p>\n<p>Adem\u00e1s, el director espa\u00f1ol ha sido galardonado con diversos premios y menciones: en 2004 se convirti\u00f3 en uno de los tres directores seleccionados por Daniel Barenboim para la West-Eastern Divan Orchestra, en 2010 obtuvo el premio El Ojo Cr\u00edtico de Radio Cl\u00e1sica (RTVE), en 2013 y 2014 fue nombrado director del a\u00f1o en Nueva York por la revista \u2018Musical America\u2019 y en 2018 se convirti\u00f3 en Caballero de la Orden de las Artes y las Letras del gobierno franc\u00e9s. Ese a\u00f1o, fue tambi\u00e9n condecorado con el Grand Prix concedido por Presse Musicale Internationale y recibi\u00f3 el Oper Award 2025 a la Mejor Direcci\u00f3n del A\u00f1o y el Premio a la Direcci\u00f3n Musical en los VII Premios \u00d3pera XXI.<\/p>\n<p><strong>Jurado <\/strong>Salto de l\u00ednea<br \/>\nEl jurado, presidido por la directora general del INAEM, Paz Santa Cecilia Aristu, y actuando como vicepresidenta la subdirectora general de M\u00fasica y Danza, Ana Bel\u00e9n Faus Guijarro; ha estado compuesto por los siguientes vocales: el pianista Juan P\u00e9rez Florist\u00e1n; la divulgadora, pedagoga y experta en educaci\u00f3n musical e interpretaci\u00f3n de instrumentos hist\u00f3ricos Mar\u00eda del Ser Guill\u00e9n; la profesora de Musicolog\u00eda y autora de varias obras en esta materia, Pilar Ramos L\u00f3pez; el director de orquesta Oliver D\u00edaz; el guitarrista Pablo Sainz Villegas, la guitarrista Mar\u00eda Pilar Rius Fortea (en representaci\u00f3n de la Asociaci\u00f3n Mujeres en la M\u00fasica) y las galardonadas en 2024, Marisa Manchado Torres y Yolanda Auyanet.<\/p>\n<p><strong>Premiados en ediciones anteriores<\/strong>Salto de l\u00ednea<br \/>\nLos premiados en anteriores convocatorias han sido: Yolanda Auyanet   (Interpretaci\u00f3n) y Marisa Manchado (Composici\u00f3n) en 2024, Juan Manuel Ca\u00f1izares (Interpretaci\u00f3n) y Eduardo Soutullo (Composici\u00f3n) en 2023, Jaime Mart\u00edn (Interpretaci\u00f3n) y Alicia Mar\u00eda D\u00edaz de la Fuente (Composici\u00f3n) en la edici\u00f3n de 2022; Montserrat Torrent (Interpretaci\u00f3n) y Gabriel Erkoreka (Composici\u00f3n) en 2021; Spanish Brass (Interpretaci\u00f3n) y Raquel Garc\u00eda Tom\u00e1s (Composici\u00f3n) en 2020; Asier Polo (Interpretaci\u00f3n) y F\u00e9lix Ibarrondo (Composici\u00f3n) en 2019; el Cuarteto Quiroga, (Interpretaci\u00f3n) y Javier Darias en 2018; Teresa Catal\u00e1n (Composici\u00f3n) y Rosa Torres-Pardo (Interpretaci\u00f3n) en 2017; Antoni Parera (Composici\u00f3n) y Juanjo Mena (Interpretaci\u00f3n) en 2016; Alfredo Aracil (Composici\u00f3n) y Mar\u00eda Jos\u00e9 Montiel (Interpretaci\u00f3n) en 2015, Mar\u00eda de Alvear (Composici\u00f3n) y Jordi Savall (Interpretaci\u00f3n) (Renuncia) en 2014; Benet Casablancas (Composici\u00f3n) y Tr\u00edo Arb\u00f3s (Interpretaci\u00f3n) en 2013; Jes\u00fas Torres (Composici\u00f3n) y Javier Perianes (Interpretaci\u00f3n) en 2012; Alberto Posadas (Composici\u00f3n) y Orquesta Barroca de Sevilla (Interpretaci\u00f3n) en 2011.<\/p>\n","protected":false},"excerpt":{"rendered":"El jurado de los Premios Nacionales de M\u00fasica 2025 ha propuesto la concesi\u00f3n de estos galardones al compositor&hellip;\n","protected":false},"author":2,"featured_media":121480,"comment_status":"","ping_status":"","sticky":false,"template":"","format":"standard","meta":{"footnotes":""},"categories":[170],"tags":[146,147,25,24,184,185,40018,23],"class_list":{"0":"post-121479","1":"post","2":"type-post","3":"status-publish","4":"format-standard","5":"has-post-thumbnail","7":"category-musica","8":"tag-entertainment","9":"tag-entretenimiento","10":"tag-es","11":"tag-espana","12":"tag-music","13":"tag-musica","14":"tag-premio-nacional-de-musica-2025-composicion-interpretacion","15":"tag-spain"},"share_on_mastodon":{"url":"","error":""},"_links":{"self":[{"href":"https:\/\/www.europesays.com\/es\/wp-json\/wp\/v2\/posts\/121479","targetHints":{"allow":["GET"]}}],"collection":[{"href":"https:\/\/www.europesays.com\/es\/wp-json\/wp\/v2\/posts"}],"about":[{"href":"https:\/\/www.europesays.com\/es\/wp-json\/wp\/v2\/types\/post"}],"author":[{"embeddable":true,"href":"https:\/\/www.europesays.com\/es\/wp-json\/wp\/v2\/users\/2"}],"replies":[{"embeddable":true,"href":"https:\/\/www.europesays.com\/es\/wp-json\/wp\/v2\/comments?post=121479"}],"version-history":[{"count":0,"href":"https:\/\/www.europesays.com\/es\/wp-json\/wp\/v2\/posts\/121479\/revisions"}],"wp:featuredmedia":[{"embeddable":true,"href":"https:\/\/www.europesays.com\/es\/wp-json\/wp\/v2\/media\/121480"}],"wp:attachment":[{"href":"https:\/\/www.europesays.com\/es\/wp-json\/wp\/v2\/media?parent=121479"}],"wp:term":[{"taxonomy":"category","embeddable":true,"href":"https:\/\/www.europesays.com\/es\/wp-json\/wp\/v2\/categories?post=121479"},{"taxonomy":"post_tag","embeddable":true,"href":"https:\/\/www.europesays.com\/es\/wp-json\/wp\/v2\/tags?post=121479"}],"curies":[{"name":"wp","href":"https:\/\/api.w.org\/{rel}","templated":true}]}}