{"id":121486,"date":"2025-09-17T19:38:07","date_gmt":"2025-09-17T19:38:07","guid":{"rendered":"https:\/\/www.europesays.com\/es\/121486\/"},"modified":"2025-09-17T19:38:07","modified_gmt":"2025-09-17T19:38:07","slug":"todos-los-invitados-al-desfile-de-pedro-del-hierro-en-la-mercedes-benz-fashion-week-madrid","status":"publish","type":"post","link":"https:\/\/www.europesays.com\/es\/121486\/","title":{"rendered":"Todos los invitados al desfile de Pedro del Hierro en la Mercedes Benz Fashion Week Madrid"},"content":{"rendered":"<p>Sara Alcoceba es experta en estilo, celebrities y moda. No hay estilismo de famosa que le pase desapercibido y es capaz de bucear en todas las webs de las marcas de moda hasta sacar el outfit completo que han llevado a su \u00faltimo evento. De Zara, Mango o H&amp;M hasta la boutique m\u00e1s rec\u00f3ndita: Sara es especialista en contarte de qu\u00e9 visten las famosas y c\u00f3mo llevar su look.\u00a0<\/p>\n<p>Su gran pasi\u00f3n es cubrir la actualidad en alfombras rojas y eventos de moda. De los Oscars a la Gala Met, pasando por el d\u00eda a d\u00eda que comparten influencers y celebrities en sus redes sociales o los photocalls a los que acuden los royals y la alta sociedad. Siempre tiene un ojo puesto en lo que se cuece en Instagram y TikTok.\u00a0<\/p>\n<p>Sara Alcoceba se gradu\u00f3 en Periodismo en la Universidad Carlos III de Madrid y desde entonces se ha especializado en medios de comunicaci\u00f3n digitales, trabajando en revistas de moda y lifestyle. Pas\u00f3 por Cosmopolitan, HOLA y Vanitatis cubriendo actualidad y belleza, y tuvo una temporada muy fitness escribiendo sobre entrenamientos y nutrici\u00f3n en Women\u2019s Health. \u00a0\u00a0<\/p>\n<p>Con una trayectoria de casi una d\u00e9cada en medios digitales, Sara lleva m\u00e1s de 7 a\u00f1os vinculada a ELLE, donde ahora ha tomado las riendas de la secci\u00f3n de Star Style para contarte todo lo que tienes que saber sobre tus famosas favoritas. \u00a0\u00a0<\/p>\n","protected":false},"excerpt":{"rendered":"Sara Alcoceba es experta en estilo, celebrities y moda. No hay estilismo de famosa que le pase desapercibido&hellip;\n","protected":false},"author":2,"featured_media":121487,"comment_status":"","ping_status":"","sticky":false,"template":"","format":"standard","meta":{"footnotes":""},"categories":[91],"tags":[253,146,147,25,24,23],"class_list":{"0":"post-121486","1":"post","2":"type-post","3":"status-publish","4":"format-standard","5":"has-post-thumbnail","7":"category-entretenimiento","8":"tag-discover","9":"tag-entertainment","10":"tag-entretenimiento","11":"tag-es","12":"tag-espana","13":"tag-spain"},"share_on_mastodon":{"url":"","error":""},"_links":{"self":[{"href":"https:\/\/www.europesays.com\/es\/wp-json\/wp\/v2\/posts\/121486","targetHints":{"allow":["GET"]}}],"collection":[{"href":"https:\/\/www.europesays.com\/es\/wp-json\/wp\/v2\/posts"}],"about":[{"href":"https:\/\/www.europesays.com\/es\/wp-json\/wp\/v2\/types\/post"}],"author":[{"embeddable":true,"href":"https:\/\/www.europesays.com\/es\/wp-json\/wp\/v2\/users\/2"}],"replies":[{"embeddable":true,"href":"https:\/\/www.europesays.com\/es\/wp-json\/wp\/v2\/comments?post=121486"}],"version-history":[{"count":0,"href":"https:\/\/www.europesays.com\/es\/wp-json\/wp\/v2\/posts\/121486\/revisions"}],"wp:featuredmedia":[{"embeddable":true,"href":"https:\/\/www.europesays.com\/es\/wp-json\/wp\/v2\/media\/121487"}],"wp:attachment":[{"href":"https:\/\/www.europesays.com\/es\/wp-json\/wp\/v2\/media?parent=121486"}],"wp:term":[{"taxonomy":"category","embeddable":true,"href":"https:\/\/www.europesays.com\/es\/wp-json\/wp\/v2\/categories?post=121486"},{"taxonomy":"post_tag","embeddable":true,"href":"https:\/\/www.europesays.com\/es\/wp-json\/wp\/v2\/tags?post=121486"}],"curies":[{"name":"wp","href":"https:\/\/api.w.org\/{rel}","templated":true}]}}