{"id":121488,"date":"2025-09-17T19:39:07","date_gmt":"2025-09-17T19:39:07","guid":{"rendered":"https:\/\/www.europesays.com\/es\/121488\/"},"modified":"2025-09-17T19:39:07","modified_gmt":"2025-09-17T19:39:07","slug":"asi-son-las-ediciones-definitivas","status":"publish","type":"post","link":"https:\/\/www.europesays.com\/es\/121488\/","title":{"rendered":"as\u00ed son las ediciones definitivas"},"content":{"rendered":"<p>Los clanes Lasombra y Toreador de Vampire The Masquerade \u2013 Bloodlines 2 s\u00ed vendr\u00e1n en el juego base, que adem\u00e1s va a estrenarse con nuevas ediciones.<\/p>\n<p><a href=\"https:\/\/www.hobbyconsolas.com\/reportajes\/impresiones-vampire-masquerade-bloodlines-2-aventura-apetece-hincar-diente-1478940\" title=\"Impresiones de Vampire: The Masquerade Bloodlines 2, una aventura a la que apetece hincar el diente\" rel=\"nofollow noopener\" target=\"_blank\">Vampire The Masquerade \u2013 Bloodlines 2<\/a> tiene ante s\u00ed el gran reto de emular a su ic\u00f3nico predecesor; pero lo cierto es que<strong> la secuela solo ha conocido contratiempos<\/strong>.<\/p>\n<p>Tras <a href=\"https:\/\/www.hobbyconsolas.com\/noticias\/vampire-masquerade-bloodlines-2-apuesta-unreal-engine-5-nueva-fecha-1300324\" title=\"Vampire: The Masquerade Bloodlines 2 desvela su ventana de lanzamiento, cambio a Unreal Engine 5 y su actual estudio de desarrollo\" rel=\"nofollow noopener\" target=\"_blank\">los cambios de estudios<\/a> y varios retrasos, la puntilla lleg\u00f3 cuando anunci\u00f3 que <strong>los clanes Lasombra y Toreador, fundamentales en la franquicia, iban a ser de pago<\/strong>.<\/p>\n<p><a href=\"https:\/\/www.hobbyconsolas.com\/noticias\/vampire-masquerade-bloodlines-2-recibe-apoyo-industria-medio-criticas-clanes-pago-1479429\" title=\"Vampire: The Masquerade - Bloodlines 2 recibe el apoyo de la industria, en medio de las cr\u00edticas por sus clanes de pago\" rel=\"nofollow noopener\" target=\"_blank\">Las quejas no se hicieron esperar<\/a>, y tanto Paradox como The Chinese Room <a href=\"https:\/\/www.hobbyconsolas.com\/noticias\/vampire-masquerade-bloodlines-2-comienza-hacer-devoluciones-polemica-dlc-clanes-pago-1482190\" title=\"Vampire The Masquerade \u2013 Bloodlines 2 comienza a hacer devoluciones tras la pol\u00e9mica por su DLC con clanes de pago\" rel=\"nofollow noopener\" target=\"_blank\">prometieron cambios<\/a>. Hoy <strong>han sido fieles a su palabra, para darnos la mejor noticia posible<\/strong>.<\/p>\n<p>Vampire The Masquerade \u2013 Bloodlines 2 tendr\u00e1 todos los clanes<\/p>\n<p>Rectificar es de sabios, y as\u00ed lo han hecho <a href=\"https:\/\/www.paradoxinteractive.com\/games\/vampire-the-masquerade-bloodlines-2\/about\" rel=\"nofollow noopener\" title=\"Paradox\" target=\"_blank\">los responsables de Bloodlines 2<\/a>: <strong>los clanes Lasombra y Toreador estar\u00e1n incluidos en el juego base<\/strong>, que se estrena este pr\u00f3ximo mes de octubre.<\/p>\n<p>\u00abGracias a nuestra comunidad por los comentarios sobre Bloodlines 2 y la Edici\u00f3n Premium.<strong> Las cr\u00edticas lodejaron claro: Lasombra y Toreador pertenecen al juego base<\/strong>, y as\u00ed ser\u00e1\u00bb, afirma Marco Behrmann, vicepresidente ejecutivo de White Wolf y productor ejecutivo de Bloodlines 2.\u00a0<\/p>\n<p>\u00abTambi\u00e9n nos gustar\u00eda agradecer a The Chinese Room por<strong> su r\u00e1pido cambio en los conceptos de los paquetes de historias posteriores al lanzamiento<\/strong>\u00ab, a\u00f1ade.<\/p>\n<p>Originalmente, los clanes Lasombra y Toreador iban a formar parte de la Premium Edition, la edici\u00f3n m\u00e1s cara del juego, que <strong>incluir\u00eda ambas clases en el DLC Shadows and Silk<\/strong>.<\/p>\n<p>El cambio ha obligado a reorganizar <a href=\"https:\/\/www.hobbyconsolas.com\/noticias\/vampire-masquerade-bloodlines-2-anuncia-ediciones-especiales-contenidos-especiales-juego-1477363\" title=\"Vampire The Masquerade - Bloodlines 2 anuncia sus ediciones especiales, con contenidos adicionales y dos clanes extra\" rel=\"nofollow noopener\" target=\"_blank\">las ediciones<\/a>, y The Chinese Room ha reaccionado con agilidad para crear <strong>nuevos contenidos, esta vez narrativos<\/strong>.<\/p>\n<p><strong>La Deluxe Edition (69,99 \u20ac) mantiene el contenido original<\/strong>: el juego base y Santa Monica Memories, un paquete cosm\u00e9tico que se lanzar\u00e1 el primer d\u00eda, para adornar el apartamento de Phyre en el juego (y que se puede comprar aparte por 11,99 euros).<\/p>\n<p>Por su parte,<strong> la Premium Edition a\u00f1ade el pack cosm\u00e9tico y un pase de <\/strong>expansi\u00f3n. El precio total es de 89,99 euros, mientras que el pase en solitario cuesta 34,99 \u20ac.<\/p>\n<p>Este nuevo contenido abarca dos historias: <strong>Loose Cannon y The Flower &amp; The Flame<\/strong>, centradas en otros personajes clave de esta secuela.<\/p>\n<p><strong>Loose Cannon sigue a Benny Muldoon, sheriff del clan Brujah<\/strong>, con su historia de persecuci\u00f3n implacable. Por su parte, The Flower &amp; the Flame presenta a <strong>Ysabella, la Primog\u00e9nita del clan Toreador<\/strong>, en su af\u00e1n por crear su oscura obra maestra.<\/p>\n<p><strong>Loose Cannon se lanzar\u00e1 en el segundo trimestre de 2026<\/strong> y se podr\u00e1 comprar por separado por 14,99 \u20ac; mientras que <strong>The Flower &amp; the Flame llegar\u00e1 en el tercer trimestre<\/strong>, al mismo precio individual.<\/p>\n<p><img alt=\"Ediciones f\u00edsicas Bloodlines 2\" loading=\"lazy\" width=\"1920\" height=\"1080\" decoding=\"async\" data-nimg=\"1\" class=\"embed-image_image__UfA0I\" style=\"color:transparent\"   src=\"https:\/\/www.europesays.com\/es\/wp-content\/uploads\/2025\/09\/ediciones-fisicas-bloodlines-2-4363771.jpg\"\/><\/p>\n<p>Y atentos, porque tambi\u00e9n hay novedades de las ediciones f\u00edsicas. La<strong> Day One Edition (59,99 \u20ac) incluye el juego base y el bono de reserva de Bloodlines Nostalgia Jukebox<\/strong>. Adem\u00e1s, tiendas seleccionadas tambi\u00e9n tendr\u00e1n un colgante f\u00edsico inspirado en la Cruz de St. James.<\/p>\n<p>Quienes compren la Premium Edition (89,99 \u20ac) se llevar\u00e1n <strong>el juego base, el bono de reserva, el Pase de expansi\u00f3n, cinco tarjetas de personaje, un diario y una caja Steelbook<\/strong>, todo incluido en una caja premium.<\/p>\n<p>Menudo notici\u00f3n: Vampire: The Masquerade \u2013 Bloodlines 2 incluir\u00e1 todos los clanes, se ampliar\u00e1 con nuevas historias y vendr\u00e1 acompa\u00f1ado de ediciones muy especiales. Se pondr\u00e1n a la venta<strong> el 21 de octubre, en PS5, Xbox Series y PC<\/strong>.<\/p>\n<p>Conoce <a href=\"https:\/\/www.hobbyconsolas.com\/como-trabajamos\" title=\"&quot;C\u00f3mo trabajamos en HobbyConsolas&quot;\" target=\"_blank\" rel=\"nofollow noopener\">c\u00f3mo trabajamos<\/a> en HobbyConsolas.<\/p>\n","protected":false},"excerpt":{"rendered":"Los clanes Lasombra y Toreador de Vampire The Masquerade \u2013 Bloodlines 2 s\u00ed vendr\u00e1n en el juego base,&hellip;\n","protected":false},"author":2,"featured_media":121489,"comment_status":"","ping_status":"","sticky":false,"template":"","format":"standard","meta":{"footnotes":""},"categories":[81],"tags":[119,123,124,25,24,117,121,122,23,118,120],"class_list":{"0":"post-121488","1":"post","2":"type-post","3":"status-publish","4":"format-standard","5":"has-post-thumbnail","7":"category-ciencia-y-tecnologia","8":"tag-ciencia","9":"tag-ciencia-y-tecnologia","10":"tag-cienciaytecnologia","11":"tag-es","12":"tag-espana","13":"tag-science","14":"tag-science-and-technology","15":"tag-scienceandtechnology","16":"tag-spain","17":"tag-technology","18":"tag-tecnologia"},"share_on_mastodon":{"url":"","error":""},"_links":{"self":[{"href":"https:\/\/www.europesays.com\/es\/wp-json\/wp\/v2\/posts\/121488","targetHints":{"allow":["GET"]}}],"collection":[{"href":"https:\/\/www.europesays.com\/es\/wp-json\/wp\/v2\/posts"}],"about":[{"href":"https:\/\/www.europesays.com\/es\/wp-json\/wp\/v2\/types\/post"}],"author":[{"embeddable":true,"href":"https:\/\/www.europesays.com\/es\/wp-json\/wp\/v2\/users\/2"}],"replies":[{"embeddable":true,"href":"https:\/\/www.europesays.com\/es\/wp-json\/wp\/v2\/comments?post=121488"}],"version-history":[{"count":0,"href":"https:\/\/www.europesays.com\/es\/wp-json\/wp\/v2\/posts\/121488\/revisions"}],"wp:featuredmedia":[{"embeddable":true,"href":"https:\/\/www.europesays.com\/es\/wp-json\/wp\/v2\/media\/121489"}],"wp:attachment":[{"href":"https:\/\/www.europesays.com\/es\/wp-json\/wp\/v2\/media?parent=121488"}],"wp:term":[{"taxonomy":"category","embeddable":true,"href":"https:\/\/www.europesays.com\/es\/wp-json\/wp\/v2\/categories?post=121488"},{"taxonomy":"post_tag","embeddable":true,"href":"https:\/\/www.europesays.com\/es\/wp-json\/wp\/v2\/tags?post=121488"}],"curies":[{"name":"wp","href":"https:\/\/api.w.org\/{rel}","templated":true}]}}