{"id":121498,"date":"2025-09-17T19:44:11","date_gmt":"2025-09-17T19:44:11","guid":{"rendered":"https:\/\/www.europesays.com\/es\/121498\/"},"modified":"2025-09-17T19:44:11","modified_gmt":"2025-09-17T19:44:11","slug":"fiesta-del-partido-de-la-jornada-en-alicante-y-maxima-emocion-en-el-inicio-de-la-liga-nexus-energia-asobal-noticias-liga-nexus-energia-asobal-liga-asobal","status":"publish","type":"post","link":"https:\/\/www.europesays.com\/es\/121498\/","title":{"rendered":"Fiesta del &#039;Partido de la Jornada&#039; en Alicante y m\u00e1xima emoci\u00f3n en el inicio de la Liga NEXUS ENERG\u00cdA ASOBAL &#8211; Noticias &#8211; Liga NEXUS ENERGIA ASOBAL &#8211; Liga ASOBAL"},"content":{"rendered":"<ol>\n<li><a href=\"https:\/\/news.google.com\/rss\/articles\/CBMi2AFBVV95cUxQZGttaHV0eS1ndWk4WGRIOHNyaDVwUDR4dTc5WURUelNKMTh3b0lHYWhHdlF3b081T1U4VTRFMTdqVVN0aFZBckwxRUNxNjNfZHRPM3QyZ3ZHbWpBMnk4SnJHVTA4S1FzRmhNU3ZOVzZnQUM5ZDR6U015aEtSRVN3MWNPTFNPYnN1TlJvY0VQUTM2eHZfeDNwV2FEWTByemhLZE9yRnFkUzExMjYxTjllT2pFZHM4dmJPQndEUjNLelU5aXROMFp6Y08zcGIwUGozWmVnWWlITWg?oc=5\" target=\"_blank\" rel=\"nofollow noopener\">Fiesta del &#8216;Partido de la Jornada&#8217; en Alicante y m\u00e1xima emoci\u00f3n en el inicio de la Liga NEXUS ENERG\u00cdA ASOBAL &#8211; Noticias &#8211; Liga NEXUS ENERGIA ASOBAL<\/a>&nbsp;&nbsp;Liga ASOBAL<\/li>\n<li><a href=\"https:\/\/news.google.com\/rss\/articles\/CBMixwFBVV95cUxQSm1DN0dEUUNTNlYzTUJaRXhDQXJkZVhIRlQ3YW1mM2JDMlIxTHVHV2V1cF9ZNmluajJwRHpURmdUN01TOFAzaEFxU1hidHdlZllrUGZQM0xqZ3hTeFV3MUV1aDFfZzllNXQ2bDg5RWFYTmVqeU9Vand2SFNST2tva2VMTEF6SzFsNllVMlR5V1VDNFBlMFZ3MzRTUkJjeVRYWWJkMmJGWWpWOGdENldmYVNDczFyTXBoTlh6VGlyLUliNXZGNjBn?oc=5\" target=\"_blank\" rel=\"nofollow noopener\">As\u00ed queda la clasificaci\u00f3n de la Liga ASOBAL tras la 1\u00aa jornada: el Bar\u00e7a ya toma el mando<\/a>&nbsp;&nbsp;Mundo Deportivo<\/li>\n<li><a href=\"https:\/\/news.google.com\/rss\/articles\/CBMiqgFBVV95cUxQVTNWX2RaNTQ3WUNXT3JrRFdfYkR6VFVEa0VzTEl1dDFVWWZLdkQyZm5RalFMSzRoTHJna0VKYnlQeEpRR3FJeFRNWHF2YjVLa1FIbTg1bVZtTy04a1pnaVNkd0dfVnhaU0FUbTdwZVJWTmJNcFFJM04yNU1HSEJjQ0hGNmd1bHNXQ0trTWllaG9DY1V1Y3UtMG91bjJCdmxjU0ZrRmd4TGZiZ9IBrwFBVV95cUxOU045SHBZNHJNc0ZLNmRTTkc0cEZRNjZwcG9HRTBMVVI3RXE3VHZCd0NFUlBZX2cyOUxMU3VZbW9LNjYwaDJ3bUphLVZ2Z2hvczlaV2lmRmJ1U0JoTTF2OTQyR0dxRnNaN01RSFRac096WllyY1gyVmo4UV9jT0tYaEQtNC1WaXBjRDZUUXJMS29TUWJiUkdBOXdOem0yV3ZLdFBnRTdfN0ZNV2FNMjJB?oc=5\" target=\"_blank\" rel=\"nofollow noopener\">Un videoclip en el coraz\u00f3n del H\u00e9rcules: el Rico P\u00e9rez abre sus puertas a la m\u00fasica<\/a>&nbsp;&nbsp;Informaci\u00f3n<\/li>\n<li><a href=\"https:\/\/news.google.com\/rss\/articles\/CBMiswFBVV95cUxPYjFDdjkxMGd0Vlk1RlM1SXJOYVNINnNCMnVFNnlYUmY1RVBPdVJnLXpDSmpnU1JTSkYxcmxGTGtoM1lBMkFtejBucnhtZl81azFEMThLalVmVGo4VGlCRWl3MUlpbmlieHp4SmdqTngxTWt6b0c0bHBfQWEtTGROQmlvMmVKSnFkTUVMb0lKMlJzaUtRMnBIX1JZajk3MktITWJYdzFjeklGQnVRdldrZEZQbw?oc=5\" target=\"_blank\" rel=\"nofollow noopener\">Torriko: \u201cEl equipo tiene buena pinta y esperamos no sufrir\u201d<\/a>&nbsp;&nbsp;Alicante Plaza<\/li>\n<li><a href=\"https:\/\/news.google.com\/rss\/articles\/CBMiyAFBVV95cUxOZ19ldThTdnVnOUE0dndxSURIbHdhdl9jOHdUdFdqQXU5SnJVWm9ud1VRLXNUUENJdEwzVlVURzNKVzVoOVhFQ3hXbjc5OFl1S05ZZzIxZWtJYVQ3ZnAtWGdLeXU5Rld6MkdLMzU2QVp2WUJBS1d1SDRObnBFQ3MtTVhLVmtRUGI1N3ZlMWdCT1BHREo2Tkx4NzZPclpFZGFTajVCY3dKWlpEZ3hveVlJbVZmT05XU0paS3hnLWpOYzQ2c1B1UDJTQw?oc=5\" target=\"_blank\" rel=\"nofollow noopener\">E\u00f3n Alicante &#8211; Bar\u00e7a: Triunfo para abrir la Liga Asobal (24-37)<\/a>&nbsp;&nbsp;FC Barcelona<\/li>\n<\/ol>\n","protected":false},"excerpt":{"rendered":"Fiesta del &#8216;Partido de la Jornada&#8217; en Alicante y m\u00e1xima emoci\u00f3n en el inicio de la Liga NEXUS&hellip;\n","protected":false},"author":2,"featured_media":121499,"comment_status":"","ping_status":"","sticky":false,"template":"","format":"standard","meta":{"footnotes":""},"categories":[278],"tags":[376,168,25,24,375,23,167],"class_list":{"0":"post-121498","1":"post","2":"type-post","3":"status-publish","4":"format-standard","5":"has-post-thumbnail","7":"category-balonmano","8":"tag-balonmano","9":"tag-deportes","10":"tag-es","11":"tag-espana","12":"tag-handball","13":"tag-spain","14":"tag-sports"},"share_on_mastodon":{"url":"","error":""},"_links":{"self":[{"href":"https:\/\/www.europesays.com\/es\/wp-json\/wp\/v2\/posts\/121498","targetHints":{"allow":["GET"]}}],"collection":[{"href":"https:\/\/www.europesays.com\/es\/wp-json\/wp\/v2\/posts"}],"about":[{"href":"https:\/\/www.europesays.com\/es\/wp-json\/wp\/v2\/types\/post"}],"author":[{"embeddable":true,"href":"https:\/\/www.europesays.com\/es\/wp-json\/wp\/v2\/users\/2"}],"replies":[{"embeddable":true,"href":"https:\/\/www.europesays.com\/es\/wp-json\/wp\/v2\/comments?post=121498"}],"version-history":[{"count":0,"href":"https:\/\/www.europesays.com\/es\/wp-json\/wp\/v2\/posts\/121498\/revisions"}],"wp:featuredmedia":[{"embeddable":true,"href":"https:\/\/www.europesays.com\/es\/wp-json\/wp\/v2\/media\/121499"}],"wp:attachment":[{"href":"https:\/\/www.europesays.com\/es\/wp-json\/wp\/v2\/media?parent=121498"}],"wp:term":[{"taxonomy":"category","embeddable":true,"href":"https:\/\/www.europesays.com\/es\/wp-json\/wp\/v2\/categories?post=121498"},{"taxonomy":"post_tag","embeddable":true,"href":"https:\/\/www.europesays.com\/es\/wp-json\/wp\/v2\/tags?post=121498"}],"curies":[{"name":"wp","href":"https:\/\/api.w.org\/{rel}","templated":true}]}}