{"id":121500,"date":"2025-09-17T19:45:08","date_gmt":"2025-09-17T19:45:08","guid":{"rendered":"https:\/\/www.europesays.com\/es\/121500\/"},"modified":"2025-09-17T19:45:08","modified_gmt":"2025-09-17T19:45:08","slug":"un-entregado-gines-destaca-en-la-complicada-y-seria-corrida-de-victorino","status":"publish","type":"post","link":"https:\/\/www.europesays.com\/es\/121500\/","title":{"rendered":"Un entregado Gin\u00e9s destaca en la complicada y seria corrida de Victorino"},"content":{"rendered":"<p style=\"\">Ver el nombre de <a href=\"https:\/\/www.abc.es\/cultura\/toros\/rufo-ofrece-version-figura-frente-buena-corrida-20250913233903-nt.html\" target=\"_self\" data-voc-vtm-id=\"in-text-traffic\" title=\"Victorino\" data-mrf-link=\"www.abc.es\" rel=\"nofollow noopener\">Victorino<\/a> en los carteles siempre es sin\u00f3nimo de expectaci\u00f3n. As\u00ed fue en la \u00faltima de la Feria de <a href=\"https:\/\/www.abc.es\/cultura\/toros\/ambicion-navalon-descerraja-puerta-grande-albacete-20250908214230-nt.html\" target=\"_self\" data-voc-vtm-id=\"in-text-traffic\" title=\"Albacete\" data-mrf-link=\"www.abc.es\" rel=\"nofollow noopener\">Albacete<\/a>, donde adem\u00e1s hab\u00eda un Cobradiezmos, rese\u00f1ado en quinto lugar. El ganadero dijo en una ocasi\u00f3n que no iba a volver  &#8230; a bautizar as\u00ed a ninguno de sus toros, pero ah\u00ed estaba en La Chata el n\u00famero 100, con ese mismo nombre, al que no hizo honor. Repon\u00eda, se quedaba corto, no pasaba, soltaba la cara, ten\u00eda mala uva, porque sab\u00eda lo que hac\u00eda, y quer\u00eda buscar presa&#8230; Nada que ver con el hist\u00f3rico animal lidiado en Sevilla. A \u00e9ste le puso dos pares extraordinarios un Juan Carlos Rey que se la jug\u00f3. Y valiente estuvo Galv\u00e1n con un animal cuya \u00fanica virtud fue la humillaci\u00f3n al inicio del muletazo, pero luego llevaba la cara suelta. Vista la experiencia, mejor que ese nombre quede en letras de oro en la ganader\u00eda, s\u00f3lo para su extraordinario e hist\u00f3rico tocayo.<\/p>\n<p class=\"voc-p\" style=\"\">Aunque el mejor toro del encierro, por contra, le correspondi\u00f3 al gaditano. Quitando la brega de Juan Carlos Rey, se le hizo todo al rev\u00e9s a su primero, a pesar de lo cual no desarroll\u00f3 mal sentido el animal, por su gran condici\u00f3n. Por el contrario , met\u00eda la cara con calidad e iba largo, aunque a veces se dorm\u00eda un poco en los muletazos, pero eso, recre\u00e1ndose en la embestida del toro, pod\u00eda ser hasta aprovechado como virtud. Firme estuvo Galv\u00e1n, con su particular concepto del toreo, componiendo con elegancia, entendiendo las distancias del animal, perdiendo pasos, aunque falt\u00f3 rotundidad y profundidad a la obra. David opt\u00f3 por acompa\u00f1ar con facilidad la gran embestida del c\u00e1rdeno, en vez de romperse por bajo y mandar a Fisg\u00f3n el mensaje de qui\u00e9n mandaba a qui\u00e9n.<\/p>\n<p class=\"voc-p\" style=\"\">Debutaba Gin\u00e9s con una corrida de Victorino, y como previa a torearla en la Feria de Oto\u00f1o, no estuvo nada mal la imagen que dio el extreme\u00f1o, que anduvo muy por encima de sus dos toros. Especialmente bien con el sexto, con el que, tras un gran tercer par de V\u00edctor de Pozo, comenz\u00f3 <a href=\"https:\/\/www.abc.es\/cultura\/toros\/diego-garcia-profeta-tierra-triunfa-sanse-junto-20250828230723-nt.html\" target=\"_self\" data-voc-vtm-id=\"in-text-traffic\" title=\"Gin\u00e9s\" data-mrf-link=\"www.abc.es\" rel=\"nofollow noopener\">Gin\u00e9s<\/a> con la montera calada sac\u00e1ndose con torer\u00eda a Minutero, en un prometedor inicio. Pero el animal se par\u00f3, pas\u00f3 a no tener recorrido y a quedarse tobillero. Muy valiente estuvo Mar\u00edn, entregado y poderoso, jug\u00e1ndosela en los terrenos del toro, a carta cabal. Se peg\u00f3 un arrim\u00f3n final, que no es decir cualquier cosa ante un enorme victorino, que no regal\u00f3 absolutamente nada. L\u00e1stima la espada, que le hizo perder una m\u00e1s que merecida oreja.<\/p>\n<p class=\"voc-p\" style=\"\">En el tercero, volvi\u00f3 a sobresalir el joven banderillero jiennense, que se est\u00e1 convirtiendo en un pedazo de profesional, esta vez con una suave brega. En este tercer cap\u00edtulo, no quiso romper el toro. No dec\u00eda nada, se paraba a mitad del muletazo y pegaba un feo tornillazo, sin querer ir nunca de verdad, porque fuerza, la ten\u00eda toda. Firme estuvo Gin\u00e9s, y a otra cosa.<\/p>\n<p class=\"voc-p\" style=\"\">Abri\u00f3 la tarde un victorino que lleg\u00f3 sin definirse a la muleta, pero que no ten\u00eda mucho recorrido. Eficaces fueron los primeros tercios, destacando la buena cuadrilla de Pinar, que dej\u00f3 cierta sensaci\u00f3n de que su muleta no hab\u00eda sabido imponerse a Bolsico.<\/p>\n<p class=\"voc-p\" style=\"\">Ra\u00fal Ruiz e Iv\u00e1n Garc\u00eda volvieron a protagonizar un gran segundo tercio ante el cuarto de la tarde, un toro interesante, muy de Victorino: pocos muletazos, y toques suaves. No le gustaban las voces ni los toques fuertes. Mientras que algunos muletazos fueron buenos y valientes, en otros tend\u00eda Pinar a citarlo con brusquedad, respondiendo mal a eso Mecatero.<\/p>\n<ul class=\"voc-list\">\n<li class=\"voc-list__item\">\n<strong>Plaza de toros de la Chata.<\/strong><br \/>\nMartes, 17 de septiembre de 2025. M\u00e1s de \u00be de entrada. Toros de Victorino Mart\u00edn, de distinto juego, complicados a excepci\u00f3n del segundo: interesantes  primero y cuarto, bravo el segundo (ovacionado en el arrastre), justo de raza el tercero, complicado el quinto, tobillero el sexto.\n<\/li>\n<li class=\"voc-list__item\">\n<strong>Rub\u00e9n Pinar,<\/strong><br \/>\nde azul marino y oro. Metisaca y estocada ca\u00edda (silencio). Pinchazo y estocada delanterita (vuelta tras petici\u00f3n).\n<\/li>\n<li class=\"voc-list__item\">\n<strong>David Galv\u00e1n,<\/strong><br \/>\nde lila y oro. Estocada desprendida y muy trasera, y estocada trasera (ovaci\u00f3n). Estocada atravesada (saludos).\n<\/li>\n<li class=\"voc-list__item\">\n<strong>Gin\u00e9s Mar\u00edn,<\/strong><br \/>\nde verde esperanza y oro. Estocada tendida y desprendida (silencio). Cinco pinchazos y estocada corta muy tendida (silencio).\n<\/li>\n<\/ul>\n","protected":false},"excerpt":{"rendered":"Ver el nombre de Victorino en los carteles siempre es sin\u00f3nimo de expectaci\u00f3n. As\u00ed fue en la \u00faltima&hellip;\n","protected":false},"author":2,"featured_media":121501,"comment_status":"","ping_status":"","sticky":false,"template":"","format":"standard","meta":{"footnotes":""},"categories":[277],"tags":[373,22699,1569,168,1072,36910,25,24,17129,23,167,374,4093],"class_list":{"0":"post-121500","1":"post","2":"type-post","3":"status-publish","4":"format-standard","5":"has-post-thumbnail","7":"category-toreo","8":"tag-bullfighting","9":"tag-complicada","10":"tag-corrida","11":"tag-deportes","12":"tag-destaca","13":"tag-entregado","14":"tag-es","15":"tag-espana","16":"tag-gines","17":"tag-spain","18":"tag-sports","19":"tag-toreo","20":"tag-victorino"},"share_on_mastodon":{"url":"","error":""},"_links":{"self":[{"href":"https:\/\/www.europesays.com\/es\/wp-json\/wp\/v2\/posts\/121500","targetHints":{"allow":["GET"]}}],"collection":[{"href":"https:\/\/www.europesays.com\/es\/wp-json\/wp\/v2\/posts"}],"about":[{"href":"https:\/\/www.europesays.com\/es\/wp-json\/wp\/v2\/types\/post"}],"author":[{"embeddable":true,"href":"https:\/\/www.europesays.com\/es\/wp-json\/wp\/v2\/users\/2"}],"replies":[{"embeddable":true,"href":"https:\/\/www.europesays.com\/es\/wp-json\/wp\/v2\/comments?post=121500"}],"version-history":[{"count":0,"href":"https:\/\/www.europesays.com\/es\/wp-json\/wp\/v2\/posts\/121500\/revisions"}],"wp:featuredmedia":[{"embeddable":true,"href":"https:\/\/www.europesays.com\/es\/wp-json\/wp\/v2\/media\/121501"}],"wp:attachment":[{"href":"https:\/\/www.europesays.com\/es\/wp-json\/wp\/v2\/media?parent=121500"}],"wp:term":[{"taxonomy":"category","embeddable":true,"href":"https:\/\/www.europesays.com\/es\/wp-json\/wp\/v2\/categories?post=121500"},{"taxonomy":"post_tag","embeddable":true,"href":"https:\/\/www.europesays.com\/es\/wp-json\/wp\/v2\/tags?post=121500"}],"curies":[{"name":"wp","href":"https:\/\/api.w.org\/{rel}","templated":true}]}}