{"id":121510,"date":"2025-09-17T19:51:20","date_gmt":"2025-09-17T19:51:20","guid":{"rendered":"https:\/\/www.europesays.com\/es\/121510\/"},"modified":"2025-09-17T19:51:20","modified_gmt":"2025-09-17T19:51:20","slug":"la-lliga-catalana-como-punto-de-partida","status":"publish","type":"post","link":"https:\/\/www.europesays.com\/es\/121510\/","title":{"rendered":"La Lliga Catalana como punto de partida"},"content":{"rendered":"<p class=\"ft-text\">Queda <strong>2 semanas y media<\/strong> para que arranque la temporada de la <a class=\"ft-link ft-link--decoration\" href=\"https:\/\/www.sport.es\/es\/baloncesto\/acb\/\" rel=\"nofollow noopener\" target=\"_blank\">Liga Endesa 2024-25<\/a>. Los equipos, con las pretemporadas a pleno funcionamiento, apuran los \u00faltimos partidos preparatorios para llegar a la competici\u00f3n oficial con <strong>plenas garant\u00edas para competir de t\u00fa a t\u00fa<\/strong> desde la primera jornada. Para los equipos catalanes de la m\u00e1xima competici\u00f3n estatal, <strong>la Lliga Catalana es un torneo muy beneficioso<\/strong> para medir su nivel con partidos que se acercan mucho a lo que se encontrar\u00e1n fin de semana tras fin de semana durante los <strong>pr\u00f3ximos 8-9 meses.<\/strong><\/p>\n<p><img decoding=\"async\" src=\"https:\/\/www.europesays.com\/es\/wp-content\/uploads\/2025\/09\/420c17f9-ecdc-4835-8d74-def0b5d57fba_alta-libre-aspect-ratio_default_0.jpg\" width=\"1200\" height=\"675\" alt=\"El cuadro de partidos\" class=\"ft-helper-img-rd\" loading=\"lazy\" hasdataaida=\"true\"\/><\/p>\n<p class=\"ft-helper-fontColor-quaternary ft-helper-fontSize-body-S ft-helper-spacer-t-xxs\">El cuadro de partidos  \/ FCBQ<\/p>\n<p>El Bar\u00e7a defiende el t\u00edtulo<\/p>\n<p class=\"ft-text\">El <strong>FC Barcelona<\/strong> se presenta en una nueva edici\u00f3n de la Lliga Catalana como <strong>defensor del t\u00edtulo<\/strong>. El conjunto blaugrana, vencedor en las dos \u00faltimas ocasiones, quiere empezar la temporada con buen pie. Desde el Palau Blaugrana <strong>prometen (y quieren) ganar t\u00edtulos<\/strong> y el torneo catal\u00e1n ser\u00eda un buen inicio. En esta pretemporada ya ha disputados dos encuentros que se han saldado con victoria: <strong>ante Paris Basketball (91-90) y B\u00e0squet Girona (88-77)<\/strong>.<\/p>\n<p><img decoding=\"async\" src=\"https:\/\/www.europesays.com\/es\/wp-content\/uploads\/2025\/09\/7c2b2bff-20b3-4bee-83b6-37380758f62a_alta-libre-aspect-ratio_default_0.jpg\" width=\"1200\" height=\"800\" alt=\"Pe\u00f1arroya, dando instrucciones a Punter y Laprovittola, en el primer partido de pretemporada en Encamp\" class=\"ft-helper-img-rd\" loading=\"lazy\" hasdataaida=\"true\"\/><\/p>\n<p class=\"ft-helper-fontColor-quaternary ft-helper-fontSize-body-S ft-helper-spacer-t-xxs\">Pe\u00f1arroya, dando instrucciones a Punter y Laprovittola, en el primer partido de pretemporada en Encamp  \/ FCB<\/p>\n<p class=\"ft-text\">La entidad blaugrana ha reforzado bien el equipo dirigido por <strong>Joan Pe\u00f1arroya<\/strong> con jugadores contrastados en Euroliga (<strong>Clyburn y Shengelia<\/strong>) y otros que quieren echar la puerta abajo (<strong>Marcos, Cale y Norris<\/strong>). Adem\u00e1s, recupera a jugadores importantes que la pasada temporada tuvieron lesiones de larga duraci\u00f3n: <strong>Laprovittola, Vesely y Juan N\u00fa\u00f1ez<\/strong>. El Bar\u00e7a tiene hambre de t\u00edtulos y la Lliga Catalana es una buena oportunidad para empezar la temporada con confianza.<\/p>\n<p>Ricky ya manda en el Joventut<\/p>\n<p class=\"ft-text\">El <strong>Joventut de Badalona<\/strong> afronta un a\u00f1o muy especial. Y tiene un nombre propio: <strong>Ricard Rubio Vives<\/strong>. El base del Masnou regresa a casa en su intento de reencontrarse con su querido baloncesto y con el papel de <strong>l\u00edder dentro y fuera de la pista<\/strong>. Ya lo ha demostrado en los cuatro amistosos disputados hasta la fecha, con balance de <strong>2 victorias y 2 derrotas<\/strong>, y especialmente en la derrota por la m\u00ednima ante La Laguna Tenerife (65-68), donde complet\u00f3 un gran partido con <strong>14 puntos, 7 rebotes y 7 asistencias en 20 minutos<\/strong>. Numerazos.<\/p>\n<p><img decoding=\"async\" src=\"https:\/\/www.europesays.com\/es\/wp-content\/uploads\/2025\/09\/537abab2-ea25-45cd-a840-6685162457cf_alta-libre-aspect-ratio_default_0.jpg\" width=\"1200\" height=\"675\" alt=\"Ricky Rubio y Ante Tomic prometen emociones fuertes en la Penya este curso\" class=\"ft-helper-img-rd\" loading=\"lazy\" hasdataaida=\"true\"\/><\/p>\n<p class=\"ft-helper-fontColor-quaternary ft-helper-fontSize-body-S ft-helper-spacer-t-xxs\">Ricky Rubio y Ante Tomic prometen emociones fuertes en la Penya este curso  \/ Dani Barbeito<\/p>\n<p class=\"ft-text\">Adem\u00e1s de la incorporaci\u00f3n de Ricky, han aterrizado en el Ol\u00edmpic los suecos <strong>Hakanson y Birgander<\/strong> (que vuelve a Badalona tras dos temporadas en Murcia), <strong>Cameron Hunt y Henri Drell<\/strong>. Asimismo, han conseguido renovar a dos hombres clave para <strong>Dani Miret<\/strong> como <strong>Sam Dekker y Ante Tomic<\/strong>.<\/p>\n<p>Un nuevo Manresa<\/p>\n<p class=\"ft-text\">Nuevo constructor, misma esencia. Este verano el <strong>Baxi Manresa<\/strong> ha sufrido una salida que ha trastocado notablemente los planes de la entidad del Bages: el director deportivo <strong>Xevi Pujol se ha ido a Baskonia<\/strong>. El cerebro de los \u00faltimos equipos del Manresa dej\u00f3 el equipo bastante encarrilado y su sustituto, <strong>Biel Colominas<\/strong>, lo ha completado con nota. Un verano m\u00e1s, el cuadro de la Catalunya Central ha vuelto a hacer apuestas atrevidas (<strong>Alfonso Plummer, Agust\u00edn Ubal, Gustav Knudsen, Izaw-Bolawie y Akobundu-Ehiogu<\/strong>) y ha incorporado a jugadores contrastados en Europa (<strong>Hugo Ben\u00edtez, Louis Olinde y Grant Golden<\/strong>).<\/p>\n<p><img decoding=\"async\" src=\"https:\/\/www.europesays.com\/es\/wp-content\/uploads\/2025\/09\/43bcc44c-ae36-4f2b-a7e1-2bd5c261a802_alta-libre-aspect-ratio_default_0.jpg\" width=\"1200\" height=\"675\" alt=\"Diego Ocampo, con el Baxi Manresa\" class=\"ft-helper-img-rd\" loading=\"lazy\" hasdataaida=\"true\"\/><\/p>\n<p class=\"ft-helper-fontColor-quaternary ft-helper-fontSize-body-S ft-helper-spacer-t-xxs\">Diego Ocampo, con el Baxi Manresa  \/ EFE<\/p>\n<p class=\"ft-text\">Sin embargo, el equipo dirigido por <strong>Diego Ocampo<\/strong> -que empieza su segunda temporada en su segunda etapa en Manresa- no est\u00e1 teniendo una pretemporada pl\u00e1cida y solo ha ganado <strong>uno de los tres partidos<\/strong> que ha disputado. Derrotas ante <strong>Morabanc Andorra (96-101) y Trapani Shark (75-93)<\/strong>, y triunfo en el \u00faltimo segundo ante el <strong>Hiopos Lleida (81-78)<\/strong>.<\/p>\n<p>Muchas inc\u00f3gnitas en Andorra<\/p>\n<p class=\"ft-text\">Un equipo cuyo trabajo hecho este verano sorprende es el <strong>Morabanc Andorra<\/strong>. Ha perdido a jugadores importantes como <strong>Jerrick Harding, Ben Lammers o Sekou Dombouya<\/strong>, y ha hecho apuestas por jugadores de ligas menores o que no atraviesan su mejor momento deportivo. El sustituto de Harding es <strong>Aaron Best<\/strong>, procedente del Trefl Sopot polaco, y el de Dombouya es un desconocido <strong>Justin McKoy<\/strong>, procedente del Hapoel Be&#8217;er Sheva BC israel\u00ed. Otro fichaje llamativo es el &#8216;5&#8217; <strong>Morris Udeze<\/strong> (Fukushima Firebonds, de la segunda divisi\u00f3n de la liga japonesa), de tan solo 2&#8217;02 metros de altura. No obstante, el mejor fichaje de este Morabanc Andorra es seguir contando con <strong>Joan Plaza<\/strong> como entrenador.<\/p>\n<p><img decoding=\"async\" src=\"https:\/\/www.europesays.com\/es\/wp-content\/uploads\/2025\/09\/c6f3d080-8589-407d-bc62-dea6c8bed9fe_alta-libre-aspect-ratio_default_0.jpg\" width=\"1200\" height=\"800\" alt=\"Joan Plaza casi asegura la permanencia del Andorra\" class=\"ft-helper-img-rd\" loading=\"lazy\" hasdataaida=\"true\"\/><\/p>\n<p class=\"ft-helper-fontColor-quaternary ft-helper-fontSize-body-S ft-helper-spacer-t-xxs\">La renovaci\u00f3n de Joan Plaza es el mejor fichaje de este Andorra  \/ Ram\u00f3n de la Rocha \/ EFE<\/p>\n<p class=\"ft-text\">En la pretemporada, las cosas no est\u00e1n yendo demasiado bien, pues solo gan\u00f3 al <strong>Baxi Manresa (101-96)<\/strong> y perdi\u00f3 claramente ante <strong>Paris Basketball (90-103)<\/strong> y fue m\u00e1s ajustado ante <strong>Hiopos Lleida (83-87)<\/strong>.<\/p>\n<p>Lleida quiere dar un paso adelante<\/p>\n<p class=\"ft-text\">El <strong>Hiopos Lleida<\/strong> quiere seguir en la Liga Endesa muchos a\u00f1os m\u00e1s. Y en la temporada 2024-25 quiere dar un paso adelante y conseguir la permanencia con m\u00e1s margen. Pese a sufrir las bajas sensibles de dos l\u00edderes como <strong>Rafa Villar y Pierre Oriola<\/strong>, el equipo de <strong>Gerard Encuentra<\/strong> se ha reforzado bien. <strong>Caleb Agada, John Shurna y Melvin Ejim<\/strong> son los principales nombres, adem\u00e1s de un <strong>Atoumane Diagne<\/strong> que aportar\u00e1 cent\u00edmetros y m\u00fasculo en la pintura, y el retorno de uno de los h\u00e9ros del ascenso, <strong>Cameron Krutwig<\/strong>. Muy celebrada tambi\u00e9n ha sido la renovaci\u00f3n del &#8216;salvador&#8217; <strong>James Batemon<\/strong>.<\/p>\n<p><img decoding=\"async\" src=\"https:\/\/www.europesays.com\/es\/wp-content\/uploads\/2025\/09\/0b336342-a2c1-4311-a3de-27faa2e0bc14_alta-libre-aspect-ratio_default_0.jpg\" width=\"1200\" height=\"800\" alt=\"Ejim, en un encuentro ante el Hiopos Lleida de la pasada temporada\" class=\"ft-helper-img-rd\" loading=\"lazy\" hasdataaida=\"true\"\/><\/p>\n<p class=\"ft-helper-fontColor-quaternary ft-helper-fontSize-body-S ft-helper-spacer-t-xxs\">Ejim y Paul\u00ed son compa\u00f1eros esta temporada  \/ ACB<\/p>\n<p class=\"ft-text\">Esta pretemporada est\u00e1 yendo de menos a m\u00e1s. Empez\u00f3 perdiendo claramente ante J<strong>oventut de Badalona (62-78)<\/strong> y el resultado final fue el mismo contra <strong>Baxi Manresa (78-81)<\/strong>, pese a dominar durante casi todo el partido. No obstante, en el \u00faltimo duelo en su visita al <strong>Morabanc Andorra<\/strong>, gan\u00f3 mostrando brotes verdes importantes <strong>(83-87)<\/strong>. Con todos los efectivos disponibles, esta Lliga Catalana ser\u00e1 muy importante para calibrar su situaci\u00f3n.<\/p>\n<p>El novedoso Girona de Moncho<\/p>\n<p class=\"ft-text\">Uno de los equipos que est\u00e1 causando mayor sensaci\u00f3n esta temporada es el <strong>B\u00e0squet Girona<\/strong>. Con <strong>Moncho Fern\u00e1ndez<\/strong> al mando de la nave, el conjunto giron\u00ed ha presentado una propuesta de juego muy atractiva, ofreciendo un <strong>baloncesto r\u00e1pido y con muchos puntos<\/strong>. Para ello ha incorporado a hombres muy talentosos como <strong>Otis Livingston II, Derek Needham o Mark Hughes<\/strong>. Adem\u00e1s, mantiene a <strong>Maxi Fjellerup y Pep Busquets<\/strong>, entre otros.<\/p>\n<p><img decoding=\"async\" src=\"https:\/\/www.europesays.com\/es\/wp-content\/uploads\/2025\/09\/5a5f2360-da68-417e-991d-f2aa37260933_alta-libre-aspect-ratio_default_0.jpg\" width=\"1200\" height=\"1225\" alt=\"'Ot, el bruixot', en el amistoso ante el Bar\u00e7a\" class=\"ft-helper-img-rd\" loading=\"lazy\" hasdataaida=\"true\"\/><\/p>\n<p class=\"ft-helper-fontColor-quaternary ft-helper-fontSize-body-S ft-helper-spacer-t-xxs\">&#8216;Ot, el bruixot&#8217;, en el amistoso ante el Bar\u00e7a  \/ B\u00e0squet Girona<\/p>\n<p class=\"ft-text\">De momento, es -junto al Bar\u00e7a- el equipo que menos amistosos ha disputado (2). El balance es parejo de una victoria (espectacular contra <strong>el Joventut, 109-89<\/strong>) y una derrota (ante el propio <strong>conjunto blaugrana, 77-88<\/strong>). En ambos partidos ha dejado buenas sensaciones y, si todo por el buen cauce, promete ser <strong>una de las revelaciones<\/strong> de la temporada.<\/p>\n","protected":false},"excerpt":{"rendered":"Queda 2 semanas y media para que arranque la temporada de la Liga Endesa 2024-25. Los equipos, con&hellip;\n","protected":false},"author":2,"featured_media":121511,"comment_status":"","ping_status":"","sticky":false,"template":"","format":"standard","meta":{"footnotes":""},"categories":[269],"tags":[302,10098,299,2296,298,168,25,24,1147,4079,665,4346,40025,11993,23,167],"class_list":{"0":"post-121510","1":"post","2":"type-post","3":"status-publish","4":"format-standard","5":"has-post-thumbnail","7":"category-baloncesto","8":"tag-acb","9":"tag-andorra","10":"tag-baloncesto","11":"tag-barca","12":"tag-basketball","13":"tag-deportes","14":"tag-es","15":"tag-espana","16":"tag-girona","17":"tag-joventut","18":"tag-liga-endesa","19":"tag-lleida","20":"tag-lliga-catalana","21":"tag-manresa","22":"tag-spain","23":"tag-sports"},"share_on_mastodon":{"url":"","error":""},"_links":{"self":[{"href":"https:\/\/www.europesays.com\/es\/wp-json\/wp\/v2\/posts\/121510","targetHints":{"allow":["GET"]}}],"collection":[{"href":"https:\/\/www.europesays.com\/es\/wp-json\/wp\/v2\/posts"}],"about":[{"href":"https:\/\/www.europesays.com\/es\/wp-json\/wp\/v2\/types\/post"}],"author":[{"embeddable":true,"href":"https:\/\/www.europesays.com\/es\/wp-json\/wp\/v2\/users\/2"}],"replies":[{"embeddable":true,"href":"https:\/\/www.europesays.com\/es\/wp-json\/wp\/v2\/comments?post=121510"}],"version-history":[{"count":0,"href":"https:\/\/www.europesays.com\/es\/wp-json\/wp\/v2\/posts\/121510\/revisions"}],"wp:featuredmedia":[{"embeddable":true,"href":"https:\/\/www.europesays.com\/es\/wp-json\/wp\/v2\/media\/121511"}],"wp:attachment":[{"href":"https:\/\/www.europesays.com\/es\/wp-json\/wp\/v2\/media?parent=121510"}],"wp:term":[{"taxonomy":"category","embeddable":true,"href":"https:\/\/www.europesays.com\/es\/wp-json\/wp\/v2\/categories?post=121510"},{"taxonomy":"post_tag","embeddable":true,"href":"https:\/\/www.europesays.com\/es\/wp-json\/wp\/v2\/tags?post=121510"}],"curies":[{"name":"wp","href":"https:\/\/api.w.org\/{rel}","templated":true}]}}