{"id":121517,"date":"2025-09-17T19:55:07","date_gmt":"2025-09-17T19:55:07","guid":{"rendered":"https:\/\/www.europesays.com\/es\/121517\/"},"modified":"2025-09-17T19:55:07","modified_gmt":"2025-09-17T19:55:07","slug":"un-intendente-escribio-un-libro-sobre-el-impacto-de-la-inteligencia-artificial-en-el-conurbano","status":"publish","type":"post","link":"https:\/\/www.europesays.com\/es\/121517\/","title":{"rendered":"Un intendente escribi\u00f3 un libro sobre el impacto de la Inteligencia Artificial en el Conurbano"},"content":{"rendered":"<p>El intendente de Escobar y presidente del Instituto de Innovaci\u00f3n Digital, Ariel Sujarchuk, present\u00f3 su primer libro, titulado \u201cMa\u00f1ana es hoy. Alianzas para una ciudadan\u00eda digital inteligente\u201d (Editorial Planeta), donde analiza el impacto de la inteligencia artificial en la construcci\u00f3n de un futuro con inclusi\u00f3n y progreso para todos.<\/p>\n<p>\u201cMa\u00f1ana es hoy porque vivimos un presente que est\u00e1 redefiniendo c\u00f3mo producimos, aprendemos, nos cuidamos y convivimos. Por eso necesitamos formar una ciudadan\u00eda inteligente capaz de convivir, interactuar y producir con la IA. Lejos de ser un peligro, la revoluci\u00f3n digital y la IA son una oportunidad hist\u00f3rica que como pa\u00eds debemos liderar\u201d, resalt\u00f3 Sujarchuk durante la distendida charla que mantuvo con el escritor Santi Siri durante la presentaci\u00f3n realizada en el auditorio del Museo Malba y en la que la periodista Irina Sternik ofici\u00f3 como anfitriona. <\/p>\n<p>Antes se difundieron los mensajes del gobernador Axel Kicillof, del historiador Felipe Pigna, de la creadora de la Red de Innovaci\u00f3n Local (RIL), Delfina Irazusta, y de Jacobo Cohen Imach (vicepresidente senior de Mercado Libre), donde todos destacaron el debate plural y abierto al que convoca el autor.<\/p>\n<p>Frente a m\u00e1s de 200 influyentes representantes de la innovaci\u00f3n y tecnolog\u00eda, la academia, la industria, el desarrollo empresarial y las organizaciones gubernamentales, Sujarchuk enfatiz\u00f3: \u201cTenemos que alcanzar un futuro de colaboraci\u00f3n y asociativismo porque lo urgente y lo importante hoy van m\u00e1s que nunca de la mano: desarrollo humano y cuidado del planeta. De nada sirve potenciar una tecnolog\u00eda que agote nuestros recursos naturales\u201d.<\/p>\n<p>Entre los invitados se destacaron el due\u00f1o de casa, Eduardo Costantini, y el presidente de ADEPA y gerente de Relaciones Institucionales del Grupo Clar\u00edn, Mart\u00edn Etchevers. Del \u00e1mbito empresarial acompa\u00f1aron Hern\u00e1n Currais (Grupo Portland), Andrea Grobocopatel (Grupo Grobo), Ricardo Torres (Pampa Energ\u00eda), Luciano Giovio (National Pride), Alejandro De Belva (Am\u00e9rica Virtual), Fafi Werthein (Pollera Pantal\u00f3n), Luis Galeazzi (Argencon) y Laureano Bielsa (Potencia Argentina), entre otros. <\/p>\n<p>De la pol\u00edtica se hicieron presentes las diputadas Delfina Rossi y Julia Strada, el ministro Gabriel Katopodis, el diputado provincial Fabi\u00e1n Perechodnik, el ex ministro Juan Cabandi\u00e9, el economista Hern\u00e1n Letchner y el ex presidente del Consejo de la Magistratura y actual rector de la Universidad Nacional de Lomas de Zamora, Diego Molea. Tambi\u00e9n se sumaron representantes diplom\u00e1ticos de Per\u00fa, Belarus, Rusia, Malasia, Espa\u00f1a, Hait\u00ed, Congo, Paraguay, Nigeria y Egipto. Tampoco faltaron personalidades del ambiente art\u00edstico, como Roc\u00edo Marengo, Celeste Muriega y Cristian Sancho.<\/p>\n<p>En \u201cMa\u00f1ana es hoy\u201d, se abordan t\u00f3picos fundamentales como la ciudadan\u00eda digital, la consolidaci\u00f3n de un Estado din\u00e1mico, \u00e1gil, sencillo y eficiente (DASE), el doble desaf\u00edo de proteger los empleos actuales y alentar los trabajos del futuro, consolidar una soberan\u00eda cognitiva para el desarrollo educativo y cultural de las comunidades, promover que los avances tecnol\u00f3gicos en salud est\u00e9n al alcance de todos, y alentar un di\u00e1logo abierto, plural y responsable sobre la utilizaci\u00f3n de la IA en la construcci\u00f3n de sociedades m\u00e1s justas, inclusivas y humanas.<\/p>\n<p>Con pr\u00f3logos de Pigna y Siri, la obra se puede adquirir en todas las librer\u00edas del pa\u00eds o de manera virtual en https:\/\/tiendadigital.planetadelibros.com.ar\/library\/publication\/manana-es-hoy<\/p>\n","protected":false},"excerpt":{"rendered":"El intendente de Escobar y presidente del Instituto de Innovaci\u00f3n Digital, Ariel Sujarchuk, present\u00f3 su primer libro, titulado&hellip;\n","protected":false},"author":2,"featured_media":121518,"comment_status":"","ping_status":"","sticky":false,"template":"","format":"standard","meta":{"footnotes":""},"categories":[172],"tags":[224,146,147,25,24,225,23],"class_list":{"0":"post-121517","1":"post","2":"type-post","3":"status-publish","4":"format-standard","5":"has-post-thumbnail","7":"category-libros","8":"tag-books","9":"tag-entertainment","10":"tag-entretenimiento","11":"tag-es","12":"tag-espana","13":"tag-libros","14":"tag-spain"},"share_on_mastodon":{"url":"","error":""},"_links":{"self":[{"href":"https:\/\/www.europesays.com\/es\/wp-json\/wp\/v2\/posts\/121517","targetHints":{"allow":["GET"]}}],"collection":[{"href":"https:\/\/www.europesays.com\/es\/wp-json\/wp\/v2\/posts"}],"about":[{"href":"https:\/\/www.europesays.com\/es\/wp-json\/wp\/v2\/types\/post"}],"author":[{"embeddable":true,"href":"https:\/\/www.europesays.com\/es\/wp-json\/wp\/v2\/users\/2"}],"replies":[{"embeddable":true,"href":"https:\/\/www.europesays.com\/es\/wp-json\/wp\/v2\/comments?post=121517"}],"version-history":[{"count":0,"href":"https:\/\/www.europesays.com\/es\/wp-json\/wp\/v2\/posts\/121517\/revisions"}],"wp:featuredmedia":[{"embeddable":true,"href":"https:\/\/www.europesays.com\/es\/wp-json\/wp\/v2\/media\/121518"}],"wp:attachment":[{"href":"https:\/\/www.europesays.com\/es\/wp-json\/wp\/v2\/media?parent=121517"}],"wp:term":[{"taxonomy":"category","embeddable":true,"href":"https:\/\/www.europesays.com\/es\/wp-json\/wp\/v2\/categories?post=121517"},{"taxonomy":"post_tag","embeddable":true,"href":"https:\/\/www.europesays.com\/es\/wp-json\/wp\/v2\/tags?post=121517"}],"curies":[{"name":"wp","href":"https:\/\/api.w.org\/{rel}","templated":true}]}}