{"id":121519,"date":"2025-09-17T19:56:16","date_gmt":"2025-09-17T19:56:16","guid":{"rendered":"https:\/\/www.europesays.com\/es\/121519\/"},"modified":"2025-09-17T19:56:16","modified_gmt":"2025-09-17T19:56:16","slug":"avance-del-capitulo-257-de-valle-salvaje-la-serie-de-tve-y-netflix-rafael-acorrala-a-ana","status":"publish","type":"post","link":"https:\/\/www.europesays.com\/es\/121519\/","title":{"rendered":"Avance del cap\u00edtulo 257 de &#8216;Valle Salvaje&#8217;, la serie de TVE y Netflix: Rafael acorrala a Ana"},"content":{"rendered":"<p data-journey-content=\"true\" data-node-id=\"3\" class=\"css-6wxqfj emevuu60\">Anteriormente en &#8216;<a href=\"https:\/\/www.diezminutos.es\/valle-salvaje\/\" target=\"_blank\" data-vars-ga-outbound-link=\"https:\/\/www.diezminutos.es\/valle-salvaje\/\" data-vars-ga-ux-element=\"Hyperlink\" data-vars-ga-call-to-action=\"Valle Salvaje\" data-node-id=\"3.1\" class=\"body-link css-177bzfx emevuu60\" rel=\"nofollow noopener\">Valle Salvaje<\/a>&#8216;, todos est\u00e1n sorprendidos por los \u00faltimos acontecimientos\u2026 <a href=\"https:\/\/www.diezminutos.es\/telenovela\/espanolas\/a64564256\/valle-salvaje-capitulos-141-al-145-resumen-semanal-21-al-25-abril-tve-netflix\/\" target=\"_blank\" data-vars-ga-outbound-link=\"https:\/\/www.diezminutos.es\/telenovela\/espanolas\/a64564256\/valle-salvaje-capitulos-141-al-145-resumen-semanal-21-al-25-abril-tve-netflix\/\" data-vars-ga-ux-element=\"Hyperlink\" data-vars-ga-call-to-action=\"La tensi\u00f3n entre Adriana y \u00darsula\" data-node-id=\"3.3\" class=\"body-link css-177bzfx emevuu60\" rel=\"nofollow noopener\">La tensi\u00f3n entre Adriana y \u00darsula<\/a> sigue creciendo a medida que los secretos comienzan a salir a la luz y las intenciones del duque se vuelven cada vez m\u00e1s oscuras. Matilde se enfrenta a un momento de tensi\u00f3n extrema con Victoria. La constante provocaci\u00f3n de esta \u00faltima ha llevado a Matilde al l\u00edmite de su paciencia, al punto de considerar la posibilidad de agredirla f\u00edsicamente. Sin embargo, es consciente de que cualquier acci\u00f3n impulsiva podr\u00eda traer consecuencias graves, poniendo en riesgo su seguridad y su posici\u00f3n. <strong data-node-id=\"3.5\">Este delicado equilibrio entre la ira contenida y la necesidad de prudencia<\/strong> marca un punto cr\u00edtico en la trama, donde cada decisi\u00f3n podr\u00eda desencadenar un conflicto irreversible.<\/p>\n<p><img draggable=\"true\" alt=\"valle salvaje\" title=\"Valle Salvaje\" loading=\"lazy\" width=\"2100\" height=\"1400\" decoding=\"async\" data-nimg=\"1\" style=\"color:transparent;width:100%;height:auto;\"   src=\"https:\/\/www.europesays.com\/es\/wp-content\/uploads\/2025\/08\/1756064537_610_cap-234-2-689e2d2f98800.jpg\" class=\"css-0 e1g79fud0\"\/><\/p>\n<p>Add RTVE<\/p>\n<p>La \u00faltima esperanza de Adriana en &#8216;Valle Salvaje&#8217; <\/p>\n<p data-journey-content=\"true\" data-node-id=\"8\" class=\"css-6wxqfj emevuu60\">En el cap\u00edtulo de este mi\u00e9rcoles, en TVE, despu\u00e9s del inesperado beso con Pepa, Mart\u00edn decide afrontar una conversaci\u00f3n pendiente con Francisco. No se trata \u00fanicamente de aclarar si piensa marcharse del Valle o permanecer all\u00ed, sino de abrir su coraz\u00f3n y sincerarse con su amigo, enfrentando sentimientos que hasta ahora hab\u00eda intentado ocultar. <strong data-node-id=\"8.1\">La charla, cargada de tensi\u00f3n y emociones contenidas<\/strong>, marca un punto de inflexi\u00f3n en la relaci\u00f3n entre ambos, pues lo que est\u00e1 en juego va m\u00e1s all\u00e1 de una simple decisi\u00f3n de futuro: se trata de la confianza, la lealtad y el amor que los une y a la vez los separa.<\/p>\n<p>Leonardo quiere acercarse a B\u00e1rbara en &#8216;Valle Salvaje&#8217;<img draggable=\"true\" alt=\"valle salvaje\" title=\"Valle Salvaje\" loading=\"lazy\" width=\"4096\" height=\"2731\" decoding=\"async\" data-nimg=\"1\" style=\"color:transparent;width:100%;height:auto;\"   src=\"https:\/\/www.europesays.com\/es\/wp-content\/uploads\/2025\/08\/gv1ek-dwcaaokye-68777c8047288.jpeg\" class=\"css-0 e1g79fud0\"\/><\/p>\n<p>Add RTVE<\/p>\n<p data-journey-content=\"true\" data-node-id=\"12\" class=\"css-6wxqfj emevuu60\">En el cap\u00edtulo de este jueves, en TVE, Leonardo invita a B\u00e1rbara a ser su acompa\u00f1ante en la fiesta de los barones, decidido a demostrar a sus padres que ella es la mujer de su vida. Mientras tanto, Rafael, ansioso por enfrentar a \u00darsula de una vez por todas, pone contra la pared a Ana, exigi\u00e9ndole que revele la verdad. La doncella se debate entre el miedo y la necesidad de sincerarse: <strong data-node-id=\"12.1\">\u00bfse atrever\u00e1 a confesar que Julio no muri\u00f3 por causas naturales?<\/strong> Entre secretos, emociones y decisiones que podr\u00edan cambiarlo todo, cada personaje enfrenta un momento crucial que definir\u00e1 sus destinos y pondr\u00e1 a prueba lealtades y sentimientos. La tensi\u00f3n crece mientras la verdad amenaza con salir a la luz, y nadie puede anticipar c\u00f3mo reaccionar\u00e1n aquellos cuyo mundo podr\u00eda derrumbarse al descubrirla. Las intrigas y el amor se entrelazan en un instante que promete sorpresas.<\/p>\n<p><img src=\"https:\/\/www.europesays.com\/es\/wp-content\/uploads\/2025\/09\/1758138976_587_43af9b8f-983e-4e74-8e74-9a7479b0966b_1681831601.file\" alt=\"Headshot of Pilar Mart\u00ednez\" title=\"Headshot of Pilar Mart\u00ednez\" width=\"100%\" height=\"100%\" decoding=\"async\" loading=\"lazy\" class=\"css-o0wq4v ev8dhu53\"\/><\/p>\n<p>Pilar Mart\u00ednez es periodista especializada en contenidos de televisi\u00f3n y cultura, se gradu\u00f3 en la carrera en Periodismo en la Facultad de Ciencias de la Informaci\u00f3n (Universidad Complutense de Madrid) en el a\u00f1o 2018. Desde entonces ha pasado por las redacciones de Ecoteuve (El Economista), donde realiz\u00f3 sus primeras pr\u00e1cticas durante el verano del 2016.<\/p>\n<p>Posteriormente, concretamente, en el a\u00f1o 2017 se pas\u00f3 al grupo Hearst Espa\u00f1a, donde comenz\u00f3 su andadura en las revistas de televisi\u00f3n: Supertele, Teleprograma, Telenovela. Ahora colabora con Diez Minutos, en su versi\u00f3n web, donde se encarga de realizar los avances semanales de las ficciones diarias de moda, as\u00ed como entrevistas y art\u00edculos sobre los melodramas o telenovelas que aterrizan en nuestro pa\u00eds y aquellos que est\u00e1n por venir.<\/p>\n<p>Toda una cazadora de exclusivas. A esto, se suma su puesto como redactora jefe de la secci\u00f3n de novela narrativa en la revista Culturamas, medio digital de alto impacto al que lleva unida desde el a\u00f1o 2013. \u00c1vida lectora, cin\u00e9fila y seri\u00e9fila de primer nivel, ha hecho de su vocaci\u00f3n su oficio. \u00a0<\/p>\n","protected":false},"excerpt":{"rendered":"Anteriormente en &#8216;Valle Salvaje&#8216;, todos est\u00e1n sorprendidos por los \u00faltimos acontecimientos\u2026 La tensi\u00f3n entre Adriana y \u00darsula sigue&hellip;\n","protected":false},"author":2,"featured_media":121520,"comment_status":"","ping_status":"","sticky":false,"template":"","format":"standard","meta":{"footnotes":""},"categories":[171],"tags":[253,146,147,25,24,23,214],"class_list":{"0":"post-121519","1":"post","2":"type-post","3":"status-publish","4":"format-standard","5":"has-post-thumbnail","7":"category-tv","8":"tag-discover","9":"tag-entertainment","10":"tag-entretenimiento","11":"tag-es","12":"tag-espana","13":"tag-spain","14":"tag-tv"},"share_on_mastodon":{"url":"","error":""},"_links":{"self":[{"href":"https:\/\/www.europesays.com\/es\/wp-json\/wp\/v2\/posts\/121519","targetHints":{"allow":["GET"]}}],"collection":[{"href":"https:\/\/www.europesays.com\/es\/wp-json\/wp\/v2\/posts"}],"about":[{"href":"https:\/\/www.europesays.com\/es\/wp-json\/wp\/v2\/types\/post"}],"author":[{"embeddable":true,"href":"https:\/\/www.europesays.com\/es\/wp-json\/wp\/v2\/users\/2"}],"replies":[{"embeddable":true,"href":"https:\/\/www.europesays.com\/es\/wp-json\/wp\/v2\/comments?post=121519"}],"version-history":[{"count":0,"href":"https:\/\/www.europesays.com\/es\/wp-json\/wp\/v2\/posts\/121519\/revisions"}],"wp:featuredmedia":[{"embeddable":true,"href":"https:\/\/www.europesays.com\/es\/wp-json\/wp\/v2\/media\/121520"}],"wp:attachment":[{"href":"https:\/\/www.europesays.com\/es\/wp-json\/wp\/v2\/media?parent=121519"}],"wp:term":[{"taxonomy":"category","embeddable":true,"href":"https:\/\/www.europesays.com\/es\/wp-json\/wp\/v2\/categories?post=121519"},{"taxonomy":"post_tag","embeddable":true,"href":"https:\/\/www.europesays.com\/es\/wp-json\/wp\/v2\/tags?post=121519"}],"curies":[{"name":"wp","href":"https:\/\/api.w.org\/{rel}","templated":true}]}}