{"id":121531,"date":"2025-09-17T20:02:08","date_gmt":"2025-09-17T20:02:08","guid":{"rendered":"https:\/\/www.europesays.com\/es\/121531\/"},"modified":"2025-09-17T20:02:08","modified_gmt":"2025-09-17T20:02:08","slug":"la-ii-jornada-de-videojuegos-llega-a-hoyo-de-manzanares-el-proximo-27-de-septiembre","status":"publish","type":"post","link":"https:\/\/www.europesays.com\/es\/121531\/","title":{"rendered":"La II Jornada de Videojuegos llega a Hoyo de Manzanares el pr\u00f3ximo 27 de septiembre"},"content":{"rendered":"<p>\t\t\t\t\t\ud83d\udd0a Escuchar la entrada<\/p>\n<ul>\n<li><strong>Fecha:<\/strong> s\u00e1bado 27 de septiembre<\/li>\n<li><strong>Horario:<\/strong> de 11:00 a 14:00 y de 16:00 a 20:00 h<\/li>\n<li><strong>Lugar:<\/strong> Polideportivo Municipal Las Eras<\/li>\n<li><strong>Actividad gratuita<\/strong><\/li>\n<li><strong>Para todos los p\u00fablicos<\/strong><\/li>\n<\/ul>\n<p>\u00a0<\/p>\n<p>El Ayuntamiento de Hoyo de Manzanares, en colaboraci\u00f3n con la concejal\u00eda de Juventud, trae de nuevo al municipio una propuesta irresistible para disfrutar del ocio digital en familia: la <strong>II Jornada de Videojuegos<\/strong>, <strong>el pr\u00f3ximo s\u00e1bado 27 de septiembre en el Polideportivo Municipal Las Eras<\/strong>. Esta actividad gratuita est\u00e1 pensada para acercar el mundo de los videojuegos a j\u00f3venes, familias y curiosos de todas las edades, incluyendo a quienes se animen a descubrirlos por primera vez.<\/p>\n<p><strong>M\u00e1s de 25 puestos de juego<\/strong> estar\u00e1n disponibles con consolas <strong>PlayStation 5<\/strong> y <strong>Nintendo Switch 2<\/strong>, donde los asistentes podr\u00e1n jugar y competir con amigos y familiares. Tambi\u00e9n contaremos con simuladores de conducci\u00f3n profesional y experiencias inmersivas con dispositivos de realidad virtual.<\/p>\n<p><strong>Torneos gamer<\/strong> Demuestra tus habilidades en los torneos de <strong>Mario Kart 8 <\/strong>y <strong>EA Sports FC 26<\/strong>, que se celebrar\u00e1n a las <strong>12:00<\/strong> y a las <strong>17:00 horas<\/strong>, respectivamente. Los ganadores del primer y segundo puesto recibir\u00e1n un trofeo como reconocimiento.<\/p>\n<p>\u00a0<\/p>\n<p><strong>Zonas de juego destacadas<\/strong><\/p>\n<p>\u00a0<\/p>\n<p>\ud83d\udd39 <strong>Zona Gamer<\/strong><\/p>\n<ul>\n<li>Consolas PlayStation 5 con mandos DualSense.<\/li>\n<li>Juegos disponibles: Astro\u2019s Playroom, Rocket League, Street Fighter 6, Tekken 8, EA Sports FC 26, Fortnite.<\/li>\n<\/ul>\n<p>\ud83d\udd39 <strong>Zona Nintendo<\/strong><\/p>\n<ul>\n<li>Consolas Nintendo Switch 2.<\/li>\n<li>Juegos disponibles: Nintendo Sports, <strong>Mario Kart World<\/strong>, Super Smash Bros Ultimate.<\/li>\n<\/ul>\n<p>\ud83d\udd39 <strong>Zona de Simulaci\u00f3n<\/strong><\/p>\n<ul>\n<li>Simuladores Real Racer X.<\/li>\n<li>Juego: Project Cars 2.<\/li>\n<\/ul>\n<p>\ud83d\udd39 <strong>Zona de Realidad Virtual<\/strong><\/p>\n<ul>\n<li>Dispositivos VR con experiencias renovadas para sumergirse en el universo gamer.<\/li>\n<\/ul>\n<p>\u00a0<\/p>\n<p><strong>Inscripciones Jornada de Videojuegos\u00a0<\/strong><\/p>\n<p>Las inscripciones a los torneos se realizar\u00e1n el mismo d\u00eda del evento, en el Polideportivo Municipal en los siguientes horarios:<\/p>\n<ul>\n<li><strong>De 11:00 a 12:00 h.\u00a0<\/strong><\/li>\n<li><strong>De 16:00 a 17:00 h.<\/strong><\/li>\n<\/ul>\n<p><strong>M\u00e1ximo 32 participantes por torneo.<\/strong><\/p>\n<p>Os esperamos el s\u00e1bado 27 de septiembre en el Polideportivo Municipal para una aut\u00e9ntica jornada de videojuegos.<\/p>\n<p>\u00a1No te lo puedes perder!<\/p>\n<p>\u00a0<\/p>\n<p><img loading=\"lazy\" decoding=\"async\" class=\"alignnone wp-image-54536\" src=\"https:\/\/www.europesays.com\/es\/wp-content\/uploads\/2025\/09\/Segunda-Jornada-Videojuegos-2025.jpg\" alt=\"\" width=\"727\" height=\"909\"\/><\/p>\n","protected":false},"excerpt":{"rendered":"\ud83d\udd0a Escuchar la entrada Fecha: s\u00e1bado 27 de septiembre Horario: de 11:00 a 14:00 y de 16:00 a&hellip;\n","protected":false},"author":2,"featured_media":121532,"comment_status":"","ping_status":"","sticky":false,"template":"","format":"standard","meta":{"footnotes":""},"categories":[81],"tags":[119,123,124,25,24,117,121,122,23,118,120],"class_list":{"0":"post-121531","1":"post","2":"type-post","3":"status-publish","4":"format-standard","5":"has-post-thumbnail","7":"category-ciencia-y-tecnologia","8":"tag-ciencia","9":"tag-ciencia-y-tecnologia","10":"tag-cienciaytecnologia","11":"tag-es","12":"tag-espana","13":"tag-science","14":"tag-science-and-technology","15":"tag-scienceandtechnology","16":"tag-spain","17":"tag-technology","18":"tag-tecnologia"},"share_on_mastodon":{"url":"","error":""},"_links":{"self":[{"href":"https:\/\/www.europesays.com\/es\/wp-json\/wp\/v2\/posts\/121531","targetHints":{"allow":["GET"]}}],"collection":[{"href":"https:\/\/www.europesays.com\/es\/wp-json\/wp\/v2\/posts"}],"about":[{"href":"https:\/\/www.europesays.com\/es\/wp-json\/wp\/v2\/types\/post"}],"author":[{"embeddable":true,"href":"https:\/\/www.europesays.com\/es\/wp-json\/wp\/v2\/users\/2"}],"replies":[{"embeddable":true,"href":"https:\/\/www.europesays.com\/es\/wp-json\/wp\/v2\/comments?post=121531"}],"version-history":[{"count":0,"href":"https:\/\/www.europesays.com\/es\/wp-json\/wp\/v2\/posts\/121531\/revisions"}],"wp:featuredmedia":[{"embeddable":true,"href":"https:\/\/www.europesays.com\/es\/wp-json\/wp\/v2\/media\/121532"}],"wp:attachment":[{"href":"https:\/\/www.europesays.com\/es\/wp-json\/wp\/v2\/media?parent=121531"}],"wp:term":[{"taxonomy":"category","embeddable":true,"href":"https:\/\/www.europesays.com\/es\/wp-json\/wp\/v2\/categories?post=121531"},{"taxonomy":"post_tag","embeddable":true,"href":"https:\/\/www.europesays.com\/es\/wp-json\/wp\/v2\/tags?post=121531"}],"curies":[{"name":"wp","href":"https:\/\/api.w.org\/{rel}","templated":true}]}}