{"id":121533,"date":"2025-09-17T20:03:07","date_gmt":"2025-09-17T20:03:07","guid":{"rendered":"https:\/\/www.europesays.com\/es\/121533\/"},"modified":"2025-09-17T20:03:07","modified_gmt":"2025-09-17T20:03:07","slug":"la-reserva-federal-de-eeuu-baja-los-tipos-de-interes-por-primera-vez-desde-que-trump-regreso-a-la-casa-blanca-economia-y-negocios","status":"publish","type":"post","link":"https:\/\/www.europesays.com\/es\/121533\/","title":{"rendered":"La Reserva Federal de EEUU baja los tipos de inter\u00e9s por primera vez desde que Trump regres\u00f3 a la Casa Blanca | Econom\u00eda y negocios"},"content":{"rendered":"<p>Tras meses de presiones de Trump por tierra, mar y aire, la Reserva Federal de EEUU ha anunciado que baja los tipos de inter\u00e9s un 0,25%. Es la primera bajada desde que Trump volvi\u00f3 a la Casa Blanca en enero de este a\u00f1o. Es una bajada peque\u00f1a y esperada que mantiene el precio del dinero por encima del 4% en EEUU, el doble del de la zona euro. <\/p>\n<p>Donald Trump y sus asesores llevan meses presionando para que la Reserva Federal baje el precio de dinero y la decisi\u00f3n de este mi\u00e9rcoles les parece poco. De hecho el \u00fanico que ha votado en contra del recorte porque ped\u00eda una bajada m\u00e1s dr\u00e1stica ha sido Stephen Miran, nuevo gobernador elegido por Trump hace pocas semanas. <\/p>\n<p>La rebaja de tipos de la Reserva Federal trata de despertar a la econom\u00eda de Estados Unidos, especialmente el mercado laboral, que est\u00e1 dando se\u00f1ales de estancamiento. Bajando el precio del dinero se quiere incentivar que se creen empleos. <\/p>\n<p>De cara a los pr\u00f3ximos meses los gobernadores de la Reserva Federal se\u00f1alan que a de este mi\u00e9rcoles no va a ser la \u00fanica bajada de tipos. Indican en sus proyecciones que habr\u00e1 una o probablemente dos bajadas m\u00e1s antes de que acabe el a\u00f1o. <\/p>\n<p>Powell (Fed) descarta recortes superiores a los 25 puntos b\u00e1sicos y aboga por reservarlos para emergencias<\/p>\n<p>El presidente de la Reserva Federal (Fed), Jerome Powell, ha asegurado este mi\u00e9rcoles que no existe actualmente dentro del Comit\u00e9 Federal de Mercado Abierto (FOMC) un \u00abamplio apoyo\u00bb a un recorte de 50 puntos b\u00e1sicos tal y como defiende Stepen Miran, gobernador reci\u00e9n incorporado al \u00f3rgano rector a instancias de Donald Trump en sustituci\u00f3n de la dimitida Adriana Kugler.<\/p>\n<p>El responsable del banco central estadounidense ha reconocido que se han decretado recortes grandes, conocidos como &#8216;jumbo&#8217; en la jerga, a lo largo de los \u00faltimos cinco a\u00f1os, pero solo cuando se ha determinado que exist\u00eda un desacople evidente entre la situaci\u00f3n macroecon\u00f3mica y la pol\u00edtica monetaria.<\/p>\n<p>\u00abEso no es en absoluto lo que siento que est\u00e1 pasando ahora mismo. Creo que nuestra pol\u00edtica ha sido correcta en lo que va de a\u00f1o\u00bb, ha afirmado Powell durante la rueda de prensa posterior al comunicado, que anunciaba una bajada de tipos de un cuarto de punto.<\/p>\n<p>El &#8216;guardi\u00e1n del d\u00f3lar&#8217; ha destacado que las pol\u00edticas gubernamentales contin\u00faan \u00abevolucionando\u00bb, lo que est\u00e1 manteniendo la incertidumbre sobre la econom\u00eda. En este sentido, ha explicado que los aranceles est\u00e1n encareciendo algunos productos, aunque su efecto general sobre los precios a\u00fan est\u00e1 pendiente de materializarse y cuantificarse.<\/p>\n<p>\u00abUna hip\u00f3tesis razonable es que los efectos sobre la inflaci\u00f3n ser\u00e1n relativamente ef\u00edmeros, un cambio puntual en el nivel de precios. Pero tambi\u00e9n es posible que los efectos inflacionistas sean m\u00e1s persistentes\u00bb, ha elaborado. Powell ha destacado, adem\u00e1s, que la ralentizaci\u00f3n del mercado laboral fruto de unos menores niveles de inmigraci\u00f3n y de participaci\u00f3n, est\u00e1 haciendo que la creaci\u00f3n de empleo sea insuficiente para mantener la tasa de paro en niveles constantes.<\/p>\n<p>Seg\u00fan el hom\u00f3logo de Christine Lagarde, el comportamiento de la oferta y demanda de mano de obra est\u00e1 siendo \u00abinusual\u00bb, mientras que el crecimiento de los salarios ha continuado moder\u00e1ndose, aunque a\u00fan avanzando por encima de la inflaci\u00f3n. En suma, los riesgos que emanan del empleo para el mandato dual de la Fed han crecido, lo que, para Powell, ha justificado el recorte de 25 puntos b\u00e1sicos de este mi\u00e9rcoles. <\/p>\n<p>El objetivo ser\u00eda transitar hacia una pol\u00edtica monetaria \u00abm\u00e1s neutral\u00bb y alejarse de los niveles moderadamente restrictivos actuales. \u00abCon la decisi\u00f3n de hoy, seguimos estando bien posicionados para responder de manera oportuna a posibles perturbaciones econ\u00f3micas. [&#8230;] La pol\u00edtica no sigue una senda predeterminada\u00bb, ha razonado.<\/p>\n<p>El IBEX 35 cede el 0,24 % y se aleja de los 15.200 puntos a la espera de la Fed<\/p>\n<p>El IBEX 35, \u00edndice de referencia de la Bolsa espa\u00f1ola, ha perdido este mi\u00e9rcoles un 0,24 % y se aleja de los 15.200 puntos pendiente de la decisi\u00f3n de la Reserva Federal estadounidense (Fed) y de su hoja de ruta en materia monetaria en los pr\u00f3ximos meses. <\/p>\n<p>La Bolsa espa\u00f1ola ha retrocedido 36,1 puntos y ha cerrado la jornada en los 15.127,2 enteros. En lo que va de a\u00f1o avanza el 30,46 %. Una jornada m\u00e1s, la banca ha cerrado en negativo. Sabadell ha perdido el 2,36 %; Unicaja, el 1,19 %; CaixaBank, el 1,04 %; BBVA, el 0,8 %; Bankinter, el 0,35 %; y Santander, el 0,14 %. <\/p>\n<p>Solaria ha sido el valor m\u00e1s bajista al ceder el 2,47 %. En cambio, la parte alta de la tabla ha estado liderada por Acciona Energ\u00eda, Acciona e IAG. De los grandes valores, Inditex ha sumado el 0,75 % y Telef\u00f3nica, el 0,22 %; mientras que Iberdrola ha cedido el 0,61 % y Repsol, el 0,71 %.<\/p>\n","protected":false},"excerpt":{"rendered":"Tras meses de presiones de Trump por tierra, mar y aire, la Reserva Federal de EEUU ha anunciado&hellip;\n","protected":false},"author":2,"featured_media":121534,"comment_status":"","ping_status":"","sticky":false,"template":"","format":"standard","meta":{"footnotes":""},"categories":[80],"tags":[36493,82,95,94,25,24,2746,4437,40029,88,23],"class_list":{"0":"post-121533","1":"post","2":"type-post","3":"status-publish","4":"format-standard","5":"has-post-thumbnail","7":"category-economia","8":"tag-banking","9":"tag-business","10":"tag-economia","11":"tag-economy","12":"tag-es","13":"tag-espana","14":"tag-finance","15":"tag-government","16":"tag-interest","17":"tag-politics","18":"tag-spain"},"share_on_mastodon":{"url":"","error":""},"_links":{"self":[{"href":"https:\/\/www.europesays.com\/es\/wp-json\/wp\/v2\/posts\/121533","targetHints":{"allow":["GET"]}}],"collection":[{"href":"https:\/\/www.europesays.com\/es\/wp-json\/wp\/v2\/posts"}],"about":[{"href":"https:\/\/www.europesays.com\/es\/wp-json\/wp\/v2\/types\/post"}],"author":[{"embeddable":true,"href":"https:\/\/www.europesays.com\/es\/wp-json\/wp\/v2\/users\/2"}],"replies":[{"embeddable":true,"href":"https:\/\/www.europesays.com\/es\/wp-json\/wp\/v2\/comments?post=121533"}],"version-history":[{"count":0,"href":"https:\/\/www.europesays.com\/es\/wp-json\/wp\/v2\/posts\/121533\/revisions"}],"wp:featuredmedia":[{"embeddable":true,"href":"https:\/\/www.europesays.com\/es\/wp-json\/wp\/v2\/media\/121534"}],"wp:attachment":[{"href":"https:\/\/www.europesays.com\/es\/wp-json\/wp\/v2\/media?parent=121533"}],"wp:term":[{"taxonomy":"category","embeddable":true,"href":"https:\/\/www.europesays.com\/es\/wp-json\/wp\/v2\/categories?post=121533"},{"taxonomy":"post_tag","embeddable":true,"href":"https:\/\/www.europesays.com\/es\/wp-json\/wp\/v2\/tags?post=121533"}],"curies":[{"name":"wp","href":"https:\/\/api.w.org\/{rel}","templated":true}]}}