{"id":121537,"date":"2025-09-17T20:05:12","date_gmt":"2025-09-17T20:05:12","guid":{"rendered":"https:\/\/www.europesays.com\/es\/121537\/"},"modified":"2025-09-17T20:05:12","modified_gmt":"2025-09-17T20:05:12","slug":"retiran-de-una-charla-al-firmante-de-los-protocolos-para-las-residencias-de-madrid-tras-las-quejas-de-una-asociacion-de-victimas-noticias-de-madrid","status":"publish","type":"post","link":"https:\/\/www.europesays.com\/es\/121537\/","title":{"rendered":"Retiran de una charla al firmante de los protocolos para las residencias de Madrid tras las quejas de una asociaci\u00f3n de v\u00edctimas | Noticias de Madrid"},"content":{"rendered":"<p class=\"\">Un ex alto cargo del Gobierno de Isabel D\u00edaz Ayuso investigado en el \u2018caso residencias\u2019, Carlos Mur, se ha ca\u00eddo este mi\u00e9rcoles del cartel de dos conferencias en el Colegio de M\u00e9dicos de Madrid, despu\u00e9s de las quejas de una asociaci\u00f3n de familiares de fallecidos, seg\u00fan ha sabido EL PA\u00cdS. Horas antes, la asociaci\u00f3n 7.291 Verdad y Justicia, hab\u00eda denunciado en un comunicado la inclusi\u00f3n de Mur en esos eventos que iban a celebrarse el 22 y 23 de noviembre en el <a href=\"https:\/\/elpais.com\/noticias\/icomem-colegio-medicos-madrid\/\" target=\"_self\" rel=\"nofollow noopener\" title=\"https:\/\/elpais.com\/noticias\/icomem-colegio-medicos-madrid\/\">Colegio de M\u00e9dicos de Madrid<\/a> (Icomem). <\/p>\n<p class=\"\">Mur <a href=\"https:\/\/elpais.com\/espana\/madrid\/2025-05-23\/un-juzgado-imputa-por-primera-vez-a-dos-altos-cargos-de-ayuso-autores-del-protocolo-de-triaje-en-las-residencias-de-madrid.html\" target=\"_self\" rel=\"nofollow noopener\" title=\"https:\/\/elpais.com\/espana\/madrid\/2025-05-23\/un-juzgado-imputa-por-primera-vez-a-dos-altos-cargos-de-ayuso-autores-del-protocolo-de-triaje-en-las-residencias-de-madrid.html\">est\u00e1 imputado<\/a> en varios procedimientos abiertos en juzgados de la regi\u00f3n de Madrid que investigan el sistema que instaur\u00f3 la Comunidad de Madrid en marzo de 2020 por el cual <a href=\"https:\/\/elpais.com\/especiales\/2021\/covid-19-en-las-residencias-de-ancianos\/\" target=\"_self\" rel=\"nofollow noopener\" title=\"https:\/\/elpais.com\/especiales\/2021\/covid-19-en-las-residencias-de-ancianos\/\">los hospitales rechazaron a miles de personas enfermas<\/a> que viv\u00edan en las residencias de mayores. En aquella \u00e9poca Mur era el director de coordinaci\u00f3n sociosanitaria de la Consejer\u00eda de Sanidad y firm\u00f3 cuatro protocolos de triaje destinados a los hospitales y residencias. <\/p>\n<p class=\"\">Mur fue destituido en mayo de aquel a\u00f1o, antes de que comenzara la investigaci\u00f3n judicial, y hasta principios de este a\u00f1o ejerci\u00f3 como responsable del servicio de salud mental del Principado de Andorra. Es psiquiatra y sus charlas en el Colegio de M\u00e9dicos iban a versar sobre psicof\u00e1rmacos. <\/p>\n<p class=\"\">Una portavoz de la Fundaci\u00f3n Psiformaci\u00f3n, que organizaba las charlas y se dedica a impartir cursos de formaci\u00f3n sobre salud mental, ha respondido a EL PA\u00cdS que Mur ha sido retirado del cartel, sin dar m\u00e1s explicaciones. El Colegio de M\u00e9dicos no respondi\u00f3 a sucesivos intentos de comunicaci\u00f3n por parte de este diario.<\/p>\n<p class=\"\">La asociaci\u00f3n de familiares hab\u00eda mostrado su indignaci\u00f3n al conocer que Mur regresaba a Madrid como ponente. \u201cEsto es dolor sobre dolor\u201d, se lamenta Mar\u00eda Jes\u00fas Valero, presidenta de la asociaci\u00f3n 7.291 Verdad y Justicia. \u201cNo s\u00e9 lo que pretenden\u201d.<\/p>\n<p class=\"\">La noticia de que el ex alto cargo participar\u00eda en dos jornadas fue adelantada este martes por La Sexta. En las dos conferencias, Mur iba a intervenir como doctor en psiquiatr\u00eda para hablar sobre el tema \u201cEl papel de la psicofarmacolog\u00eda en la conexi\u00f3n mente-cuerpo\u201d. La charla iba a estar moderada por la tambi\u00e9n psiquiatra Mar\u00eda In\u00e9s L\u00f3pez-Ibor Alcocer, ex viceconsejera de Ordenaci\u00f3n Sanitaria, Salud P\u00fablica y Consumo de la Comunidad de Madrid durante el gobierno de Esperanza Aguirre. Mur, de hecho, aparece como miembro del patronato en la web de la Fundaci\u00f3n Psinformaci\u00f3n.<\/p>\n<p class=\"\">\u201cNos parece deleznable el trato, no solo de la Comunidad de Madrid, sino tambi\u00e9n del Colegio de M\u00e9dicos, que nos extra\u00f1a que no supiera de su implicaci\u00f3n en las muertes de las residencias\u201d, comenta Valero. <\/p>\n<p class=\"\">El Colegio de M\u00e9dicos no es el organizador de las charlas, sino que solo es el anfitri\u00f3n, ya que suele alquilar varias de las salas de sus sedes para este tipo de eventos. Sin embargo, el doctor Jos\u00e9 Mor\u00e1n, ex miembro de la Junta Directiva del Icomem, asegura que es \u201cuna torpeza y una imprudencia\u201d que el Colegio no haya tenido filtros a la hora de programar una charla con una persona tan controversial.<\/p>\n<p class=\"\">El Icomem atraviesa desde enero de este a\u00f1o un per\u00edodo de turbulencias, <a href=\"https:\/\/elpais.com\/espana\/madrid\/2025-04-08\/un-juzgado-investiga-a-la-comision-de-recursos-que-anulo-la-candidatura-del-presidente-electo-del-colegio-de-medicos-de-madrid.html\" target=\"_self\" rel=\"nofollow noopener\" title=\"https:\/\/elpais.com\/espana\/madrid\/2025-04-08\/un-juzgado-investiga-a-la-comision-de-recursos-que-anulo-la-candidatura-del-presidente-electo-del-colegio-de-medicos-de-madrid.html\">tras la cancelaci\u00f3n judicial de la candidatura del presidente reci\u00e9n electo en diciembre<\/a>, por supuestos incumplimientos de las condiciones para ostentar el cargo. La Junta Directiva saliente y perdedora se encuentra en funciones y el presidente electo lucha en los tribunales para acceder al cargo. <\/p>\n<p class=\"\">Mor\u00e1n dice que con este panorama no parece muy prudente avivar pol\u00e9micas con la presencia en su sede de un ex alto cargo del Gobierno regional imputado por la muerte de miles de personas mayores.<\/p>\n<p class=\"\">La Consejer\u00eda de Sanidad de Madrid se ha desmarcado de la decisi\u00f3n. Un portavoz de la consejera F\u00e1tima Matute asegura que la Comunidad \u201cni auspicia, patrocina, ni organiza absolutamente nada\u201d, de lo relacionado con estas conferencias, que no son \u00e1mbito del Sermas. Se\u00f1alan que en principio pudo haber una confusi\u00f3n porque en el anuncio de las charlas de Mur el equipo organizador utiliz\u00f3 el logo de dos hospitales pertenecientes al Sermas, que finalmente han sido retirados a petici\u00f3n de la Consejer\u00eda.<\/p>\n<p class=\"\">Los familiares de las v\u00edctimas hab\u00edan anunciado una concentraci\u00f3n a las puertas del Icomem. \u201cNo es un antojo\u201d, se\u00f1ala Valero, \u201ctenemos razones para no aceptar m\u00e1s pisotones\u201d. <\/p>\n","protected":false},"excerpt":{"rendered":"Un ex alto cargo del Gobierno de Isabel D\u00edaz Ayuso investigado en el \u2018caso residencias\u2019, Carlos Mur, se&hellip;\n","protected":false},"author":2,"featured_media":121538,"comment_status":"","ping_status":"","sticky":false,"template":"","format":"standard","meta":{"footnotes":""},"categories":[8],"tags":[17,18,40034,1467,40033,9786,25,24,13,14,11,6138,40032,3515,2128,2158,735,19,20,205,9,10,15,16,5695,40031,1811,23,12,21,22],"class_list":{"0":"post-121537","1":"post","2":"type-post","3":"status-publish","4":"format-standard","5":"has-post-thumbnail","7":"category-espana","8":"tag-breaking-news","9":"tag-breakingnews","10":"tag-carlos-mur-de-viu","11":"tag-comunidad-de-madrid","12":"tag-conferencias","13":"tag-coronavirus-covid-19","14":"tag-es","15":"tag-espana","16":"tag-featured-news","17":"tag-featurednews","18":"tag-headlines","19":"tag-hospitales","20":"tag-icomem","21":"tag-isabel-diaz-ayuso","22":"tag-juicios","23":"tag-justicia","24":"tag-juzgados","25":"tag-latest-news","26":"tag-latestnews","27":"tag-madrid","28":"tag-news","29":"tag-noticias","30":"tag-noticias-destacadas","31":"tag-noticiasdestacadas","32":"tag-pandemia","33":"tag-residencias-ancianos","34":"tag-sanidad","35":"tag-spain","36":"tag-titulares","37":"tag-ultimas-noticias","38":"tag-ultimasnoticias"},"share_on_mastodon":{"url":"","error":""},"_links":{"self":[{"href":"https:\/\/www.europesays.com\/es\/wp-json\/wp\/v2\/posts\/121537","targetHints":{"allow":["GET"]}}],"collection":[{"href":"https:\/\/www.europesays.com\/es\/wp-json\/wp\/v2\/posts"}],"about":[{"href":"https:\/\/www.europesays.com\/es\/wp-json\/wp\/v2\/types\/post"}],"author":[{"embeddable":true,"href":"https:\/\/www.europesays.com\/es\/wp-json\/wp\/v2\/users\/2"}],"replies":[{"embeddable":true,"href":"https:\/\/www.europesays.com\/es\/wp-json\/wp\/v2\/comments?post=121537"}],"version-history":[{"count":0,"href":"https:\/\/www.europesays.com\/es\/wp-json\/wp\/v2\/posts\/121537\/revisions"}],"wp:featuredmedia":[{"embeddable":true,"href":"https:\/\/www.europesays.com\/es\/wp-json\/wp\/v2\/media\/121538"}],"wp:attachment":[{"href":"https:\/\/www.europesays.com\/es\/wp-json\/wp\/v2\/media?parent=121537"}],"wp:term":[{"taxonomy":"category","embeddable":true,"href":"https:\/\/www.europesays.com\/es\/wp-json\/wp\/v2\/categories?post=121537"},{"taxonomy":"post_tag","embeddable":true,"href":"https:\/\/www.europesays.com\/es\/wp-json\/wp\/v2\/tags?post=121537"}],"curies":[{"name":"wp","href":"https:\/\/api.w.org\/{rel}","templated":true}]}}