{"id":121542,"date":"2025-09-17T20:08:09","date_gmt":"2025-09-17T20:08:09","guid":{"rendered":"https:\/\/www.europesays.com\/es\/121542\/"},"modified":"2025-09-17T20:08:09","modified_gmt":"2025-09-17T20:08:09","slug":"el-club-cocherito-concede-a-gonzalo-i-bienvenida-el-premio-destenido-a-la-mejor-cronica-taurina-y-a-emilio-mendez-el-premio-cecilio-a-la-mejor-fotografia-de-las-co","status":"publish","type":"post","link":"https:\/\/www.europesays.com\/es\/121542\/","title":{"rendered":"El Club Cocherito concede a Gonzalo I. Bienvenida el \u201cPremio Deste\u00f1ido\u201c a la mejor cr\u00f3nica taurina y a Emilio M\u00e9ndez el \u201cPremio Cecilio\u201d a la mejor fotograf\u00eda de las Corridas Generales de Bilbao \u2013 suertematador.com"},"content":{"rendered":"<p>17 de septiembre de 2025\/Suertematador.com<\/p>\n<p>El Club Cocherito ha concedido los premios Deste\u00f1ido y Cecilio a la mejor cr\u00f3nica taurina y a la mejor fotograf\u00eda publicadas en prensa durante las pasadas Corridas Generales de Bilbao, respectivamente, a Gonzalo I. Bienvenida, del diario El Mundo, y a Emilio M\u00e9ndez, del peri\u00f3dico ABC. El fallo de los jurados se ha hecho p\u00fablico en el transcurso del coloquio celebrado hoy en la Sociedad Bilbaina.<\/p>\n<p>De acuerdo con lo se\u00f1alado por el jurado del premio Deste\u00f1ido, la cr\u00f3nica de Gonzalo I. Bienvenida publicada el d\u00eda 23 de agosto en las p\u00e1ginas de El Mundo ha sabido transmitir de manera vehemente la reivindicaci\u00f3n en Bilbao de la figura inmensa de Diego Urdiales. El t\u00edtulo de su cr\u00f3nica (\u201cUna faena antol\u00f3gica como revancha\u201d), nos acerca a un torero que, habiendo ofrecido grandes tardes en Bilbao, entra por la v\u00eda de la sustituci\u00f3n de Morante de la Puebla al abono bilba\u00edno, y lo hace para reclamar que es un matador de culto, m\u00e1s all\u00e1 del circuito y de sus modas y fiel a un estilo donde prima la pureza.<\/p>\n<p>Por su parte, el jurado del premio Cecilio destaca que la fotograf\u00eda tomada por el mexicano Emilio M\u00e9ndez, y publicada en ABC el 23 de agosto, plasma la perfecci\u00f3n con la que Diego Urdiales ejecut\u00f3 el toreo al natural en el coso de Vista Alegre, con ese toro Guapet\u00f3n, de Garcigrande, girando la cabeza para seguir con fijeza los vuelos desplegados de la muleta alrededor de la verticalidad de la figura del torero, en un movimiento del que da fe la horizontalidad de la banderilla, y que constituye una inmejorable imagen del que merecidamente se considera el rey de los lances de muleta.<\/p>\n<p>114 a\u00f1os de vinculaci\u00f3n a Bilbao y a la fiesta de los toros<\/p>\n<p>Los premios Deste\u00f1ido y Cecilio a la mejor cr\u00f3nica y a la mejor fotograf\u00eda de las Corridas Generales de 2025 forman parte del programa de actividades que desarrolla el Club Cocherito de Bilbao en su condici\u00f3n de agente activo en la organizaci\u00f3n de iniciativas vinculadas con promoci\u00f3n de la cultura taurina.<\/p>\n<p>Decano de clubes taurinos, fue fundado en 1910 en honor al diestro C\u00e1stor Jaureguibeitia Ibarra (Cocherito de Bilbao). Desde sus or\u00edgenes, ha estado implicado en la vida de la ciudad y mantiene un compromiso firme con los principios y valores que le caracterizan, entre los que destacan la promoci\u00f3n de la tauromaquia, la amistad, la generosidad y la solidaridad. Est\u00e1 declarado entidad de inter\u00e9s p\u00fablico por el Gobierno Vasco y ha sido distinguido por el Ayuntamiento de Bilbao con la medalla de oro de la Villa. Asimismo, el Club Cocherito de Bilbao es titular del premio con el que la Asociaci\u00f3n Taurina Parlamentaria reconoce la labor y servicio que presta en la difusi\u00f3n de la fiesta de los toros y las actividades culturales que promueve.<\/p>\n<p>Durante el presente a\u00f1o, el Club Cocherito celebra el centenario de la inauguraci\u00f3n de su actual sede social, sita en el n\u00famero 2 de la Calle Nueva, unas instalaciones que el Athletic Club ocup\u00f3 con anterioridad.<\/p>\n<p><img decoding=\"async\" loading=\"lazy\" class=\"size-full wp-image-99059 aligncenter\" src=\"https:\/\/www.europesays.com\/es\/wp-content\/uploads\/2025\/09\/croniicagbienvenida.jpg\" alt=\"\" width=\"1000\" height=\"763\"  \/><\/p>\n<p style=\"text-align: center;\"><img decoding=\"async\" loading=\"lazy\" class=\"alignnone size-full wp-image-99060\" src=\"https:\/\/www.europesays.com\/es\/wp-content\/uploads\/2025\/09\/fotoabc.jpg\" alt=\"\" width=\"1000\" height=\"1318\"  \/><\/p>\n<p>\u00a0<\/p>\n","protected":false},"excerpt":{"rendered":"17 de septiembre de 2025\/Suertematador.com El Club Cocherito ha concedido los premios Deste\u00f1ido y Cecilio a la mejor&hellip;\n","protected":false},"author":2,"featured_media":121543,"comment_status":"","ping_status":"","sticky":false,"template":"","format":"standard","meta":{"footnotes":""},"categories":[277],"tags":[373,168,25,24,23,167,374],"class_list":{"0":"post-121542","1":"post","2":"type-post","3":"status-publish","4":"format-standard","5":"has-post-thumbnail","7":"category-toreo","8":"tag-bullfighting","9":"tag-deportes","10":"tag-es","11":"tag-espana","12":"tag-spain","13":"tag-sports","14":"tag-toreo"},"share_on_mastodon":{"url":"","error":""},"_links":{"self":[{"href":"https:\/\/www.europesays.com\/es\/wp-json\/wp\/v2\/posts\/121542","targetHints":{"allow":["GET"]}}],"collection":[{"href":"https:\/\/www.europesays.com\/es\/wp-json\/wp\/v2\/posts"}],"about":[{"href":"https:\/\/www.europesays.com\/es\/wp-json\/wp\/v2\/types\/post"}],"author":[{"embeddable":true,"href":"https:\/\/www.europesays.com\/es\/wp-json\/wp\/v2\/users\/2"}],"replies":[{"embeddable":true,"href":"https:\/\/www.europesays.com\/es\/wp-json\/wp\/v2\/comments?post=121542"}],"version-history":[{"count":0,"href":"https:\/\/www.europesays.com\/es\/wp-json\/wp\/v2\/posts\/121542\/revisions"}],"wp:featuredmedia":[{"embeddable":true,"href":"https:\/\/www.europesays.com\/es\/wp-json\/wp\/v2\/media\/121543"}],"wp:attachment":[{"href":"https:\/\/www.europesays.com\/es\/wp-json\/wp\/v2\/media?parent=121542"}],"wp:term":[{"taxonomy":"category","embeddable":true,"href":"https:\/\/www.europesays.com\/es\/wp-json\/wp\/v2\/categories?post=121542"},{"taxonomy":"post_tag","embeddable":true,"href":"https:\/\/www.europesays.com\/es\/wp-json\/wp\/v2\/tags?post=121542"}],"curies":[{"name":"wp","href":"https:\/\/api.w.org\/{rel}","templated":true}]}}