{"id":121544,"date":"2025-09-17T20:09:07","date_gmt":"2025-09-17T20:09:07","guid":{"rendered":"https:\/\/www.europesays.com\/es\/121544\/"},"modified":"2025-09-17T20:09:07","modified_gmt":"2025-09-17T20:09:07","slug":"rendon-me-prepare-como-nunca-para-esta-pelea","status":"publish","type":"post","link":"https:\/\/www.europesays.com\/es\/121544\/","title":{"rendered":"Rend\u00f3n: Me Prepar\u00e9 Como Nunca Para Esta Pelea"},"content":{"rendered":"<p dir=\"ltr\"><a href=\"https:\/\/www.ufcespanol.com\/news\/dwcs-hecher-sosa-gana-contrato\" rel=\"nofollow noopener\" target=\"_blank\"><strong>&gt;&gt;DWCS: HECHER SOSA GANA CONTRATO<\/strong><\/a><\/p>\n<p dir=\"ltr\"><strong>\u201cTengo armas para dar pelea a las mejores de la divisi\u00f3n\u201d.<\/strong><\/p>\n<p dir=\"ltr\">Si bien la brasile\u00f1a Alice Pereira subi\u00f3 al oct\u00e1gono por primera vez en Noche UFC, el triunfo deja a Montserrat en una buena posici\u00f3n de cara al ingreso al ranking de la divisi\u00f3n de peso gallo femenil en primer lugar por los dos brazos en alto que acumula en tres presentaciones en la empresa.<\/p>\n<p dir=\"ltr\">En segundo lugar, por el acertijo estil\u00edstico que plantea. Como experta en juego de suelo, la mexicana intenta cortar distancia y llevar el duelo al terreno del grappling, aunque su striking luce suelto y evoluciona con cada presentaci\u00f3n, lo cual suma una nueva herramienta y una preocupaci\u00f3n extra a sus oponentes, que no pueden centrarse s\u00f3lo en sus agarres.<\/p>\n","protected":false},"excerpt":{"rendered":"&gt;&gt;DWCS: HECHER SOSA GANA CONTRATO \u201cTengo armas para dar pelea a las mejores de la divisi\u00f3n\u201d. Si bien&hellip;\n","protected":false},"author":2,"featured_media":121545,"comment_status":"","ping_status":"","sticky":false,"template":"","format":"standard","meta":{"footnotes":""},"categories":[276],"tags":[168,25,24,23,167,343],"class_list":{"0":"post-121544","1":"post","2":"type-post","3":"status-publish","4":"format-standard","5":"has-post-thumbnail","7":"category-ufc","8":"tag-deportes","9":"tag-es","10":"tag-espana","11":"tag-spain","12":"tag-sports","13":"tag-ufc"},"share_on_mastodon":{"url":"","error":""},"_links":{"self":[{"href":"https:\/\/www.europesays.com\/es\/wp-json\/wp\/v2\/posts\/121544","targetHints":{"allow":["GET"]}}],"collection":[{"href":"https:\/\/www.europesays.com\/es\/wp-json\/wp\/v2\/posts"}],"about":[{"href":"https:\/\/www.europesays.com\/es\/wp-json\/wp\/v2\/types\/post"}],"author":[{"embeddable":true,"href":"https:\/\/www.europesays.com\/es\/wp-json\/wp\/v2\/users\/2"}],"replies":[{"embeddable":true,"href":"https:\/\/www.europesays.com\/es\/wp-json\/wp\/v2\/comments?post=121544"}],"version-history":[{"count":0,"href":"https:\/\/www.europesays.com\/es\/wp-json\/wp\/v2\/posts\/121544\/revisions"}],"wp:featuredmedia":[{"embeddable":true,"href":"https:\/\/www.europesays.com\/es\/wp-json\/wp\/v2\/media\/121545"}],"wp:attachment":[{"href":"https:\/\/www.europesays.com\/es\/wp-json\/wp\/v2\/media?parent=121544"}],"wp:term":[{"taxonomy":"category","embeddable":true,"href":"https:\/\/www.europesays.com\/es\/wp-json\/wp\/v2\/categories?post=121544"},{"taxonomy":"post_tag","embeddable":true,"href":"https:\/\/www.europesays.com\/es\/wp-json\/wp\/v2\/tags?post=121544"}],"curies":[{"name":"wp","href":"https:\/\/api.w.org\/{rel}","templated":true}]}}