{"id":121548,"date":"2025-09-17T20:13:13","date_gmt":"2025-09-17T20:13:13","guid":{"rendered":"https:\/\/www.europesays.com\/es\/121548\/"},"modified":"2025-09-17T20:13:13","modified_gmt":"2025-09-17T20:13:13","slug":"las-claves-en-las-que-alpine-se-apoya-para-que-colapinto-y-gasly-corran-un-buen-gp-de-azerbaiyan-en-la-formula-1-ole","status":"publish","type":"post","link":"https:\/\/www.europesays.com\/es\/121548\/","title":{"rendered":"Las claves en las que Alpine se apoya para que Colapinto y Gasly corran un buen GP de Azerbaiy\u00e1n en la F\u00f3rmula 1 :: Ol\u00e9"},"content":{"rendered":"<p>17\/09\/2025 15:50hs.<\/p>\n<p>Se viene la 17\u00aa fecha de la <strong><a href=\"https:\/\/www.ole.com.ar\/tema\/formula-1.html\" title=\"F\u00f3rmula 1\" alt=\"F\u00f3rmula 1\" class=\"slug\" rel=\"nofollow noopener\" target=\"_blank\">F\u00f3rmula 1<\/a><\/strong>, el <strong><a href=\"https:\/\/www.ole.com.ar\/autos\/franco-colapinto-baku-dias-horarios-ver-gp-azerbaiyan-f1_0_pjCMi8t78a.html\" target=\"_self\" title=\"GP de Azerbaiy\u00e1n, en el circuito de Bak\u00fa\" alt=\"GP de Azerbaiy\u00e1n, en el circuito de Bak\u00fa\" rel=\"nofollow noopener\">GP de Azerbaiy\u00e1n, en el circuito de Bak\u00fa<\/a><\/strong>, adonde <strong>Alpine <\/strong>llega \u00faltimo en el campeonato de Constructores y 14\u00b0 en el de Pilotos, con los mismos 20 puntos de <strong>Pierre Gasly<\/strong>; <strong><a href=\"https:\/\/www.ole.com.ar\/tema\/franco-colapinto.html\" title=\"Franco Colapinto\" alt=\"Franco Colapinto\" class=\"slug\" rel=\"nofollow noopener\" target=\"_blank\">Franco Colapinto<\/a><\/strong> no sum\u00f3 en las 10 carreras que corri\u00f3.<\/p>\n<p>Desde el equipo entienden que no es posible lograr mejoras contundentes para que el auto gane en ritmo y velocidad, <strong>por lo cual la mira apunta m\u00e1s al 2026 con el motor Mercedes<\/strong>, que reemplazar\u00e1 al Renault. Sin embargo, la escuder\u00eda se aferra a lo que pueda para tratar de sumar alguna unidad. <\/p>\n<p><img alt=\"Franco Colapinto y Pierre Gasly.\" loading=\"lazy\" width=\"720\" height=\"100\" decoding=\"async\" data-nimg=\"1\" style=\"color:transparent\" src=\"https:\/\/www.europesays.com\/es\/wp-content\/uploads\/2025\/09\/e8N6elikw_720x0__1.jpg\"\/>Franco Colapinto y Pierre Gasly.<\/p>\n<p>En Azerbaiy\u00e1n, con la recta m\u00e1s larga de los 24 trazados que componen el torneo, se complica, aunque al ser un callejero entubado entre muros en algunas partes <strong>se puede esperar una carrera intrincada que ayude<\/strong>.<\/p>\n<p>Las claves en las que se apoya Alpine para tener una buena carrera en Azerbaiy\u00e1n <\/p>\n<p>Seg\u00fan explica el equipo, Gasly y Colapinto estaban deseando volver a un circuito donde ambos han cosechado buenos resultados en el pasado. <strong>Pierre subi\u00f3 al podio en 2021<\/strong>, mientras que <strong>Franco debut\u00f3 puntuando en la F\u00f3rmula 1 en la carrera del a\u00f1o pasado<\/strong>. <\/p>\n<p>El franc\u00e9s, que subi\u00f3 a cinco podios en la F1, destac\u00e1ndose la victoria de 2021 en Monza, <strong>fue tercero hace cuatro a\u00f1os en Bak\u00fa<\/strong>, en un fin de semana en el que arranc\u00f3 bien pero necesit\u00f3 de la fortuna para terminar en el Top 3. <\/p>\n<p><img alt=\"As\u00ed ve Colapinto su auto desde adentro.\" loading=\"lazy\" width=\"720\" height=\"100\" decoding=\"async\" data-nimg=\"1\" style=\"color:transparent\" src=\"https:\/\/www.europesays.com\/es\/wp-content\/uploads\/2025\/09\/lRn1cKcC0_720x0__1.jpg\"\/>As\u00ed ve Colapinto su auto desde adentro.<\/p>\n<p>Gasly, con el Alpha Tauri (empez\u00f3 ese a\u00f1o en Red Bull pero lo bajaron en mitad de temporada), hab\u00eda sido 1\u00b0 en el tercer ensayo y 4\u00b0 en la qualy. En carrera, lideraba Max Verstappen hasta que, a falta de cinco giros, se peg\u00f3 tras una rotura de neum\u00e1tico. Por eso hubo bandera roja y largada detenida con solo dos vueltas por desarrollar. En la reanudaci\u00f3n, el que se pas\u00f3 fue Lewis Hamilton, que iba segundo. Al cabo, gan\u00f3 Checo P\u00e9rez (Red Bull), seguido de Sebastian Vettel (Aston Martin), y <strong>Gasly, quien pudo aguantar a la Ferrari de Charles Leclerc<\/strong>.<\/p>\n<p>Respecto del argentino, tras un debut 12\u00b0 en Monza, tambi\u00e9n avis\u00f3 que ten\u00eda mu\u00f1eca y auto (Williams) para pelear. Pese a que se peg\u00f3 en la FP1 (a la entrada de la curva 4), en la FP2 fue 13\u00b0 y en la FP3, 9\u00b0. Ya en la qualy, <strong>la rompi\u00f3 meti\u00e9ndose en la \u00faltima instancia, la Q3, para largar 9\u00b0<\/strong>. En la carrera, siempre estuvo peleando el Top 10, hasta que pas\u00f3 a Nico Hulkenberg y se benefici\u00f3 por el choque de Leclerc y P\u00e9rez <strong>para quedar 8\u00b0, banc\u00e1ndose a Hamilton. <\/strong><\/p>\n<p><img alt=\"Colapinto, cerca de la pared, el a\u00f1o pasado en Bak\u00fa.\" loading=\"lazy\" width=\"720\" height=\"100\" decoding=\"async\" data-nimg=\"1\" style=\"color:transparent\" src=\"https:\/\/www.europesays.com\/es\/wp-content\/uploads\/2025\/09\/jzF-XT_TF_720x0__1.jpg\"\/>Colapinto, cerca de la pared, el a\u00f1o pasado en Bak\u00fa.<\/p>\n<p>Fue hist\u00f3rico, porque no solo en su segunda carrera en la M\u00e1xima se met\u00eda en los puntos, sino que cortaba na racha de 42 a\u00f1os sin que un piloto argentino sumara. <\/p>\n<p>Le ruegan al circuito para que ayude<\/p>\n<p>El trazado incluye la \u00abSecci\u00f3n del Castillo\u00bb, que permite a los pilotos serpentear junto a la Ciudad Amurallada de Bak\u00fa, declarada Patrimonio de la Humanidad por la UNESCO. <strong>La parte m\u00e1s estrecha del circuito mide tan solo 7,6 metros.<\/strong> La vuelta finaliza con una recta a fondo de 2 km, la m\u00e1s larga del calendario. Esta variedad contribuy\u00f3 a que <strong>las carreras sean muy emocionantes e impredecibles en los \u00faltimos a\u00f1os<\/strong>.<\/p>\n<p>Por eso, en Alpine piensan en una estrategia de neum\u00e1ticos teniendo en cuenta la posibilidad de que entre el auto de seguridad (<strong>57% de chances o 29% para el safety car virtual<\/strong>) o incluso exista alguna bandera roja porque alg\u00fan accidente genere que tengan que retirar alg\u00fan auto mal colocado en gr\u00faa. De hecho,<strong> Colapinto apunt\u00f3 a esta posibilidad<\/strong>: \u00abEste fin de semana, el objetivo ser\u00e1 estar en posici\u00f3n de aprovechar las oportunidades que seguramente se presentar\u00e1n en un trazado tan complicado. Sabemos que no ser\u00e1 sencillo, pero haremos nuestro mejor esfuerzo para maximizar nuestros resultados y comenzar la recta final de la temporada de la mejor manera posible\u00bb.<\/p>\n<p><a href=\"https:\/\/www.ole.com.ar\/autos\/franco-colapinto-baku-dias-horarios-ver-gp-azerbaiyan-f1_0_pjCMi8t78a.html\" aria-label=\"Franco Colapinto en Bak\u00fa: d\u00edas, horarios y por d\u00f3nde ver el GP de Azerbaiy\u00e1n de F1\" class=\"sc-198398ff-0 dGmAry\" rel=\"nofollow noopener\" target=\"_blank\"><img alt=\"Franco Colapinto en Bak\u00fa: d\u00edas, horarios y por d\u00f3nde ver el GP de Azerbaiy\u00e1n de F1\" loading=\"lazy\" width=\"290\" height=\"290\" decoding=\"async\" data-nimg=\"1\" style=\"color:transparent\" src=\"https:\/\/www.europesays.com\/es\/wp-content\/uploads\/2025\/09\/Ys2dkdBaE_290x290__1.jpg\"\/><\/p>\n<p>Mir\u00e1 tambi\u00e9nFranco Colapinto en Bak\u00fa: d\u00edas, horarios y por d\u00f3nde ver el GP de Azerbaiy\u00e1n de F1<\/p>\n<p><a href=\"https:\/\/www.ole.com.ar\/autos\/flavio-briatore-dijo-autocritica-alpine-temporada-2026-formula-1-f1_0_80wWvEh379.html\" aria-label=\"La autocr\u00edtica de Flavio Briatore por el mal a\u00f1o de Alpine y los planes de cara al 2026\" class=\"sc-198398ff-0 dGmAry\" rel=\"nofollow noopener\" target=\"_blank\"><img alt=\"La autocr\u00edtica de Flavio Briatore por el mal a\u00f1o de Alpine y los planes de cara al 2026\" loading=\"lazy\" width=\"290\" height=\"290\" decoding=\"async\" data-nimg=\"1\" style=\"color:transparent\" src=\"https:\/\/www.europesays.com\/es\/wp-content\/uploads\/2025\/09\/raPCfdyO8_290x290__1.jpg\"\/><\/p>\n<p>Mir\u00e1 tambi\u00e9nLa autocr\u00edtica de Flavio Briatore por el mal a\u00f1o de Alpine y los planes de cara al 2026<\/p>\n<p><a href=\"https:\/\/www.ole.com.ar\/autos\/clave-franco-colapinto-pierre-gasly-gp-azerbaiyan-baku-f1_0_KCz0X2DoNi.html\" aria-label=\"Franco Colapinto y Pierre Gasly dieron la clave para tener un buen GP de Azerbaiy\u00e1n\" class=\"sc-198398ff-0 dGmAry\" rel=\"nofollow noopener\" target=\"_blank\"><img alt=\"Franco Colapinto y Pierre Gasly dieron la clave para tener un buen GP de Azerbaiy\u00e1n\" loading=\"lazy\" width=\"290\" height=\"290\" decoding=\"async\" data-nimg=\"1\" style=\"color:transparent\" src=\"https:\/\/www.europesays.com\/es\/wp-content\/uploads\/2025\/09\/3LX2CzWHp_290x290__1.jpg\"\/><\/p>\n<p>Mir\u00e1 tambi\u00e9nFranco Colapinto y Pierre Gasly dieron la clave para tener un buen GP de Azerbaiy\u00e1n<\/p>\n","protected":false},"excerpt":{"rendered":"17\/09\/2025 15:50hs. Se viene la 17\u00aa fecha de la F\u00f3rmula 1, el GP de Azerbaiy\u00e1n, en el circuito&hellip;\n","protected":false},"author":2,"featured_media":121549,"comment_status":"","ping_status":"","sticky":false,"template":"","format":"standard","meta":{"footnotes":""},"categories":[270],"tags":[168,25,24,306,271,272,1723,23,167],"class_list":{"0":"post-121548","1":"post","2":"type-post","3":"status-publish","4":"format-standard","5":"has-post-thumbnail","7":"category-formula-1","8":"tag-deportes","9":"tag-es","10":"tag-espana","11":"tag-f1","12":"tag-formula-1","13":"tag-formula1","14":"tag-franco-colapinto","15":"tag-spain","16":"tag-sports"},"share_on_mastodon":{"url":"","error":""},"_links":{"self":[{"href":"https:\/\/www.europesays.com\/es\/wp-json\/wp\/v2\/posts\/121548","targetHints":{"allow":["GET"]}}],"collection":[{"href":"https:\/\/www.europesays.com\/es\/wp-json\/wp\/v2\/posts"}],"about":[{"href":"https:\/\/www.europesays.com\/es\/wp-json\/wp\/v2\/types\/post"}],"author":[{"embeddable":true,"href":"https:\/\/www.europesays.com\/es\/wp-json\/wp\/v2\/users\/2"}],"replies":[{"embeddable":true,"href":"https:\/\/www.europesays.com\/es\/wp-json\/wp\/v2\/comments?post=121548"}],"version-history":[{"count":0,"href":"https:\/\/www.europesays.com\/es\/wp-json\/wp\/v2\/posts\/121548\/revisions"}],"wp:featuredmedia":[{"embeddable":true,"href":"https:\/\/www.europesays.com\/es\/wp-json\/wp\/v2\/media\/121549"}],"wp:attachment":[{"href":"https:\/\/www.europesays.com\/es\/wp-json\/wp\/v2\/media?parent=121548"}],"wp:term":[{"taxonomy":"category","embeddable":true,"href":"https:\/\/www.europesays.com\/es\/wp-json\/wp\/v2\/categories?post=121548"},{"taxonomy":"post_tag","embeddable":true,"href":"https:\/\/www.europesays.com\/es\/wp-json\/wp\/v2\/tags?post=121548"}],"curies":[{"name":"wp","href":"https:\/\/api.w.org\/{rel}","templated":true}]}}